{"id":216472,"date":"2023-03-05T17:52:29","date_gmt":"2023-03-05T23:52:29","guid":{"rendered":"http:\/\/vertienteglobal.com\/?p=216472"},"modified":"2023-03-06T03:50:34","modified_gmt":"2023-03-06T09:50:34","slug":"ingreso-irregular-de-migrantes-a-mexico-aumento-54-6-en-enero-inm","status":"publish","type":"post","link":"http:\/\/vertienteglobal.com\/?p=216472","title":{"rendered":"Ingreso irregular de migrantes a M\u00e9xico aument\u00f3 54.6 % en enero: INM"},"content":{"rendered":"\n<div class=\"twitterbutton\" style=\"float: right; padding-left: 5px;\"><a href=\"http:\/\/twitter.com\/share\" class=\"twitter-share-button\" data-count=\"horizontal\" data-text=\"Ingreso irregular de migrantes a M\u00e9xico aument\u00f3 54.6 % en enero: INM\" data-via=\"https:\/\/twitter.com\/VertienteGloba1\" data-url=\"http:\/\/vertienteglobal.com\/?p=216472\" data-lang=\"es\" data-related=\"Informaci\u00f3n general:S\u00edguenos para que est\u00e9ss informado\"><\/a><\/div>\n<figure class=\"wp-block-image size-large\"><img loading=\"lazy\" decoding=\"async\" width=\"1024\" height=\"576\" src=\"http:\/\/vertienteglobal.com\/wp-content\/uploads\/2023\/03\/200427.jpg\" alt=\"\" class=\"wp-image-216473\" srcset=\"http:\/\/vertienteglobal.com\/wp-content\/uploads\/2023\/03\/200427.jpg 1024w, http:\/\/vertienteglobal.com\/wp-content\/uploads\/2023\/03\/200427-300x169.jpg 300w, http:\/\/vertienteglobal.com\/wp-content\/uploads\/2023\/03\/200427-150x84.jpg 150w, http:\/\/vertienteglobal.com\/wp-content\/uploads\/2023\/03\/200427-768x432.jpg 768w\" sizes=\"auto, (max-width: 1024px) 100vw, 1024px\" \/><\/figure>\n\n\n\n<p>(Redacci\u00f3n)<\/p>\n\n\n\n<p>El organismo detall\u00f3 que del total, 65.6 por ciento fueron presentados y 34.4 por ciento fueron canalizados por el Instituto Nacional de Migraci\u00f3n (INM). Del total registrado, 66.2 por ciento fueron hombres y 33.8 por ciento mujeres<\/p>\n\n\n\n<p>Ciudad de M\u00e9xico 05 de marzo 2023.-El Instituto Nacional de Migraci\u00f3n (INM) inform\u00f3 que en lo que va de este 2023 se tiene registro de 36 mil 147 migrantes extranjeros que han ingresado a M\u00e9xico de manera irregular.<\/p>\n\n\n\n<p>Por medio de un comunicado, el organismo detall\u00f3 que del total, 65.6 por ciento fueron presentados y 34.4 por ciento fueron canalizados por el Instituto Nacional de Migraci\u00f3n (INM). Del total registrado, 66.2 por ciento fueron hombres y 33.8 por ciento mujeres.<\/p>\n\n\n\n<p>Lo anterior representa un aumento en enero de 2023 de 54.6 por ciento de personas migrantes registradas en situaci\u00f3n irregular en M\u00e9xico.<\/p>\n\n\n\n<p>El 37.0 por ciento de las y los extranjeros en situaci\u00f3n migratoria irregular en M\u00e9xico proven\u00edan de Sudam\u00e9rica: Ecuador 16.1, por ciento (5 mil 808) y Venezuela, 14.7 por ciento (5 mil 314).<\/p>\n\n\n\n<p>Las principales entidades federativas en donde se llev\u00f3 a cabo la detecci\u00f3n de esta poblaci\u00f3n fueron Chiapas (38.4 por ciento), Coahuila (10.9 por ciento) y Tabasco (9.2 por ciento).<\/p>\n\n\n\n<p>El 55.0 por ciento de las canalizaciones (6 mil 833) correspondi\u00f3 a ni\u00f1as, ni\u00f1os o adolescentes.(Fuente: INM\/LD)<\/p>\n\n\n\n<figure class=\"wp-block-embed-twitter wp-block-embed is-type-rich is-provider-twitter\"><div class=\"wp-block-embed__wrapper\">\n<div class=\"oceanwp-oembed-wrap clr\"><blockquote class=\"twitter-tweet\" data-width=\"550\" data-dnt=\"true\"><p lang=\"es\" dir=\"ltr\"><a href=\"https:\/\/twitter.com\/hashtag\/Comunicado?src=hash&amp;ref_src=twsrc%5Etfw\">#Comunicado<\/a> \ud83d\uddde\ufe0f| Atiende <a href=\"https:\/\/twitter.com\/INAMI_mx?ref_src=twsrc%5Etfw\">@INAMI_mx<\/a> a 3.5 millones de personas extranjeras en contexto de migraci\u00f3n de 2020 a 2022. <a href=\"https:\/\/t.co\/RQLCMnTCzE\">https:\/\/t.co\/RQLCMnTCzE<\/a> <a href=\"https:\/\/t.co\/mL7XjQYD1A\">pic.twitter.com\/mL7XjQYD1A<\/a><\/p>&mdash; INM (@INAMI_mx) <a href=\"https:\/\/twitter.com\/INAMI_mx\/status\/1632460960278388738?ref_src=twsrc%5Etfw\">March 5, 2023<\/a><\/blockquote><script async src=\"https:\/\/platform.twitter.com\/widgets.js\" charset=\"utf-8\"><\/script><\/div>\n<\/div><\/figure>\n","protected":false},"excerpt":{"rendered":"<p>(Redacci\u00f3n) El organismo detall\u00f3 que del total, 65.6 por ciento fueron presentados y 34.4 por ciento fueron canalizados por el Instituto Nacional de Migraci\u00f3n (INM). Del total registrado, 66.2 por ciento fueron hombres y 33.8 por ciento mujeres Ciudad de M\u00e9xico 05 de marzo 2023.-El Instituto Nacional de Migraci\u00f3n (INM) inform\u00f3 que en lo que [&hellip;]<\/p>\n","protected":false},"author":1,"featured_media":216473,"comment_status":"open","ping_status":"open","sticky":false,"template":"","format":"standard","meta":{"footnotes":""},"categories":[8],"tags":[],"class_list":["post-216472","post","type-post","status-publish","format-standard","has-post-thumbnail","hentry","category-pais","entry","has-media"],"jetpack_featured_media_url":"http:\/\/vertienteglobal.com\/wp-content\/uploads\/2023\/03\/200427.jpg","_links":{"self":[{"href":"http:\/\/vertienteglobal.com\/index.php?rest_route=\/wp\/v2\/posts\/216472","targetHints":{"allow":["GET"]}}],"collection":[{"href":"http:\/\/vertienteglobal.com\/index.php?rest_route=\/wp\/v2\/posts"}],"about":[{"href":"http:\/\/vertienteglobal.com\/index.php?rest_route=\/wp\/v2\/types\/post"}],"author":[{"embeddable":true,"href":"http:\/\/vertienteglobal.com\/index.php?rest_route=\/wp\/v2\/users\/1"}],"replies":[{"embeddable":true,"href":"http:\/\/vertienteglobal.com\/index.php?rest_route=%2Fwp%2Fv2%2Fcomments&post=216472"}],"version-history":[{"count":0,"href":"http:\/\/vertienteglobal.com\/index.php?rest_route=\/wp\/v2\/posts\/216472\/revisions"}],"wp:featuredmedia":[{"embeddable":true,"href":"http:\/\/vertienteglobal.com\/index.php?rest_route=\/wp\/v2\/media\/216473"}],"wp:attachment":[{"href":"http:\/\/vertienteglobal.com\/index.php?rest_route=%2Fwp%2Fv2%2Fmedia&parent=216472"}],"wp:term":[{"taxonomy":"category","embeddable":true,"href":"http:\/\/vertienteglobal.com\/index.php?rest_route=%2Fwp%2Fv2%2Fcategories&post=216472"},{"taxonomy":"post_tag","embeddable":true,"href":"http:\/\/vertienteglobal.com\/index.php?rest_route=%2Fwp%2Fv2%2Ftags&post=216472"}],"curies":[{"name":"wp","href":"https:\/\/api.w.org\/{rel}","templated":true}]}}