{"id":216447,"date":"2023-03-04T20:44:00","date_gmt":"2023-03-05T02:44:00","guid":{"rendered":"http:\/\/vertienteglobal.com\/?p=216447"},"modified":"2023-03-05T04:17:56","modified_gmt":"2023-03-05T10:17:56","slug":"samuel-garcia-agradece-a-lopez-obrador-por-planta-de-tesla","status":"publish","type":"post","link":"http:\/\/vertienteglobal.com\/?p=216447","title":{"rendered":"Samuel Garc\u00eda agradece a L\u00f3pez Obrador por planta de Tesla"},"content":{"rendered":"\n<div class=\"twitterbutton\" style=\"float: right; padding-left: 5px;\"><a href=\"http:\/\/twitter.com\/share\" class=\"twitter-share-button\" data-count=\"horizontal\" data-text=\"Samuel Garc\u00eda agradece a L\u00f3pez Obrador por planta de Tesla\" data-via=\"https:\/\/twitter.com\/VertienteGloba1\" data-url=\"http:\/\/vertienteglobal.com\/?p=216447\" data-lang=\"es\" data-related=\"Informaci\u00f3n general:S\u00edguenos para que est\u00e9ss informado\"><\/a><\/div>\n<figure class=\"wp-block-image size-large\"><img loading=\"lazy\" decoding=\"async\" width=\"1024\" height=\"683\" src=\"http:\/\/vertienteglobal.com\/wp-content\/uploads\/2023\/03\/200371.jpg\" alt=\"\" class=\"wp-image-216448\" srcset=\"http:\/\/vertienteglobal.com\/wp-content\/uploads\/2023\/03\/200371.jpg 1024w, http:\/\/vertienteglobal.com\/wp-content\/uploads\/2023\/03\/200371-300x200.jpg 300w, http:\/\/vertienteglobal.com\/wp-content\/uploads\/2023\/03\/200371-150x100.jpg 150w, http:\/\/vertienteglobal.com\/wp-content\/uploads\/2023\/03\/200371-768x512.jpg 768w\" sizes=\"auto, (max-width: 1024px) 100vw, 1024px\" \/><\/figure>\n\n\n\n<p>(Redacci\u00f3n)<\/p>\n\n\n\n<p>El presidente L\u00f3pez Obrador celebr\u00f3 el comentario del gobernador con una carcajada<\/p>\n\n\n\n<p>Ciudad de M\u00e9xico 04 de marzo 2023.-El gobernador Samuel Garc\u00eda agradeci\u00f3 al presidente Andr\u00e9s Manuel L\u00f3pez Obrador por su apoyo para lograr esta inversi\u00f3n. Durante un evento en Monterrey, el mandatario neoleon\u00e9s utiliz\u00f3 un juego de palabras para expresar su gratitud: &#8216;teslaba\u00f1aste con tanto apoyo&#8217;.<\/p>\n\n\n\n<p>La frase se refiere al nombre de la empresa de Musk y a una expresi\u00f3n coloquial regia, que hace referencia a un acto de generosidad o apoyo. El presidente L\u00f3pez Obrador celebr\u00f3 el comentario del gobernador con una carcajada.<\/p>\n\n\n\n<p>Garc\u00eda hab\u00eda asegurado que el canciller Marcelo Ebrard fue quien convenci\u00f3 al presidente L\u00f3pez Obrador de que la nueva planta de Tesla se quedara en Nuevo Le\u00f3n, despu\u00e9s de que inicialmente se hab\u00eda sugerido que se construyera en las inmediaciones del Aeropuerto Internacional Felipe \u00c1ngeles (AIFA).<\/p>\n\n\n\n<p>Se espera que la gigaf\u00e1brica de Tesla en Nuevo Le\u00f3n tenga una capacidad de producci\u00f3n de hasta 500 mil veh\u00edculos el\u00e9ctricos al a\u00f1o, y generar\u00e1 unos 20,000 empleos directos y otros 80 mil indirectos. Adem\u00e1s, la inversi\u00f3n que realizar\u00e1 Tesla en la planta se estima en unos 10 mil millones de d\u00f3lares.(Fuente:Politico)<\/p>\n","protected":false},"excerpt":{"rendered":"<p>(Redacci\u00f3n) El presidente L\u00f3pez Obrador celebr\u00f3 el comentario del gobernador con una carcajada Ciudad de M\u00e9xico 04 de marzo 2023.-El gobernador Samuel Garc\u00eda agradeci\u00f3 al presidente Andr\u00e9s Manuel L\u00f3pez Obrador por su apoyo para lograr esta inversi\u00f3n. Durante un evento en Monterrey, el mandatario neoleon\u00e9s utiliz\u00f3 un juego de palabras para expresar su gratitud: &#8216;teslaba\u00f1aste [&hellip;]<\/p>\n","protected":false},"author":1,"featured_media":216448,"comment_status":"open","ping_status":"open","sticky":false,"template":"","format":"standard","meta":{"footnotes":""},"categories":[8],"tags":[],"class_list":["post-216447","post","type-post","status-publish","format-standard","has-post-thumbnail","hentry","category-pais","entry","has-media"],"jetpack_featured_media_url":"http:\/\/vertienteglobal.com\/wp-content\/uploads\/2023\/03\/200371.jpg","_links":{"self":[{"href":"http:\/\/vertienteglobal.com\/index.php?rest_route=\/wp\/v2\/posts\/216447","targetHints":{"allow":["GET"]}}],"collection":[{"href":"http:\/\/vertienteglobal.com\/index.php?rest_route=\/wp\/v2\/posts"}],"about":[{"href":"http:\/\/vertienteglobal.com\/index.php?rest_route=\/wp\/v2\/types\/post"}],"author":[{"embeddable":true,"href":"http:\/\/vertienteglobal.com\/index.php?rest_route=\/wp\/v2\/users\/1"}],"replies":[{"embeddable":true,"href":"http:\/\/vertienteglobal.com\/index.php?rest_route=%2Fwp%2Fv2%2Fcomments&post=216447"}],"version-history":[{"count":0,"href":"http:\/\/vertienteglobal.com\/index.php?rest_route=\/wp\/v2\/posts\/216447\/revisions"}],"wp:featuredmedia":[{"embeddable":true,"href":"http:\/\/vertienteglobal.com\/index.php?rest_route=\/wp\/v2\/media\/216448"}],"wp:attachment":[{"href":"http:\/\/vertienteglobal.com\/index.php?rest_route=%2Fwp%2Fv2%2Fmedia&parent=216447"}],"wp:term":[{"taxonomy":"category","embeddable":true,"href":"http:\/\/vertienteglobal.com\/index.php?rest_route=%2Fwp%2Fv2%2Fcategories&post=216447"},{"taxonomy":"post_tag","embeddable":true,"href":"http:\/\/vertienteglobal.com\/index.php?rest_route=%2Fwp%2Fv2%2Ftags&post=216447"}],"curies":[{"name":"wp","href":"https:\/\/api.w.org\/{rel}","templated":true}]}}