{"id":216308,"date":"2023-03-02T18:33:12","date_gmt":"2023-03-03T00:33:12","guid":{"rendered":"http:\/\/vertienteglobal.com\/?p=216308"},"modified":"2023-03-03T07:35:00","modified_gmt":"2023-03-03T13:35:00","slug":"abre-sus-puertas-la-primera-feria-del-empleo-tulum-2023","status":"publish","type":"post","link":"http:\/\/vertienteglobal.com\/?p=216308","title":{"rendered":"Abre sus puertas la primera Feria del Empleo Tulum 2023"},"content":{"rendered":"\n<div class=\"twitterbutton\" style=\"float: right; padding-left: 5px;\"><a href=\"http:\/\/twitter.com\/share\" class=\"twitter-share-button\" data-count=\"horizontal\" data-text=\"Abre sus puertas la primera Feria del Empleo Tulum 2023\" data-via=\"https:\/\/twitter.com\/VertienteGloba1\" data-url=\"http:\/\/vertienteglobal.com\/?p=216308\" data-lang=\"es\" data-related=\"Informaci\u00f3n general:S\u00edguenos para que est\u00e9ss informado\"><\/a><\/div>\n<figure class=\"wp-block-image size-large\"><img loading=\"lazy\" decoding=\"async\" width=\"1024\" height=\"682\" src=\"http:\/\/vertienteglobal.com\/wp-content\/uploads\/2023\/03\/FB_IMG_1677850366168-1024x682.jpg\" alt=\"\" class=\"wp-image-216309\" srcset=\"http:\/\/vertienteglobal.com\/wp-content\/uploads\/2023\/03\/FB_IMG_1677850366168-1024x682.jpg 1024w, http:\/\/vertienteglobal.com\/wp-content\/uploads\/2023\/03\/FB_IMG_1677850366168-300x200.jpg 300w, http:\/\/vertienteglobal.com\/wp-content\/uploads\/2023\/03\/FB_IMG_1677850366168-150x100.jpg 150w, http:\/\/vertienteglobal.com\/wp-content\/uploads\/2023\/03\/FB_IMG_1677850366168-768x512.jpg 768w, http:\/\/vertienteglobal.com\/wp-content\/uploads\/2023\/03\/FB_IMG_1677850366168.jpg 1081w\" sizes=\"auto, (max-width: 1024px) 100vw, 1024px\" \/><\/figure>\n\n\n\n<p>(Redacci\u00f3n)<\/p>\n\n\n\n<p>En representaci\u00f3n del presidente municipal Marciano Dzul Caamal, el director general de Turismo y Econom\u00eda, Jorge Mario Molina P\u00e9rez, dio la bienvenida a los establecimientos participantes y a la ciudadan\u00eda que puntualmente comenz\u00f3 a interactuar con los representantes de distintos negocios para as\u00ed conocer m\u00e1s acerca de los puestos de trabajo disponibles<\/p>\n\n\n\n<p>Tulum, Quintana Roo a 2 de marzo de 2023.-La primera Feria del Empleo Tulum 2023 fue inaugurada hoy en el domo Dos Aguas de la cabecera municipal con la participaci\u00f3n de empresas locales y regionales que buscan contratar talento tulumnense de manera inmediata.<\/p>\n\n\n\n<p>En representaci\u00f3n del presidente municipal Marciano Dzul Caamal, el director general de Turismo y Econom\u00eda, Jorge Mario Molina P\u00e9rez, dio la bienvenida a los establecimientos participantes y a la ciudadan\u00eda que puntualmente comenz\u00f3 a interactuar con los representantes de distintos negocios para as\u00ed conocer m\u00e1s acerca de los puestos de trabajo disponibles.<\/p>\n\n\n\n<p>\u201cEsta iniciativa es impulsada por nuestro presidente municipal para promover empleos de calidad entre las y los tulumnenses talentosos\u201d, dijo Molina P\u00e9rez.<\/p>\n\n\n\n<p>En su oportunidad, el director de Econom\u00eda, Bady G\u00f3mez Soberano, asegur\u00f3 que por instrucciones de Dzul Caamal las puertas de la direcci\u00f3n a su cargo est\u00e1n siempre abiertas para atender las inquietudes de las personas que buscan empleo.<\/p>\n\n\n\n<p>Seg\u00fan las autoridades municipales, existen hoy oportunidades para personal operativo, t\u00e9cnicos, de construcci\u00f3n y directivos, entre otros. Y las opciones son de calidad y en igualdad, tanto para mujeres como hombres, ya sean j\u00f3venes, adultos o adultos mayores.<\/p>\n\n\n\n<p>La primera Feria del Empleo 2023 cerrar\u00e1 sus puertas el d\u00eda de ma\u00f1ana 3 de marzo. La entrada es gratuita y se invita a todos los interesados a asistir y conocer las vacantes disponibles en el domo Dos Aguas, de 10:00 am a 03:00 pm.<\/p>\n\n\n\n<p>El acto de inauguraci\u00f3n cont\u00f3 con la honrosa participaci\u00f3n de la s\u00edndico municipal Maria Teresa Arana S\u00e1nchez y de la jefa de recursos humanos de Grupo Anderson, Julia Gonz\u00e1lez Morales.<\/p>\n\n\n\n<figure class=\"wp-block-image size-large\"><img loading=\"lazy\" decoding=\"async\" width=\"1024\" height=\"576\" src=\"http:\/\/vertienteglobal.com\/wp-content\/uploads\/2023\/03\/FB_IMG_1677850370404-1024x576.jpg\" alt=\"\" class=\"wp-image-216310\" srcset=\"http:\/\/vertienteglobal.com\/wp-content\/uploads\/2023\/03\/FB_IMG_1677850370404-1024x576.jpg 1024w, http:\/\/vertienteglobal.com\/wp-content\/uploads\/2023\/03\/FB_IMG_1677850370404-300x169.jpg 300w, http:\/\/vertienteglobal.com\/wp-content\/uploads\/2023\/03\/FB_IMG_1677850370404-150x84.jpg 150w, http:\/\/vertienteglobal.com\/wp-content\/uploads\/2023\/03\/FB_IMG_1677850370404-768x432.jpg 768w, http:\/\/vertienteglobal.com\/wp-content\/uploads\/2023\/03\/FB_IMG_1677850370404.jpg 1080w\" sizes=\"auto, (max-width: 1024px) 100vw, 1024px\" \/><\/figure>\n\n\n\n<figure class=\"wp-block-image size-large\"><img loading=\"lazy\" decoding=\"async\" width=\"1024\" height=\"682\" src=\"http:\/\/vertienteglobal.com\/wp-content\/uploads\/2023\/03\/FB_IMG_1677850373889-1024x682.jpg\" alt=\"\" class=\"wp-image-216311\" srcset=\"http:\/\/vertienteglobal.com\/wp-content\/uploads\/2023\/03\/FB_IMG_1677850373889-1024x682.jpg 1024w, http:\/\/vertienteglobal.com\/wp-content\/uploads\/2023\/03\/FB_IMG_1677850373889-300x200.jpg 300w, http:\/\/vertienteglobal.com\/wp-content\/uploads\/2023\/03\/FB_IMG_1677850373889-150x100.jpg 150w, http:\/\/vertienteglobal.com\/wp-content\/uploads\/2023\/03\/FB_IMG_1677850373889-768x512.jpg 768w, http:\/\/vertienteglobal.com\/wp-content\/uploads\/2023\/03\/FB_IMG_1677850373889.jpg 1081w\" sizes=\"auto, (max-width: 1024px) 100vw, 1024px\" \/><\/figure>\n\n\n\n<figure class=\"wp-block-image size-large\"><img loading=\"lazy\" decoding=\"async\" width=\"1024\" height=\"682\" src=\"http:\/\/vertienteglobal.com\/wp-content\/uploads\/2023\/03\/FB_IMG_1677850377295-1024x682.jpg\" alt=\"\" class=\"wp-image-216312\" srcset=\"http:\/\/vertienteglobal.com\/wp-content\/uploads\/2023\/03\/FB_IMG_1677850377295-1024x682.jpg 1024w, http:\/\/vertienteglobal.com\/wp-content\/uploads\/2023\/03\/FB_IMG_1677850377295-300x200.jpg 300w, http:\/\/vertienteglobal.com\/wp-content\/uploads\/2023\/03\/FB_IMG_1677850377295-150x100.jpg 150w, http:\/\/vertienteglobal.com\/wp-content\/uploads\/2023\/03\/FB_IMG_1677850377295-768x512.jpg 768w, http:\/\/vertienteglobal.com\/wp-content\/uploads\/2023\/03\/FB_IMG_1677850377295.jpg 1081w\" sizes=\"auto, (max-width: 1024px) 100vw, 1024px\" \/><\/figure>\n\n\n\n<figure class=\"wp-block-image size-large\"><img loading=\"lazy\" decoding=\"async\" width=\"1024\" height=\"818\" src=\"http:\/\/vertienteglobal.com\/wp-content\/uploads\/2023\/03\/FB_IMG_1677850380479-1024x818.jpg\" alt=\"\" class=\"wp-image-216313\" srcset=\"http:\/\/vertienteglobal.com\/wp-content\/uploads\/2023\/03\/FB_IMG_1677850380479-1024x818.jpg 1024w, http:\/\/vertienteglobal.com\/wp-content\/uploads\/2023\/03\/FB_IMG_1677850380479-300x240.jpg 300w, http:\/\/vertienteglobal.com\/wp-content\/uploads\/2023\/03\/FB_IMG_1677850380479-150x120.jpg 150w, http:\/\/vertienteglobal.com\/wp-content\/uploads\/2023\/03\/FB_IMG_1677850380479-768x614.jpg 768w, http:\/\/vertienteglobal.com\/wp-content\/uploads\/2023\/03\/FB_IMG_1677850380479.jpg 1080w\" sizes=\"auto, (max-width: 1024px) 100vw, 1024px\" \/><\/figure>\n\n\n\n<figure class=\"wp-block-image size-large\"><img loading=\"lazy\" decoding=\"async\" width=\"1024\" height=\"682\" src=\"http:\/\/vertienteglobal.com\/wp-content\/uploads\/2023\/03\/FB_IMG_1677850383913-1024x682.jpg\" alt=\"\" class=\"wp-image-216314\" srcset=\"http:\/\/vertienteglobal.com\/wp-content\/uploads\/2023\/03\/FB_IMG_1677850383913-1024x682.jpg 1024w, http:\/\/vertienteglobal.com\/wp-content\/uploads\/2023\/03\/FB_IMG_1677850383913-300x200.jpg 300w, http:\/\/vertienteglobal.com\/wp-content\/uploads\/2023\/03\/FB_IMG_1677850383913-150x100.jpg 150w, http:\/\/vertienteglobal.com\/wp-content\/uploads\/2023\/03\/FB_IMG_1677850383913-768x512.jpg 768w, http:\/\/vertienteglobal.com\/wp-content\/uploads\/2023\/03\/FB_IMG_1677850383913.jpg 1081w\" sizes=\"auto, (max-width: 1024px) 100vw, 1024px\" \/><\/figure>\n\n\n\n<figure class=\"wp-block-image size-large\"><img loading=\"lazy\" decoding=\"async\" width=\"1024\" height=\"682\" src=\"http:\/\/vertienteglobal.com\/wp-content\/uploads\/2023\/03\/FB_IMG_1677850387152-1024x682.jpg\" alt=\"\" class=\"wp-image-216315\" srcset=\"http:\/\/vertienteglobal.com\/wp-content\/uploads\/2023\/03\/FB_IMG_1677850387152-1024x682.jpg 1024w, http:\/\/vertienteglobal.com\/wp-content\/uploads\/2023\/03\/FB_IMG_1677850387152-300x200.jpg 300w, http:\/\/vertienteglobal.com\/wp-content\/uploads\/2023\/03\/FB_IMG_1677850387152-150x100.jpg 150w, http:\/\/vertienteglobal.com\/wp-content\/uploads\/2023\/03\/FB_IMG_1677850387152-768x512.jpg 768w, http:\/\/vertienteglobal.com\/wp-content\/uploads\/2023\/03\/FB_IMG_1677850387152.jpg 1081w\" sizes=\"auto, (max-width: 1024px) 100vw, 1024px\" \/><\/figure>\n","protected":false},"excerpt":{"rendered":"<p>(Redacci\u00f3n) En representaci\u00f3n del presidente municipal Marciano Dzul Caamal, el director general de Turismo y Econom\u00eda, Jorge Mario Molina P\u00e9rez, dio la bienvenida a los establecimientos participantes y a la ciudadan\u00eda que puntualmente comenz\u00f3 a interactuar con los representantes de distintos negocios para as\u00ed conocer m\u00e1s acerca de los puestos de trabajo disponibles Tulum, Quintana [&hellip;]<\/p>\n","protected":false},"author":1,"featured_media":216309,"comment_status":"open","ping_status":"open","sticky":false,"template":"","format":"standard","meta":{"footnotes":""},"categories":[3],"tags":[],"class_list":["post-216308","post","type-post","status-publish","format-standard","has-post-thumbnail","hentry","category-quintana-roo","entry","has-media"],"jetpack_featured_media_url":"http:\/\/vertienteglobal.com\/wp-content\/uploads\/2023\/03\/FB_IMG_1677850366168.jpg","_links":{"self":[{"href":"http:\/\/vertienteglobal.com\/index.php?rest_route=\/wp\/v2\/posts\/216308","targetHints":{"allow":["GET"]}}],"collection":[{"href":"http:\/\/vertienteglobal.com\/index.php?rest_route=\/wp\/v2\/posts"}],"about":[{"href":"http:\/\/vertienteglobal.com\/index.php?rest_route=\/wp\/v2\/types\/post"}],"author":[{"embeddable":true,"href":"http:\/\/vertienteglobal.com\/index.php?rest_route=\/wp\/v2\/users\/1"}],"replies":[{"embeddable":true,"href":"http:\/\/vertienteglobal.com\/index.php?rest_route=%2Fwp%2Fv2%2Fcomments&post=216308"}],"version-history":[{"count":0,"href":"http:\/\/vertienteglobal.com\/index.php?rest_route=\/wp\/v2\/posts\/216308\/revisions"}],"wp:featuredmedia":[{"embeddable":true,"href":"http:\/\/vertienteglobal.com\/index.php?rest_route=\/wp\/v2\/media\/216309"}],"wp:attachment":[{"href":"http:\/\/vertienteglobal.com\/index.php?rest_route=%2Fwp%2Fv2%2Fmedia&parent=216308"}],"wp:term":[{"taxonomy":"category","embeddable":true,"href":"http:\/\/vertienteglobal.com\/index.php?rest_route=%2Fwp%2Fv2%2Fcategories&post=216308"},{"taxonomy":"post_tag","embeddable":true,"href":"http:\/\/vertienteglobal.com\/index.php?rest_route=%2Fwp%2Fv2%2Ftags&post=216308"}],"curies":[{"name":"wp","href":"https:\/\/api.w.org\/{rel}","templated":true}]}}