{"id":216262,"date":"2023-03-02T19:24:56","date_gmt":"2023-03-03T01:24:56","guid":{"rendered":"http:\/\/vertienteglobal.com\/?p=216262"},"modified":"2023-03-03T07:14:22","modified_gmt":"2023-03-03T13:14:22","slug":"realizan-en-cancun-el-segundo-foro-de-procuradores-fiscales","status":"publish","type":"post","link":"http:\/\/vertienteglobal.com\/?p=216262","title":{"rendered":"Realizan en Canc\u00fan el segundo Foro de Procuradores Fiscales"},"content":{"rendered":"\n<div class=\"twitterbutton\" style=\"float: right; padding-left: 5px;\"><a href=\"http:\/\/twitter.com\/share\" class=\"twitter-share-button\" data-count=\"horizontal\" data-text=\"Realizan en Canc\u00fan el segundo Foro de Procuradores Fiscales\" data-via=\"https:\/\/twitter.com\/VertienteGloba1\" data-url=\"http:\/\/vertienteglobal.com\/?p=216262\" data-lang=\"es\" data-related=\"Informaci\u00f3n general:S\u00edguenos para que est\u00e9ss informado\"><\/a><\/div>\n<figure class=\"wp-block-image size-large\"><img loading=\"lazy\" decoding=\"async\" width=\"1024\" height=\"628\" src=\"http:\/\/vertienteglobal.com\/wp-content\/uploads\/2023\/03\/SEFIPLAN-Foro-01-1024x628.jpeg\" alt=\"\" class=\"wp-image-216263\" srcset=\"http:\/\/vertienteglobal.com\/wp-content\/uploads\/2023\/03\/SEFIPLAN-Foro-01-1024x628.jpeg 1024w, http:\/\/vertienteglobal.com\/wp-content\/uploads\/2023\/03\/SEFIPLAN-Foro-01-300x184.jpeg 300w, http:\/\/vertienteglobal.com\/wp-content\/uploads\/2023\/03\/SEFIPLAN-Foro-01-150x92.jpeg 150w, http:\/\/vertienteglobal.com\/wp-content\/uploads\/2023\/03\/SEFIPLAN-Foro-01-768x471.jpeg 768w, http:\/\/vertienteglobal.com\/wp-content\/uploads\/2023\/03\/SEFIPLAN-Foro-01-1536x942.jpeg 1536w, http:\/\/vertienteglobal.com\/wp-content\/uploads\/2023\/03\/SEFIPLAN-Foro-01.jpeg 1600w\" sizes=\"auto, (max-width: 1024px) 100vw, 1024px\" \/><\/figure>\n\n\n\n<p>(Redacci\u00f3n)<\/p>\n\n\n\n<p>Para motivar la coordinaci\u00f3n y colaboraci\u00f3n de las Procuradur\u00edas Locales y la Procuradur\u00eda Fiscal de la Federaci\u00f3n, en aras de fortalecer sus procedimientos<\/p>\n\n\n\n<p>Canc\u00fan, Quintana Roo 02 de marzo 2023.- Este jueves se llev\u00f3 a cabo en Canc\u00fan el Foro de Procuradores Fiscales que tiene como objetivo, abordar diversos temas que son de inter\u00e9s tanto de la Procuradur\u00eda Fiscal de la Federaci\u00f3n, como de las Procuradur\u00edas Locales, buscando la coordinaci\u00f3n y colaboraci\u00f3n mutua, en aras de fortalecer sus procedimientos.<\/p>\n\n\n\n<p>El evento fue encabezado por el titular de la Unidad de Coordinaci\u00f3n con Entidades Federativas, Mtro. Fernando Renoir Baca Rivera, quien estuvo acompa\u00f1ado por el Secretario de Finanzas y Planeaci\u00f3n de Quintana Roo, Eugenio Segura V\u00e1zquez; de Minerva Maribel Moreno Cruz, Procuradora Fiscal de Quintana Roo, y de altos funcionarios de la Procuradur\u00eda Fiscal, as\u00ed como fiscales de distintos Estados del pa\u00eds.<\/p>\n\n\n\n<p>En su intervenci\u00f3n, Eugenio Segura titular de la SEFIPLAN de Quintana Roo, dio la bienvenida a los participantes y expuso que, entre otras funciones, el objetivo de la Procuradur\u00eda Fiscal de cada Estado es el de establecer, conducir y proponer las pol\u00edticas, lineamientos y estrategias para la emisi\u00f3n de opiniones jur\u00eddicas, a las diversas \u00e1reas de la Administraci\u00f3n P\u00fablica Estatal y, en especial, a las Secretar\u00edas de Hacienda.<\/p>\n\n\n\n<p>Durante el evento se tocaron diversos temas como; los juicios y procedimientos en defensa del inter\u00e9s de la Hacienda P\u00fablica Estatal; as\u00ed como, la cooperaci\u00f3n en los procedimientos penales en los que es requerida, adem\u00e1s de formular soluciones alternas y el procedimiento, con el fin de ser el consejero jur\u00eddico de la Secretar\u00eda.<\/p>\n\n\n\n<p>Al finalizar Segura V\u00e1zquez dijo que es un honor reunirse con los funcionarios de la federaci\u00f3n para conocer las exposiciones y comentarios respecto a la aplicaci\u00f3n de las nuevas leyes y disposiciones legales fiscales para que en conjunto trabajar por el Nuevo Acuerdo y el Bienestar de Quintana Roo.<\/p>\n\n\n\n<figure class=\"wp-block-image size-large\"><img loading=\"lazy\" decoding=\"async\" width=\"585\" height=\"418\" src=\"http:\/\/vertienteglobal.com\/wp-content\/uploads\/2023\/03\/SEFIPLAN-Foro-03-585x418-1.jpeg\" alt=\"\" class=\"wp-image-216264\" srcset=\"http:\/\/vertienteglobal.com\/wp-content\/uploads\/2023\/03\/SEFIPLAN-Foro-03-585x418-1.jpeg 585w, http:\/\/vertienteglobal.com\/wp-content\/uploads\/2023\/03\/SEFIPLAN-Foro-03-585x418-1-300x214.jpeg 300w, http:\/\/vertienteglobal.com\/wp-content\/uploads\/2023\/03\/SEFIPLAN-Foro-03-585x418-1-150x107.jpeg 150w\" sizes=\"auto, (max-width: 585px) 100vw, 585px\" \/><\/figure>\n\n\n\n<figure class=\"wp-block-image size-large\"><img loading=\"lazy\" decoding=\"async\" width=\"585\" height=\"365\" src=\"http:\/\/vertienteglobal.com\/wp-content\/uploads\/2023\/03\/SEFIPLAN-Foro-02-585x365-1.jpeg\" alt=\"\" class=\"wp-image-216265\" srcset=\"http:\/\/vertienteglobal.com\/wp-content\/uploads\/2023\/03\/SEFIPLAN-Foro-02-585x365-1.jpeg 585w, http:\/\/vertienteglobal.com\/wp-content\/uploads\/2023\/03\/SEFIPLAN-Foro-02-585x365-1-300x187.jpeg 300w, http:\/\/vertienteglobal.com\/wp-content\/uploads\/2023\/03\/SEFIPLAN-Foro-02-585x365-1-150x94.jpeg 150w\" sizes=\"auto, (max-width: 585px) 100vw, 585px\" \/><\/figure>\n\n\n\n<figure class=\"wp-block-image size-large\"><img loading=\"lazy\" decoding=\"async\" width=\"585\" height=\"393\" src=\"http:\/\/vertienteglobal.com\/wp-content\/uploads\/2023\/03\/SEFIPLAN-Foro-04-585x393-1.jpeg\" alt=\"\" class=\"wp-image-216266\" srcset=\"http:\/\/vertienteglobal.com\/wp-content\/uploads\/2023\/03\/SEFIPLAN-Foro-04-585x393-1.jpeg 585w, http:\/\/vertienteglobal.com\/wp-content\/uploads\/2023\/03\/SEFIPLAN-Foro-04-585x393-1-300x202.jpeg 300w, http:\/\/vertienteglobal.com\/wp-content\/uploads\/2023\/03\/SEFIPLAN-Foro-04-585x393-1-150x101.jpeg 150w\" sizes=\"auto, (max-width: 585px) 100vw, 585px\" \/><\/figure>\n","protected":false},"excerpt":{"rendered":"<p>(Redacci\u00f3n) Para motivar la coordinaci\u00f3n y colaboraci\u00f3n de las Procuradur\u00edas Locales y la Procuradur\u00eda Fiscal de la Federaci\u00f3n, en aras de fortalecer sus procedimientos Canc\u00fan, Quintana Roo 02 de marzo 2023.- Este jueves se llev\u00f3 a cabo en Canc\u00fan el Foro de Procuradores Fiscales que tiene como objetivo, abordar diversos temas que son de inter\u00e9s [&hellip;]<\/p>\n","protected":false},"author":1,"featured_media":216263,"comment_status":"open","ping_status":"open","sticky":false,"template":"","format":"standard","meta":{"footnotes":""},"categories":[3],"tags":[],"class_list":["post-216262","post","type-post","status-publish","format-standard","has-post-thumbnail","hentry","category-quintana-roo","entry","has-media"],"jetpack_featured_media_url":"http:\/\/vertienteglobal.com\/wp-content\/uploads\/2023\/03\/SEFIPLAN-Foro-01.jpeg","_links":{"self":[{"href":"http:\/\/vertienteglobal.com\/index.php?rest_route=\/wp\/v2\/posts\/216262","targetHints":{"allow":["GET"]}}],"collection":[{"href":"http:\/\/vertienteglobal.com\/index.php?rest_route=\/wp\/v2\/posts"}],"about":[{"href":"http:\/\/vertienteglobal.com\/index.php?rest_route=\/wp\/v2\/types\/post"}],"author":[{"embeddable":true,"href":"http:\/\/vertienteglobal.com\/index.php?rest_route=\/wp\/v2\/users\/1"}],"replies":[{"embeddable":true,"href":"http:\/\/vertienteglobal.com\/index.php?rest_route=%2Fwp%2Fv2%2Fcomments&post=216262"}],"version-history":[{"count":0,"href":"http:\/\/vertienteglobal.com\/index.php?rest_route=\/wp\/v2\/posts\/216262\/revisions"}],"wp:featuredmedia":[{"embeddable":true,"href":"http:\/\/vertienteglobal.com\/index.php?rest_route=\/wp\/v2\/media\/216263"}],"wp:attachment":[{"href":"http:\/\/vertienteglobal.com\/index.php?rest_route=%2Fwp%2Fv2%2Fmedia&parent=216262"}],"wp:term":[{"taxonomy":"category","embeddable":true,"href":"http:\/\/vertienteglobal.com\/index.php?rest_route=%2Fwp%2Fv2%2Fcategories&post=216262"},{"taxonomy":"post_tag","embeddable":true,"href":"http:\/\/vertienteglobal.com\/index.php?rest_route=%2Fwp%2Fv2%2Ftags&post=216262"}],"curies":[{"name":"wp","href":"https:\/\/api.w.org\/{rel}","templated":true}]}}