{"id":216055,"date":"2023-02-27T20:52:00","date_gmt":"2023-02-28T02:52:00","guid":{"rendered":"http:\/\/vertienteglobal.com\/?p=216055"},"modified":"2023-02-27T21:56:32","modified_gmt":"2023-02-28T03:56:32","slug":"andrea-legarreta-gana-demanda-por-2-5-mdp-contra-revista-tv-notas","status":"publish","type":"post","link":"http:\/\/vertienteglobal.com\/?p=216055","title":{"rendered":"Andrea Legarreta gana demanda por 2.5 mdp contra revista TV Notas"},"content":{"rendered":"\n<div class=\"twitterbutton\" style=\"float: right; padding-left: 5px;\"><a href=\"http:\/\/twitter.com\/share\" class=\"twitter-share-button\" data-count=\"horizontal\" data-text=\"Andrea Legarreta gana demanda por 2.5 mdp contra revista TV Notas\" data-via=\"https:\/\/twitter.com\/VertienteGloba1\" data-url=\"http:\/\/vertienteglobal.com\/?p=216055\" data-lang=\"es\" data-related=\"Informaci\u00f3n general:S\u00edguenos para que est\u00e9ss informado\"><\/a><\/div>\n<figure class=\"wp-block-image size-large\"><img loading=\"lazy\" decoding=\"async\" width=\"1024\" height=\"683\" src=\"http:\/\/vertienteglobal.com\/wp-content\/uploads\/2023\/02\/199955.jpg\" alt=\"\" class=\"wp-image-216056\" srcset=\"http:\/\/vertienteglobal.com\/wp-content\/uploads\/2023\/02\/199955.jpg 1024w, http:\/\/vertienteglobal.com\/wp-content\/uploads\/2023\/02\/199955-300x200.jpg 300w, http:\/\/vertienteglobal.com\/wp-content\/uploads\/2023\/02\/199955-150x100.jpg 150w, http:\/\/vertienteglobal.com\/wp-content\/uploads\/2023\/02\/199955-768x512.jpg 768w\" sizes=\"auto, (max-width: 1024px) 100vw, 1024px\" \/><\/figure>\n\n\n\n<p>(Redacci\u00f3n)<\/p>\n\n\n\n<p>Hace cuatro a\u00f1os, en la revista TV Notas y en su sitio web publicaron una noticia que result\u00f3 ser falsa, por lo que caus\u00f3 \u201cun da\u00f1o con evidente violencia de g\u00e9nero\u201d, asever\u00f3 Odriozola Mariscal<\/p>\n\n\n\n<p>Ciudad de M\u00e9xico 27 de Febrero 2023.- Este lunes se dio a conocer que Andrea Legarreta le gano una demanda millonaria.<\/p>\n\n\n\n<p>Y es que en 2019 la revista de espect\u00e1culos Tv Notas public\u00f3 una nota difamatoria de la conductora, por lo que Legarreta decidi\u00f3 tomar acciones legales y los demand\u00f3 por da\u00f1o moral.<\/p>\n\n\n\n<p>Carlos Enrique Odriozola Mariscal, abogado y apoderado legal de la presentadora del programa matutino \u201cHoy\u201d, de 51 a\u00f1os, inform\u00f3 que la revista, propiedad de Notmusa, intentaba da\u00f1ar la imagen de Legarreta.<\/p>\n\n\n\n<p>El Juzgado 27 Civil del Tribunal Superior de Justicia de la Ciudad de M\u00e9xico orden\u00f3 el embargo de dos millones 500 mil pesos, cantidad que ya fue inmovilizada en el banco BBVA Bancomer y est\u00e1n en espera de que sea remitida al Juzgado.<\/p>\n\n\n\n<p>Hace cuatro a\u00f1os, en la revista TV Notas y en su sitio web publicaron una noticia que result\u00f3 ser falsa, por lo que caus\u00f3 \u201cun da\u00f1o con evidente violencia de g\u00e9nero\u201d, asever\u00f3 Odriozola Mariscal.<\/p>\n\n\n\n<p>Mientras, el abogado explic\u00f3 para Forbes M\u00e9xico que la publicaci\u00f3n result\u00f3 tendenciosa y falsa, ya que en la nota se acredit\u00f3 que la imagen usada para la publicaci\u00f3n fue tomada del Twitter de Legarreta Mart\u00ednez.(Fuente:Forbes)<\/p>\n","protected":false},"excerpt":{"rendered":"<p>(Redacci\u00f3n) Hace cuatro a\u00f1os, en la revista TV Notas y en su sitio web publicaron una noticia que result\u00f3 ser falsa, por lo que caus\u00f3 \u201cun da\u00f1o con evidente violencia de g\u00e9nero\u201d, asever\u00f3 Odriozola Mariscal Ciudad de M\u00e9xico 27 de Febrero 2023.- Este lunes se dio a conocer que Andrea Legarreta le gano una demanda [&hellip;]<\/p>\n","protected":false},"author":1,"featured_media":216056,"comment_status":"open","ping_status":"open","sticky":false,"template":"","format":"standard","meta":{"footnotes":""},"categories":[10],"tags":[],"class_list":["post-216055","post","type-post","status-publish","format-standard","has-post-thumbnail","hentry","category-espectaculos","entry","has-media"],"jetpack_featured_media_url":"http:\/\/vertienteglobal.com\/wp-content\/uploads\/2023\/02\/199955.jpg","_links":{"self":[{"href":"http:\/\/vertienteglobal.com\/index.php?rest_route=\/wp\/v2\/posts\/216055","targetHints":{"allow":["GET"]}}],"collection":[{"href":"http:\/\/vertienteglobal.com\/index.php?rest_route=\/wp\/v2\/posts"}],"about":[{"href":"http:\/\/vertienteglobal.com\/index.php?rest_route=\/wp\/v2\/types\/post"}],"author":[{"embeddable":true,"href":"http:\/\/vertienteglobal.com\/index.php?rest_route=\/wp\/v2\/users\/1"}],"replies":[{"embeddable":true,"href":"http:\/\/vertienteglobal.com\/index.php?rest_route=%2Fwp%2Fv2%2Fcomments&post=216055"}],"version-history":[{"count":0,"href":"http:\/\/vertienteglobal.com\/index.php?rest_route=\/wp\/v2\/posts\/216055\/revisions"}],"wp:featuredmedia":[{"embeddable":true,"href":"http:\/\/vertienteglobal.com\/index.php?rest_route=\/wp\/v2\/media\/216056"}],"wp:attachment":[{"href":"http:\/\/vertienteglobal.com\/index.php?rest_route=%2Fwp%2Fv2%2Fmedia&parent=216055"}],"wp:term":[{"taxonomy":"category","embeddable":true,"href":"http:\/\/vertienteglobal.com\/index.php?rest_route=%2Fwp%2Fv2%2Fcategories&post=216055"},{"taxonomy":"post_tag","embeddable":true,"href":"http:\/\/vertienteglobal.com\/index.php?rest_route=%2Fwp%2Fv2%2Ftags&post=216055"}],"curies":[{"name":"wp","href":"https:\/\/api.w.org\/{rel}","templated":true}]}}