{"id":215682,"date":"2023-02-24T08:51:00","date_gmt":"2023-02-24T14:51:00","guid":{"rendered":"http:\/\/vertienteglobal.com\/?p=215682"},"modified":"2023-02-24T11:47:22","modified_gmt":"2023-02-24T17:47:22","slug":"reunion-con-mario-delgado-en-palacio-nacional-fue-para-ver-como-va-morena-amlo","status":"publish","type":"post","link":"http:\/\/vertienteglobal.com\/?p=215682","title":{"rendered":"Reuni\u00f3n con Mario Delgado en Palacio Nacional fue para ver c\u00f3mo va Morena: AMLO"},"content":{"rendered":"\n<div class=\"twitterbutton\" style=\"float: right; padding-left: 5px;\"><a href=\"http:\/\/twitter.com\/share\" class=\"twitter-share-button\" data-count=\"horizontal\" data-text=\"Reuni\u00f3n con Mario Delgado en Palacio Nacional fue para ver c\u00f3mo va Morena: AML...\" data-via=\"https:\/\/twitter.com\/VertienteGloba1\" data-url=\"http:\/\/vertienteglobal.com\/?p=215682\" data-lang=\"es\" data-related=\"Informaci\u00f3n general:S\u00edguenos para que est\u00e9ss informado\"><\/a><\/div>\n<figure class=\"wp-block-image size-large\"><img loading=\"lazy\" decoding=\"async\" width=\"1024\" height=\"683\" src=\"http:\/\/vertienteglobal.com\/wp-content\/uploads\/2023\/02\/199711.jpg\" alt=\"\" class=\"wp-image-215683\" srcset=\"http:\/\/vertienteglobal.com\/wp-content\/uploads\/2023\/02\/199711.jpg 1024w, http:\/\/vertienteglobal.com\/wp-content\/uploads\/2023\/02\/199711-300x200.jpg 300w, http:\/\/vertienteglobal.com\/wp-content\/uploads\/2023\/02\/199711-150x100.jpg 150w, http:\/\/vertienteglobal.com\/wp-content\/uploads\/2023\/02\/199711-768x512.jpg 768w\" sizes=\"auto, (max-width: 1024px) 100vw, 1024px\" \/><\/figure>\n\n\n\n<p>(Redacci\u00f3n)<\/p>\n\n\n\n<p>L\u00f3pez Obrador fue cuestionado sobre c\u00f3mo considera que labora su partido, a lo cual se limit\u00f3 a responder a fin de evitar una multa por parte de las autoridades electorales<\/p>\n\n\n\n<p>Ciudad de M\u00e9xico 24 de febrero 2023.-El presidente de M\u00e9xico, Andr\u00e9s Manuel L\u00f3pez Obrador, inform\u00f3 que la reuni\u00f3n que sostuvo con el dirigente nacional de Morena, Mario Delgado, fue para revisar la situaci\u00f3n actual de ese partido, del cual es fundador.<\/p>\n\n\n\n<p>Detall\u00f3 que en ese encuentro, donde tambi\u00e9n asisti\u00f3 Horacio Duarte, coordinador de campa\u00f1a de Delfina G\u00f3mez, candidata al gobierno del Estado de M\u00e9xico, se abordaron los trabajos que se han realizado en las aduanas de la naci\u00f3n.<\/p>\n\n\n\n<p>\u00abVienen a platicarme sobre otra cosa, en el caso de Horacio, aun cuando est\u00e1 de coordinador en la campa\u00f1a de la maestra Delfina en el Estado de M\u00e9xico, vino hace poco porque era el encargado de aduanas y platicamos sobre eso\u00bb, refiri\u00f3.<\/p>\n\n\n\n<p>L\u00f3pez Obrador fue cuestionado sobre c\u00f3mo considera que labora su partido, a lo cual se limit\u00f3 a responder a fin de evitar una multa por parte de las autoridades electorales.)Fuente: Milenio\/Agencias)<\/p>\n\n\n\n<figure class=\"wp-block-embed-twitter wp-block-embed is-type-rich is-provider-twitter\"><div class=\"wp-block-embed__wrapper\">\n<div class=\"oceanwp-oembed-wrap clr\"><blockquote class=\"twitter-tweet\" data-width=\"550\" data-dnt=\"true\"><p lang=\"es\" dir=\"ltr\"><a href=\"https:\/\/twitter.com\/hashtag\/Relevante?src=hash&amp;ref_src=twsrc%5Etfw\">#Relevante<\/a> | El dirigente nacional de <a href=\"https:\/\/twitter.com\/hashtag\/Morena?src=hash&amp;ref_src=twsrc%5Etfw\">#Morena<\/a>, Mario Delgado y el coordinador de campa\u00f1a de Delfina G\u00f3mez, Horacio Duarte, se reunieron con el presidente L\u00f3pez Obrador en Palacio Nacional; a su salida, no emitieron ning\u00fan comentario. <br><br>V\u00eda <a href=\"https:\/\/twitter.com\/PedroDFajardo1?ref_src=twsrc%5Etfw\">@PedroDFajardo1<\/a> <a href=\"https:\/\/t.co\/WCjnUYzXcv\">pic.twitter.com\/WCjnUYzXcv<\/a><\/p>&mdash; Azucena Uresti (@azucenau) <a href=\"https:\/\/twitter.com\/azucenau\/status\/1627859904928292865?ref_src=twsrc%5Etfw\">February 21, 2023<\/a><\/blockquote><script async src=\"https:\/\/platform.twitter.com\/widgets.js\" charset=\"utf-8\"><\/script><\/div>\n<\/div><\/figure>\n","protected":false},"excerpt":{"rendered":"<p>(Redacci\u00f3n) L\u00f3pez Obrador fue cuestionado sobre c\u00f3mo considera que labora su partido, a lo cual se limit\u00f3 a responder a fin de evitar una multa por parte de las autoridades electorales Ciudad de M\u00e9xico 24 de febrero 2023.-El presidente de M\u00e9xico, Andr\u00e9s Manuel L\u00f3pez Obrador, inform\u00f3 que la reuni\u00f3n que sostuvo con el dirigente nacional [&hellip;]<\/p>\n","protected":false},"author":1,"featured_media":215683,"comment_status":"open","ping_status":"open","sticky":false,"template":"","format":"standard","meta":{"footnotes":""},"categories":[8],"tags":[],"class_list":["post-215682","post","type-post","status-publish","format-standard","has-post-thumbnail","hentry","category-pais","entry","has-media"],"jetpack_featured_media_url":"http:\/\/vertienteglobal.com\/wp-content\/uploads\/2023\/02\/199711.jpg","_links":{"self":[{"href":"http:\/\/vertienteglobal.com\/index.php?rest_route=\/wp\/v2\/posts\/215682","targetHints":{"allow":["GET"]}}],"collection":[{"href":"http:\/\/vertienteglobal.com\/index.php?rest_route=\/wp\/v2\/posts"}],"about":[{"href":"http:\/\/vertienteglobal.com\/index.php?rest_route=\/wp\/v2\/types\/post"}],"author":[{"embeddable":true,"href":"http:\/\/vertienteglobal.com\/index.php?rest_route=\/wp\/v2\/users\/1"}],"replies":[{"embeddable":true,"href":"http:\/\/vertienteglobal.com\/index.php?rest_route=%2Fwp%2Fv2%2Fcomments&post=215682"}],"version-history":[{"count":0,"href":"http:\/\/vertienteglobal.com\/index.php?rest_route=\/wp\/v2\/posts\/215682\/revisions"}],"wp:featuredmedia":[{"embeddable":true,"href":"http:\/\/vertienteglobal.com\/index.php?rest_route=\/wp\/v2\/media\/215683"}],"wp:attachment":[{"href":"http:\/\/vertienteglobal.com\/index.php?rest_route=%2Fwp%2Fv2%2Fmedia&parent=215682"}],"wp:term":[{"taxonomy":"category","embeddable":true,"href":"http:\/\/vertienteglobal.com\/index.php?rest_route=%2Fwp%2Fv2%2Fcategories&post=215682"},{"taxonomy":"post_tag","embeddable":true,"href":"http:\/\/vertienteglobal.com\/index.php?rest_route=%2Fwp%2Fv2%2Ftags&post=215682"}],"curies":[{"name":"wp","href":"https:\/\/api.w.org\/{rel}","templated":true}]}}