{"id":215636,"date":"2023-02-23T18:51:00","date_gmt":"2023-02-24T00:51:00","guid":{"rendered":"http:\/\/vertienteglobal.com\/?p=215636"},"modified":"2023-02-23T19:43:30","modified_gmt":"2023-02-24T01:43:30","slug":"lopez-obrador-propone-ampliar-lista-de-enfermedades-e-incapacidades-laborales","status":"publish","type":"post","link":"http:\/\/vertienteglobal.com\/?p=215636","title":{"rendered":"L\u00f3pez Obrador propone ampliar lista de enfermedades e incapacidades laborales"},"content":{"rendered":"\n<div class=\"twitterbutton\" style=\"float: right; padding-left: 5px;\"><a href=\"http:\/\/twitter.com\/share\" class=\"twitter-share-button\" data-count=\"horizontal\" data-text=\"L\u00f3pez Obrador propone ampliar lista de enfermedades e incapacidades laborales\" data-via=\"https:\/\/twitter.com\/VertienteGloba1\" data-url=\"http:\/\/vertienteglobal.com\/?p=215636\" data-lang=\"es\" data-related=\"Informaci\u00f3n general:S\u00edguenos para que est\u00e9ss informado\"><\/a><\/div>\n<figure class=\"wp-block-image size-large\"><img loading=\"lazy\" decoding=\"async\" width=\"1024\" height=\"683\" src=\"http:\/\/vertienteglobal.com\/wp-content\/uploads\/2023\/02\/199663.jpg\" alt=\"\" class=\"wp-image-215637\" srcset=\"http:\/\/vertienteglobal.com\/wp-content\/uploads\/2023\/02\/199663.jpg 1024w, http:\/\/vertienteglobal.com\/wp-content\/uploads\/2023\/02\/199663-300x200.jpg 300w, http:\/\/vertienteglobal.com\/wp-content\/uploads\/2023\/02\/199663-150x100.jpg 150w, http:\/\/vertienteglobal.com\/wp-content\/uploads\/2023\/02\/199663-768x512.jpg 768w\" sizes=\"auto, (max-width: 1024px) 100vw, 1024px\" \/><\/figure>\n\n\n\n<p>(Redacci\u00f3n)<\/p>\n\n\n\n<p>La propuesta contempla incrementar la tabla de lesiones por riesgos laborales de 409 a 524, para determinar las incapacidades permanentes<\/p>\n\n\n\n<p>Ciudad de M\u00e9xico 23 de febrero 2023.-El presidente de M\u00e9xico, Andr\u00e9s Manuel L\u00f3pez Obrador, env\u00edo a la C\u00e1mara de Diputados una iniciativa de reforma a la Ley Federal del Trabajo, que buscar\u00e1 ampliar la lista de enfermedades de trabajo de 161 a 194.<\/p>\n\n\n\n<p>De igual manera, la propuesta contempla incrementar la tabla de lesiones por riesgos laborales de 409 a 524, para determinar las incapacidades permanentes.<\/p>\n\n\n\n<p>Con esta reforma, el tabasque\u00f1o plantea actualizar la tabla de enfermedades y lesiones vigentes, establecidas hace 53 a\u00f1os, integrando padecimientos relacionados con el \u00e1mbito laboral como el COVID-19, el VIH, el estr\u00e9s laboral y 30 tipos de c\u00e1ncer.<\/p>\n\n\n\n<p>Por lo que L\u00f3pez Obrador destaco que &#8216;de no ser atendidas adecuadamente, (dichas situaciones) vulnerar\u00edan la protecci\u00f3n a la salud y el sistema de salud para el bienestar de las personas trabajadoras, ya que actualmente enfrentan padecimientos para los cuales a\u00fan no hay cobertura&#8217;.<\/p>\n\n\n\n<p>La iniciativa contempla reformas y adiciones en los art\u00edculos 513, 514, 515 de la Ley Federal del Trabajo, para a\u00f1adir padecimientos que, de acuerdo con evidencia cient\u00edfica, deben considerarse como enfermedades de trabajo, entre las que destacan padecimientos con causas de naturaleza f\u00edsica, qu\u00edmica, biol\u00f3gica y psicosocial.<\/p>\n\n\n\n<p>Asimismo, en la propuesta se reconoce como enfermedades laborales al grupo de los trastornos mentales, entre ellos el trastorno de ansiedad, sue\u00f1os o vigilia, trastornos relacionados con el estr\u00e9s (grave y de adaptaci\u00f3n), y trastorno depresivo.<\/p>\n\n\n\n<p>Por su parte, las enfermedades derivadas de intoxicaciones pasan de 36 a 46, mientras que en el grupo de enfermedades endocrinol\u00f3gicas y genitourinarias se protege a las mujeres en la prevenci\u00f3n de abortos repetitivos, infertilidad y endometriosis.(Fuente:Milenio)<\/p>\n","protected":false},"excerpt":{"rendered":"<p>(Redacci\u00f3n) La propuesta contempla incrementar la tabla de lesiones por riesgos laborales de 409 a 524, para determinar las incapacidades permanentes Ciudad de M\u00e9xico 23 de febrero 2023.-El presidente de M\u00e9xico, Andr\u00e9s Manuel L\u00f3pez Obrador, env\u00edo a la C\u00e1mara de Diputados una iniciativa de reforma a la Ley Federal del Trabajo, que buscar\u00e1 ampliar la [&hellip;]<\/p>\n","protected":false},"author":1,"featured_media":215637,"comment_status":"open","ping_status":"open","sticky":false,"template":"","format":"standard","meta":{"footnotes":""},"categories":[8],"tags":[],"class_list":["post-215636","post","type-post","status-publish","format-standard","has-post-thumbnail","hentry","category-pais","entry","has-media"],"jetpack_featured_media_url":"http:\/\/vertienteglobal.com\/wp-content\/uploads\/2023\/02\/199663.jpg","_links":{"self":[{"href":"http:\/\/vertienteglobal.com\/index.php?rest_route=\/wp\/v2\/posts\/215636","targetHints":{"allow":["GET"]}}],"collection":[{"href":"http:\/\/vertienteglobal.com\/index.php?rest_route=\/wp\/v2\/posts"}],"about":[{"href":"http:\/\/vertienteglobal.com\/index.php?rest_route=\/wp\/v2\/types\/post"}],"author":[{"embeddable":true,"href":"http:\/\/vertienteglobal.com\/index.php?rest_route=\/wp\/v2\/users\/1"}],"replies":[{"embeddable":true,"href":"http:\/\/vertienteglobal.com\/index.php?rest_route=%2Fwp%2Fv2%2Fcomments&post=215636"}],"version-history":[{"count":0,"href":"http:\/\/vertienteglobal.com\/index.php?rest_route=\/wp\/v2\/posts\/215636\/revisions"}],"wp:featuredmedia":[{"embeddable":true,"href":"http:\/\/vertienteglobal.com\/index.php?rest_route=\/wp\/v2\/media\/215637"}],"wp:attachment":[{"href":"http:\/\/vertienteglobal.com\/index.php?rest_route=%2Fwp%2Fv2%2Fmedia&parent=215636"}],"wp:term":[{"taxonomy":"category","embeddable":true,"href":"http:\/\/vertienteglobal.com\/index.php?rest_route=%2Fwp%2Fv2%2Fcategories&post=215636"},{"taxonomy":"post_tag","embeddable":true,"href":"http:\/\/vertienteglobal.com\/index.php?rest_route=%2Fwp%2Fv2%2Ftags&post=215636"}],"curies":[{"name":"wp","href":"https:\/\/api.w.org\/{rel}","templated":true}]}}