{"id":215370,"date":"2023-02-21T23:19:06","date_gmt":"2023-02-22T05:19:06","guid":{"rendered":"http:\/\/vertienteglobal.com\/?p=215370"},"modified":"2023-02-22T10:21:46","modified_gmt":"2023-02-22T16:21:46","slug":"grandioso-cierre-de-carnaval-en-isla-mujeres","status":"publish","type":"post","link":"http:\/\/vertienteglobal.com\/?p=215370","title":{"rendered":"Grandioso cierre de carnaval en Isla Mujeres"},"content":{"rendered":"\n<div class=\"twitterbutton\" style=\"float: right; padding-left: 5px;\"><a href=\"http:\/\/twitter.com\/share\" class=\"twitter-share-button\" data-count=\"horizontal\" data-text=\"Grandioso cierre de carnaval en Isla Mujeres\" data-via=\"https:\/\/twitter.com\/VertienteGloba1\" data-url=\"http:\/\/vertienteglobal.com\/?p=215370\" data-lang=\"es\" data-related=\"Informaci\u00f3n general:S\u00edguenos para que est\u00e9ss informado\"><\/a><\/div>\n<figure class=\"wp-block-image size-large\"><img loading=\"lazy\" decoding=\"async\" width=\"1024\" height=\"768\" src=\"http:\/\/vertienteglobal.com\/wp-content\/uploads\/2023\/02\/FB_IMG_1677079473818-1024x768.jpg\" alt=\"\" class=\"wp-image-215371\" srcset=\"http:\/\/vertienteglobal.com\/wp-content\/uploads\/2023\/02\/FB_IMG_1677079473818-1024x768.jpg 1024w, http:\/\/vertienteglobal.com\/wp-content\/uploads\/2023\/02\/FB_IMG_1677079473818-300x225.jpg 300w, http:\/\/vertienteglobal.com\/wp-content\/uploads\/2023\/02\/FB_IMG_1677079473818-150x113.jpg 150w, http:\/\/vertienteglobal.com\/wp-content\/uploads\/2023\/02\/FB_IMG_1677079473818-768x576.jpg 768w, http:\/\/vertienteglobal.com\/wp-content\/uploads\/2023\/02\/FB_IMG_1677079473818.jpg 1080w\" sizes=\"auto, (max-width: 1024px) 100vw, 1024px\" \/><\/figure>\n\n\n\n<p>(Redacci\u00f3n)<\/p>\n\n\n\n<p>La fiesta de los isle\u00f1os Soy Caribe 2023 mantuvo al m\u00e1ximo la ocupaci\u00f3n hotelera<\/p>\n\n\n\n<p>La presidenta Atenea G\u00f3mez celebr\u00f3 junto a los isle\u00f1os el tradicional evento<\/p>\n\n\n\n<p>Isla Mujeres, Quintana Roo, 21 de febrero de 2023.- El Carnaval \u00abSoy Caribe 2023\u00bb cerr\u00f3 con broche de oro ante cientos de familias isle\u00f1as y turistas que disfrutaron de la \u00abNegrada\u00bb y quema de Juan Carnaval en la Explanada Municipal, en la que prevaleci\u00f3 un ambiente de fiesta y alegr\u00eda durante varias horas.<\/p>\n\n\n\n<p>La presidenta municipal Atenea G\u00f3mez Ricalde, manifest\u00f3 su agradecimiento a todos los participantes por su uni\u00f3n y entusiasmo para mantener viva esta tradicional fiesta que super\u00f3 todas las expectativas al mantener todos los d\u00edas del evento una ocupaci\u00f3n hotelera al m\u00e1ximo.<\/p>\n\n\n\n<p>Asimismo, se present\u00f3 la comparsa Son 8 Caribe, el recorrido de los Reyes del Carnaval y el concurso de comparsas en la categor\u00eda libre Carnavalisimo, A\u00f1oranzas de Isla Mujeres, las Chicas de Chico Che y Caribuenas. (www.islamujeres.gob.mx<br>islamujeres.gob.mx)<\/p>\n\n\n\n<figure class=\"wp-block-image size-large\"><img loading=\"lazy\" decoding=\"async\" width=\"1024\" height=\"768\" src=\"http:\/\/vertienteglobal.com\/wp-content\/uploads\/2023\/02\/FB_IMG_1677079477191-1024x768.jpg\" alt=\"\" class=\"wp-image-215372\" srcset=\"http:\/\/vertienteglobal.com\/wp-content\/uploads\/2023\/02\/FB_IMG_1677079477191-1024x768.jpg 1024w, http:\/\/vertienteglobal.com\/wp-content\/uploads\/2023\/02\/FB_IMG_1677079477191-300x225.jpg 300w, http:\/\/vertienteglobal.com\/wp-content\/uploads\/2023\/02\/FB_IMG_1677079477191-150x113.jpg 150w, http:\/\/vertienteglobal.com\/wp-content\/uploads\/2023\/02\/FB_IMG_1677079477191-768x576.jpg 768w, http:\/\/vertienteglobal.com\/wp-content\/uploads\/2023\/02\/FB_IMG_1677079477191.jpg 1080w\" sizes=\"auto, (max-width: 1024px) 100vw, 1024px\" \/><\/figure>\n\n\n\n<figure class=\"wp-block-image size-large\"><img loading=\"lazy\" decoding=\"async\" width=\"1024\" height=\"768\" src=\"http:\/\/vertienteglobal.com\/wp-content\/uploads\/2023\/02\/FB_IMG_1677079480844-1024x768.jpg\" alt=\"\" class=\"wp-image-215373\" srcset=\"http:\/\/vertienteglobal.com\/wp-content\/uploads\/2023\/02\/FB_IMG_1677079480844-1024x768.jpg 1024w, http:\/\/vertienteglobal.com\/wp-content\/uploads\/2023\/02\/FB_IMG_1677079480844-300x225.jpg 300w, http:\/\/vertienteglobal.com\/wp-content\/uploads\/2023\/02\/FB_IMG_1677079480844-150x113.jpg 150w, http:\/\/vertienteglobal.com\/wp-content\/uploads\/2023\/02\/FB_IMG_1677079480844-768x576.jpg 768w, http:\/\/vertienteglobal.com\/wp-content\/uploads\/2023\/02\/FB_IMG_1677079480844.jpg 1080w\" sizes=\"auto, (max-width: 1024px) 100vw, 1024px\" \/><\/figure>\n\n\n\n<figure class=\"wp-block-image size-large\"><img loading=\"lazy\" decoding=\"async\" width=\"1024\" height=\"768\" src=\"http:\/\/vertienteglobal.com\/wp-content\/uploads\/2023\/02\/FB_IMG_1677079484479-1024x768.jpg\" alt=\"\" class=\"wp-image-215374\" srcset=\"http:\/\/vertienteglobal.com\/wp-content\/uploads\/2023\/02\/FB_IMG_1677079484479-1024x768.jpg 1024w, http:\/\/vertienteglobal.com\/wp-content\/uploads\/2023\/02\/FB_IMG_1677079484479-300x225.jpg 300w, http:\/\/vertienteglobal.com\/wp-content\/uploads\/2023\/02\/FB_IMG_1677079484479-150x113.jpg 150w, http:\/\/vertienteglobal.com\/wp-content\/uploads\/2023\/02\/FB_IMG_1677079484479-768x576.jpg 768w, http:\/\/vertienteglobal.com\/wp-content\/uploads\/2023\/02\/FB_IMG_1677079484479.jpg 1080w\" sizes=\"auto, (max-width: 1024px) 100vw, 1024px\" \/><\/figure>\n\n\n\n<figure class=\"wp-block-image size-large\"><img loading=\"lazy\" decoding=\"async\" width=\"1024\" height=\"768\" src=\"http:\/\/vertienteglobal.com\/wp-content\/uploads\/2023\/02\/FB_IMG_1677079489999-1024x768.jpg\" alt=\"\" class=\"wp-image-215375\" srcset=\"http:\/\/vertienteglobal.com\/wp-content\/uploads\/2023\/02\/FB_IMG_1677079489999-1024x768.jpg 1024w, http:\/\/vertienteglobal.com\/wp-content\/uploads\/2023\/02\/FB_IMG_1677079489999-300x225.jpg 300w, http:\/\/vertienteglobal.com\/wp-content\/uploads\/2023\/02\/FB_IMG_1677079489999-150x113.jpg 150w, http:\/\/vertienteglobal.com\/wp-content\/uploads\/2023\/02\/FB_IMG_1677079489999-768x576.jpg 768w, http:\/\/vertienteglobal.com\/wp-content\/uploads\/2023\/02\/FB_IMG_1677079489999.jpg 1080w\" sizes=\"auto, (max-width: 1024px) 100vw, 1024px\" \/><\/figure>\n","protected":false},"excerpt":{"rendered":"<p>(Redacci\u00f3n) La fiesta de los isle\u00f1os Soy Caribe 2023 mantuvo al m\u00e1ximo la ocupaci\u00f3n hotelera La presidenta Atenea G\u00f3mez celebr\u00f3 junto a los isle\u00f1os el tradicional evento Isla Mujeres, Quintana Roo, 21 de febrero de 2023.- El Carnaval \u00abSoy Caribe 2023\u00bb cerr\u00f3 con broche de oro ante cientos de familias isle\u00f1as y turistas que disfrutaron [&hellip;]<\/p>\n","protected":false},"author":1,"featured_media":215372,"comment_status":"open","ping_status":"open","sticky":false,"template":"","format":"standard","meta":{"footnotes":""},"categories":[10,3],"tags":[],"class_list":["post-215370","post","type-post","status-publish","format-standard","has-post-thumbnail","hentry","category-espectaculos","category-quintana-roo","entry","has-media"],"jetpack_featured_media_url":"http:\/\/vertienteglobal.com\/wp-content\/uploads\/2023\/02\/FB_IMG_1677079477191.jpg","_links":{"self":[{"href":"http:\/\/vertienteglobal.com\/index.php?rest_route=\/wp\/v2\/posts\/215370","targetHints":{"allow":["GET"]}}],"collection":[{"href":"http:\/\/vertienteglobal.com\/index.php?rest_route=\/wp\/v2\/posts"}],"about":[{"href":"http:\/\/vertienteglobal.com\/index.php?rest_route=\/wp\/v2\/types\/post"}],"author":[{"embeddable":true,"href":"http:\/\/vertienteglobal.com\/index.php?rest_route=\/wp\/v2\/users\/1"}],"replies":[{"embeddable":true,"href":"http:\/\/vertienteglobal.com\/index.php?rest_route=%2Fwp%2Fv2%2Fcomments&post=215370"}],"version-history":[{"count":0,"href":"http:\/\/vertienteglobal.com\/index.php?rest_route=\/wp\/v2\/posts\/215370\/revisions"}],"wp:featuredmedia":[{"embeddable":true,"href":"http:\/\/vertienteglobal.com\/index.php?rest_route=\/wp\/v2\/media\/215372"}],"wp:attachment":[{"href":"http:\/\/vertienteglobal.com\/index.php?rest_route=%2Fwp%2Fv2%2Fmedia&parent=215370"}],"wp:term":[{"taxonomy":"category","embeddable":true,"href":"http:\/\/vertienteglobal.com\/index.php?rest_route=%2Fwp%2Fv2%2Fcategories&post=215370"},{"taxonomy":"post_tag","embeddable":true,"href":"http:\/\/vertienteglobal.com\/index.php?rest_route=%2Fwp%2Fv2%2Ftags&post=215370"}],"curies":[{"name":"wp","href":"https:\/\/api.w.org\/{rel}","templated":true}]}}