{"id":215363,"date":"2023-02-21T21:24:48","date_gmt":"2023-02-22T03:24:48","guid":{"rendered":"http:\/\/vertienteglobal.com\/?p=215363"},"modified":"2023-02-22T10:10:23","modified_gmt":"2023-02-22T16:10:23","slug":"realizan-el-ultimo-recorrido-de-la-danza-del-pocho-en-tenosique-tabasco","status":"publish","type":"post","link":"http:\/\/vertienteglobal.com\/?p=215363","title":{"rendered":"Realizan el \u00faltimo recorrido de la &#8216;Danza del Poch\u00f3&#8217; en Tenosique, Tabasco"},"content":{"rendered":"\n<div class=\"twitterbutton\" style=\"float: right; padding-left: 5px;\"><a href=\"http:\/\/twitter.com\/share\" class=\"twitter-share-button\" data-count=\"horizontal\" data-text=\"Realizan el \u00faltimo recorrido de la &#8216;Danza del Poch\u00f3&#8217; en Tenosique,...\" data-via=\"https:\/\/twitter.com\/VertienteGloba1\" data-url=\"http:\/\/vertienteglobal.com\/?p=215363\" data-lang=\"es\" data-related=\"Informaci\u00f3n general:S\u00edguenos para que est\u00e9ss informado\"><\/a><\/div>\n<figure class=\"wp-block-image size-large\"><img loading=\"lazy\" decoding=\"async\" width=\"1024\" height=\"682\" src=\"http:\/\/vertienteglobal.com\/wp-content\/uploads\/2023\/02\/199490.jpg\" alt=\"\" class=\"wp-image-215364\" srcset=\"http:\/\/vertienteglobal.com\/wp-content\/uploads\/2023\/02\/199490.jpg 1024w, http:\/\/vertienteglobal.com\/wp-content\/uploads\/2023\/02\/199490-300x200.jpg 300w, http:\/\/vertienteglobal.com\/wp-content\/uploads\/2023\/02\/199490-150x100.jpg 150w, http:\/\/vertienteglobal.com\/wp-content\/uploads\/2023\/02\/199490-768x512.jpg 768w\" sizes=\"auto, (max-width: 1024px) 100vw, 1024px\" \/><\/figure>\n\n\n\n<p>(Redacci\u00f3n)<\/p>\n\n\n\n<p>El alcalde Jorge Su\u00e1rez Moreno acompa\u00f1ado de su esposa, la presidenta honoraria del DIF Tenosique, Cristina V\u00e1zquez Guill\u00e9n encabez\u00f3 dicha actividad, acompa\u00f1ado de funcionarios municipales y ciudadanos provenientes de diversas colonias y comunidades de la demarcaci\u00f3n<\/p>\n\n\n\n<p>Tenosique, Tabasco 21 de febrero 2023.-La tarde de este martes se realiz\u00f3 el \u00faltimo recorrido de la &#8216;Danza del Poch\u00f3&#8217; en el municipio de Tenosique, c\u00f3mo parte de las actividades del &#8216;Carnaval 2023&#8217; de aquella demarcaci\u00f3n.<\/p>\n\n\n\n<p>Y es que cientos de mujeres, ni\u00f1as y ni\u00f1os personificados como coj\u00f3es, pochoveras y tigres se dieron cita en la Calle 42 de la cabecera municipal, d\u00f3nde iniciar\u00eda el recorrido hacia el Parque Central para concluir con la danza.<\/p>\n\n\n\n<p>El alcalde Jorge Su\u00e1rez Moreno acompa\u00f1ado de su esposa, la presidenta honoraria del DIF Tenosique, Cristina V\u00e1zquez Guill\u00e9n encabez\u00f3 dicha actividad, acompa\u00f1ado de funcionarios municipales y ciudadanos provenientes de diversas colonias y comunidades de la demarcaci\u00f3n.<\/p>\n\n\n\n<p>Cabe recordar que el &#8216;Carnaval de Tenosique 2023&#8217; inici\u00f3 el pasado 19 de enero y durante cinco domingos se hizo la celebraci\u00f3n masiva de la &#8216;Danza del Poch\u00f3&#8217; por las principales calles de la cabecera municipal, adem\u00e1s se cont\u00f3 con la presencia del gobernador Carlos Merino Campos y del secretario de Turismo, Jos\u00e9 Antonio Nieves Rodr\u00edguez entre otros funcionarios estatales.<\/p>\n\n\n\n<p>De acuerdo a las estimaciones del Ayuntamiento de Tenosique, se esperaba que el carnaval generara una ocupaci\u00f3n hotelera del 100 por ciento y una importante derrama econ\u00f3mica.<\/p>\n\n\n\n<figure class=\"wp-block-image size-large\"><img loading=\"lazy\" decoding=\"async\" width=\"1024\" height=\"682\" src=\"http:\/\/vertienteglobal.com\/wp-content\/uploads\/2023\/02\/1-1024x682.jpg\" alt=\"\" class=\"wp-image-215365\" srcset=\"http:\/\/vertienteglobal.com\/wp-content\/uploads\/2023\/02\/1-1024x682.jpg 1024w, http:\/\/vertienteglobal.com\/wp-content\/uploads\/2023\/02\/1-300x200.jpg 300w, http:\/\/vertienteglobal.com\/wp-content\/uploads\/2023\/02\/1-150x100.jpg 150w, http:\/\/vertienteglobal.com\/wp-content\/uploads\/2023\/02\/1-768x511.jpg 768w, http:\/\/vertienteglobal.com\/wp-content\/uploads\/2023\/02\/1.jpg 1026w\" sizes=\"auto, (max-width: 1024px) 100vw, 1024px\" \/><\/figure>\n\n\n\n<figure class=\"wp-block-image size-large\"><img loading=\"lazy\" decoding=\"async\" width=\"1025\" height=\"683\" src=\"http:\/\/vertienteglobal.com\/wp-content\/uploads\/2023\/02\/2.jpg\" alt=\"\" class=\"wp-image-215366\" srcset=\"http:\/\/vertienteglobal.com\/wp-content\/uploads\/2023\/02\/2.jpg 1025w, http:\/\/vertienteglobal.com\/wp-content\/uploads\/2023\/02\/2-300x200.jpg 300w, http:\/\/vertienteglobal.com\/wp-content\/uploads\/2023\/02\/2-150x100.jpg 150w, http:\/\/vertienteglobal.com\/wp-content\/uploads\/2023\/02\/2-768x512.jpg 768w\" sizes=\"auto, (max-width: 1025px) 100vw, 1025px\" \/><\/figure>\n\n\n\n<figure class=\"wp-block-image size-large\"><img loading=\"lazy\" decoding=\"async\" width=\"1025\" height=\"683\" src=\"http:\/\/vertienteglobal.com\/wp-content\/uploads\/2023\/02\/4.jpg\" alt=\"\" class=\"wp-image-215367\" srcset=\"http:\/\/vertienteglobal.com\/wp-content\/uploads\/2023\/02\/4.jpg 1025w, http:\/\/vertienteglobal.com\/wp-content\/uploads\/2023\/02\/4-300x200.jpg 300w, http:\/\/vertienteglobal.com\/wp-content\/uploads\/2023\/02\/4-150x100.jpg 150w, http:\/\/vertienteglobal.com\/wp-content\/uploads\/2023\/02\/4-768x512.jpg 768w\" sizes=\"auto, (max-width: 1025px) 100vw, 1025px\" \/><\/figure>\n\n\n\n<figure class=\"wp-block-image size-large\"><img loading=\"lazy\" decoding=\"async\" width=\"1024\" height=\"682\" src=\"http:\/\/vertienteglobal.com\/wp-content\/uploads\/2023\/02\/5-1024x682.jpg\" alt=\"\" class=\"wp-image-215368\" srcset=\"http:\/\/vertienteglobal.com\/wp-content\/uploads\/2023\/02\/5-1024x682.jpg 1024w, http:\/\/vertienteglobal.com\/wp-content\/uploads\/2023\/02\/5-300x200.jpg 300w, http:\/\/vertienteglobal.com\/wp-content\/uploads\/2023\/02\/5-150x100.jpg 150w, http:\/\/vertienteglobal.com\/wp-content\/uploads\/2023\/02\/5-768x511.jpg 768w, http:\/\/vertienteglobal.com\/wp-content\/uploads\/2023\/02\/5.jpg 1026w\" sizes=\"auto, (max-width: 1024px) 100vw, 1024px\" \/><\/figure>\n","protected":false},"excerpt":{"rendered":"<p>(Redacci\u00f3n) El alcalde Jorge Su\u00e1rez Moreno acompa\u00f1ado de su esposa, la presidenta honoraria del DIF Tenosique, Cristina V\u00e1zquez Guill\u00e9n encabez\u00f3 dicha actividad, acompa\u00f1ado de funcionarios municipales y ciudadanos provenientes de diversas colonias y comunidades de la demarcaci\u00f3n Tenosique, Tabasco 21 de febrero 2023.-La tarde de este martes se realiz\u00f3 el \u00faltimo recorrido de la &#8216;Danza [&hellip;]<\/p>\n","protected":false},"author":1,"featured_media":215364,"comment_status":"open","ping_status":"open","sticky":false,"template":"","format":"standard","meta":{"footnotes":""},"categories":[10,5],"tags":[],"class_list":["post-215363","post","type-post","status-publish","format-standard","has-post-thumbnail","hentry","category-espectaculos","category-tabasco","entry","has-media"],"jetpack_featured_media_url":"http:\/\/vertienteglobal.com\/wp-content\/uploads\/2023\/02\/199490.jpg","_links":{"self":[{"href":"http:\/\/vertienteglobal.com\/index.php?rest_route=\/wp\/v2\/posts\/215363","targetHints":{"allow":["GET"]}}],"collection":[{"href":"http:\/\/vertienteglobal.com\/index.php?rest_route=\/wp\/v2\/posts"}],"about":[{"href":"http:\/\/vertienteglobal.com\/index.php?rest_route=\/wp\/v2\/types\/post"}],"author":[{"embeddable":true,"href":"http:\/\/vertienteglobal.com\/index.php?rest_route=\/wp\/v2\/users\/1"}],"replies":[{"embeddable":true,"href":"http:\/\/vertienteglobal.com\/index.php?rest_route=%2Fwp%2Fv2%2Fcomments&post=215363"}],"version-history":[{"count":0,"href":"http:\/\/vertienteglobal.com\/index.php?rest_route=\/wp\/v2\/posts\/215363\/revisions"}],"wp:featuredmedia":[{"embeddable":true,"href":"http:\/\/vertienteglobal.com\/index.php?rest_route=\/wp\/v2\/media\/215364"}],"wp:attachment":[{"href":"http:\/\/vertienteglobal.com\/index.php?rest_route=%2Fwp%2Fv2%2Fmedia&parent=215363"}],"wp:term":[{"taxonomy":"category","embeddable":true,"href":"http:\/\/vertienteglobal.com\/index.php?rest_route=%2Fwp%2Fv2%2Fcategories&post=215363"},{"taxonomy":"post_tag","embeddable":true,"href":"http:\/\/vertienteglobal.com\/index.php?rest_route=%2Fwp%2Fv2%2Ftags&post=215363"}],"curies":[{"name":"wp","href":"https:\/\/api.w.org\/{rel}","templated":true}]}}