{"id":215357,"date":"2023-02-22T08:51:00","date_gmt":"2023-02-22T14:51:00","guid":{"rendered":"http:\/\/vertienteglobal.com\/?p=215357"},"modified":"2023-02-22T10:02:54","modified_gmt":"2023-02-22T16:02:54","slug":"quienes-asistan-a-marcha-a-favor-del-ine-defenderan-viejo-regimen-de-corrupcionamlo","status":"publish","type":"post","link":"http:\/\/vertienteglobal.com\/?p=215357","title":{"rendered":"Quienes asistan a marcha a favor del INE defender\u00e1n viejo r\u00e9gimen de corrupci\u00f3n:AMLO"},"content":{"rendered":"\n<div class=\"twitterbutton\" style=\"float: right; padding-left: 5px;\"><a href=\"http:\/\/twitter.com\/share\" class=\"twitter-share-button\" data-count=\"horizontal\" data-text=\"Quienes asistan a marcha a favor del INE defender\u00e1n viejo r\u00e9gimen de corrupci?...\" data-via=\"https:\/\/twitter.com\/VertienteGloba1\" data-url=\"http:\/\/vertienteglobal.com\/?p=215357\" data-lang=\"es\" data-related=\"Informaci\u00f3n general:S\u00edguenos para que est\u00e9ss informado\"><\/a><\/div>\n<figure class=\"wp-block-image size-large\"><img loading=\"lazy\" decoding=\"async\" width=\"1024\" height=\"574\" src=\"http:\/\/vertienteglobal.com\/wp-content\/uploads\/2023\/02\/20230222_104532-1024x574.jpg\" alt=\"\" class=\"wp-image-215358\" srcset=\"http:\/\/vertienteglobal.com\/wp-content\/uploads\/2023\/02\/20230222_104532-1024x574.jpg 1024w, http:\/\/vertienteglobal.com\/wp-content\/uploads\/2023\/02\/20230222_104532-300x168.jpg 300w, http:\/\/vertienteglobal.com\/wp-content\/uploads\/2023\/02\/20230222_104532-150x84.jpg 150w, http:\/\/vertienteglobal.com\/wp-content\/uploads\/2023\/02\/20230222_104532-768x431.jpg 768w, http:\/\/vertienteglobal.com\/wp-content\/uploads\/2023\/02\/20230222_104532.jpg 1036w\" sizes=\"auto, (max-width: 1024px) 100vw, 1024px\" \/><\/figure>\n\n\n\n<p>(Redacci\u00f3n)<\/p>\n\n\n\n<p>El primer mandatario asegur\u00f3 que opositores no est\u00e1n recurriendo a la violencia y la v\u00eda armada, sino el debate, las cr\u00edticas y manifestaciones<\/p>\n\n\n\n<p>Ciudad de M\u00e9xico 22 de febrero 2023.-Quienes asistan a la manifestaci\u00f3n en defensa del INE que se alista para el pr\u00f3ximo domingo, defender\u00e1n al viejo r\u00e9gimen de corrupci\u00f3n y tambi\u00e9n ir\u00e1n bajo la consigna de \u201cGarc\u00eda Luna no se toca\u201d, se\u00f1al\u00f3 el presidente de M\u00e9xico, Andr\u00e9s Manuel L\u00f3pez Obrador.<\/p>\n\n\n\n<p>El primer mandatario asegur\u00f3 que opositores no est\u00e1n recurriendo a la violencia y la v\u00eda armada, sino el debate, las cr\u00edticas y manifestaciones.<\/p>\n\n\n\n<p>\u201cSon los cuestionamientos, las cr\u00edticas en la prensa, las manifestaciones como la que va a haber el domingo en defensa del r\u00e9gimen de corrupci\u00f3n. Para eso es esa manifestaci\u00f3n, para defender al viejo r\u00e9gimen, corrupto\u201d, consider\u00f3.<\/p>\n\n\n\n<p>L\u00f3pez Obrador asegur\u00f3 que quienes participar\u00e1n en la marcha no solo dir\u00e1n \u201cEl INE no se toca\u201d, sino tambi\u00e9n \u201cGarc\u00eda Luna no se toca\u201d, pues buscar\u00edan se\u00f1alar que \u201cel r\u00e9gimen corrupto y conservador no se toca\u201d.(Fuente: El Universal\/Agencias)<\/p>\n","protected":false},"excerpt":{"rendered":"<p>(Redacci\u00f3n) El primer mandatario asegur\u00f3 que opositores no est\u00e1n recurriendo a la violencia y la v\u00eda armada, sino el debate, las cr\u00edticas y manifestaciones Ciudad de M\u00e9xico 22 de febrero 2023.-Quienes asistan a la manifestaci\u00f3n en defensa del INE que se alista para el pr\u00f3ximo domingo, defender\u00e1n al viejo r\u00e9gimen de corrupci\u00f3n y tambi\u00e9n ir\u00e1n [&hellip;]<\/p>\n","protected":false},"author":1,"featured_media":215358,"comment_status":"open","ping_status":"open","sticky":false,"template":"","format":"standard","meta":{"footnotes":""},"categories":[8],"tags":[],"class_list":["post-215357","post","type-post","status-publish","format-standard","has-post-thumbnail","hentry","category-pais","entry","has-media"],"jetpack_featured_media_url":"http:\/\/vertienteglobal.com\/wp-content\/uploads\/2023\/02\/20230222_104532.jpg","_links":{"self":[{"href":"http:\/\/vertienteglobal.com\/index.php?rest_route=\/wp\/v2\/posts\/215357","targetHints":{"allow":["GET"]}}],"collection":[{"href":"http:\/\/vertienteglobal.com\/index.php?rest_route=\/wp\/v2\/posts"}],"about":[{"href":"http:\/\/vertienteglobal.com\/index.php?rest_route=\/wp\/v2\/types\/post"}],"author":[{"embeddable":true,"href":"http:\/\/vertienteglobal.com\/index.php?rest_route=\/wp\/v2\/users\/1"}],"replies":[{"embeddable":true,"href":"http:\/\/vertienteglobal.com\/index.php?rest_route=%2Fwp%2Fv2%2Fcomments&post=215357"}],"version-history":[{"count":0,"href":"http:\/\/vertienteglobal.com\/index.php?rest_route=\/wp\/v2\/posts\/215357\/revisions"}],"wp:featuredmedia":[{"embeddable":true,"href":"http:\/\/vertienteglobal.com\/index.php?rest_route=\/wp\/v2\/media\/215358"}],"wp:attachment":[{"href":"http:\/\/vertienteglobal.com\/index.php?rest_route=%2Fwp%2Fv2%2Fmedia&parent=215357"}],"wp:term":[{"taxonomy":"category","embeddable":true,"href":"http:\/\/vertienteglobal.com\/index.php?rest_route=%2Fwp%2Fv2%2Fcategories&post=215357"},{"taxonomy":"post_tag","embeddable":true,"href":"http:\/\/vertienteglobal.com\/index.php?rest_route=%2Fwp%2Fv2%2Ftags&post=215357"}],"curies":[{"name":"wp","href":"https:\/\/api.w.org\/{rel}","templated":true}]}}