{"id":215351,"date":"2023-02-22T08:24:00","date_gmt":"2023-02-22T14:24:00","guid":{"rendered":"http:\/\/vertienteglobal.com\/?p=215351"},"modified":"2023-02-22T09:55:52","modified_gmt":"2023-02-22T15:55:52","slug":"se-come-carne-el-miercoles-de-ceniza","status":"publish","type":"post","link":"http:\/\/vertienteglobal.com\/?p=215351","title":{"rendered":"\u00bfSe come carne el Mi\u00e9rcoles de Ceniza?"},"content":{"rendered":"\n<div class=\"twitterbutton\" style=\"float: right; padding-left: 5px;\"><a href=\"http:\/\/twitter.com\/share\" class=\"twitter-share-button\" data-count=\"horizontal\" data-text=\"\u00bfSe come carne el Mi\u00e9rcoles de Ceniza?\" data-via=\"https:\/\/twitter.com\/VertienteGloba1\" data-url=\"http:\/\/vertienteglobal.com\/?p=215351\" data-lang=\"es\" data-related=\"Informaci\u00f3n general:S\u00edguenos para que est\u00e9ss informado\"><\/a><\/div>\n<figure class=\"wp-block-image size-large\"><img loading=\"lazy\" decoding=\"async\" width=\"1024\" height=\"682\" src=\"http:\/\/vertienteglobal.com\/wp-content\/uploads\/2023\/02\/199454.jpg\" alt=\"\" class=\"wp-image-215352\" srcset=\"http:\/\/vertienteglobal.com\/wp-content\/uploads\/2023\/02\/199454.jpg 1024w, http:\/\/vertienteglobal.com\/wp-content\/uploads\/2023\/02\/199454-300x200.jpg 300w, http:\/\/vertienteglobal.com\/wp-content\/uploads\/2023\/02\/199454-150x100.jpg 150w, http:\/\/vertienteglobal.com\/wp-content\/uploads\/2023\/02\/199454-768x512.jpg 768w\" sizes=\"auto, (max-width: 1024px) 100vw, 1024px\" \/><\/figure>\n\n\n\n<p>(Redacci\u00f3n)<\/p>\n\n\n\n<p>Durante la Cuaresma y la Semana Santa hay d\u00edas de abstinencia de carne y de ayuno, especialmente en dos fechas: Mi\u00e9rcoles de Ceniza (22 de febrero) y Viernes Santo (7 de abril)<\/p>\n\n\n\n<p>Ciudad de M\u00e9xico 22 de febrero 2023.-Hoy mi\u00e9rcoles 22 de febrero la Iglesia Cat\u00f3lica celebra el Mi\u00e9rcoles de Ceniza, que marca el inicio del periodo de 40 d\u00edas llamado Cuaresma, en la que los creyentes se preparan espiritualmente para las fiestas de Pascua.<\/p>\n\n\n\n<p>Sin embargo, existen algunas dudas acerca de los d\u00edas en los que la poblaci\u00f3n se abstiene de comer carne.<\/p>\n\n\n\n<p>Durante la Cuaresma y la Semana Santa hay d\u00edas de abstinencia de carne y de ayuno, especialmente en dos fechas: Mi\u00e9rcoles de Ceniza (22 de febrero) y Viernes Santo (7 de abril).<\/p>\n\n\n\n<p>Si bien el h\u00e1bito de no comer carne se extiende a todos los viernes del a\u00f1o, usualmente las personas solo lo hacen en los viernes de Cuaresma.<\/p>\n\n\n\n<p>Seg\u00fan la antigua tradici\u00f3n, durante los d\u00edas santos solo se puede comer pescado, frutas, verduras, cereales y derivados, aunque con el tiempo se ha agregado el pollo a la lista de alimentos aceptados.(Fuente: EF\/tlam)<\/p>\n","protected":false},"excerpt":{"rendered":"<p>(Redacci\u00f3n) Durante la Cuaresma y la Semana Santa hay d\u00edas de abstinencia de carne y de ayuno, especialmente en dos fechas: Mi\u00e9rcoles de Ceniza (22 de febrero) y Viernes Santo (7 de abril) Ciudad de M\u00e9xico 22 de febrero 2023.-Hoy mi\u00e9rcoles 22 de febrero la Iglesia Cat\u00f3lica celebra el Mi\u00e9rcoles de Ceniza, que marca el [&hellip;]<\/p>\n","protected":false},"author":1,"featured_media":215352,"comment_status":"open","ping_status":"open","sticky":false,"template":"","format":"standard","meta":{"footnotes":""},"categories":[8],"tags":[],"class_list":["post-215351","post","type-post","status-publish","format-standard","has-post-thumbnail","hentry","category-pais","entry","has-media"],"jetpack_featured_media_url":"http:\/\/vertienteglobal.com\/wp-content\/uploads\/2023\/02\/199454.jpg","_links":{"self":[{"href":"http:\/\/vertienteglobal.com\/index.php?rest_route=\/wp\/v2\/posts\/215351","targetHints":{"allow":["GET"]}}],"collection":[{"href":"http:\/\/vertienteglobal.com\/index.php?rest_route=\/wp\/v2\/posts"}],"about":[{"href":"http:\/\/vertienteglobal.com\/index.php?rest_route=\/wp\/v2\/types\/post"}],"author":[{"embeddable":true,"href":"http:\/\/vertienteglobal.com\/index.php?rest_route=\/wp\/v2\/users\/1"}],"replies":[{"embeddable":true,"href":"http:\/\/vertienteglobal.com\/index.php?rest_route=%2Fwp%2Fv2%2Fcomments&post=215351"}],"version-history":[{"count":0,"href":"http:\/\/vertienteglobal.com\/index.php?rest_route=\/wp\/v2\/posts\/215351\/revisions"}],"wp:featuredmedia":[{"embeddable":true,"href":"http:\/\/vertienteglobal.com\/index.php?rest_route=\/wp\/v2\/media\/215352"}],"wp:attachment":[{"href":"http:\/\/vertienteglobal.com\/index.php?rest_route=%2Fwp%2Fv2%2Fmedia&parent=215351"}],"wp:term":[{"taxonomy":"category","embeddable":true,"href":"http:\/\/vertienteglobal.com\/index.php?rest_route=%2Fwp%2Fv2%2Fcategories&post=215351"},{"taxonomy":"post_tag","embeddable":true,"href":"http:\/\/vertienteglobal.com\/index.php?rest_route=%2Fwp%2Fv2%2Ftags&post=215351"}],"curies":[{"name":"wp","href":"https:\/\/api.w.org\/{rel}","templated":true}]}}