{"id":215242,"date":"2023-02-20T18:24:00","date_gmt":"2023-02-21T00:24:00","guid":{"rendered":"http:\/\/vertienteglobal.com\/?p=215242"},"modified":"2023-02-20T19:39:50","modified_gmt":"2023-02-21T01:39:50","slug":"dan-a-conocer-documental-yucateco-sobre-medicina-tradicional-maya","status":"publish","type":"post","link":"http:\/\/vertienteglobal.com\/?p=215242","title":{"rendered":"Dan a conocer documental yucateco sobre medicina tradicional maya"},"content":{"rendered":"\n<div class=\"twitterbutton\" style=\"float: right; padding-left: 5px;\"><a href=\"http:\/\/twitter.com\/share\" class=\"twitter-share-button\" data-count=\"horizontal\" data-text=\"Dan a conocer documental yucateco sobre medicina tradicional maya\" data-via=\"https:\/\/twitter.com\/VertienteGloba1\" data-url=\"http:\/\/vertienteglobal.com\/?p=215242\" data-lang=\"es\" data-related=\"Informaci\u00f3n general:S\u00edguenos para que est\u00e9ss informado\"><\/a><\/div>\n<figure class=\"wp-block-image size-large\"><img loading=\"lazy\" decoding=\"async\" width=\"1024\" height=\"512\" src=\"http:\/\/vertienteglobal.com\/wp-content\/uploads\/2023\/02\/FIAMP-1-1050x525-1-1024x512.jpeg\" alt=\"\" class=\"wp-image-215243\" srcset=\"http:\/\/vertienteglobal.com\/wp-content\/uploads\/2023\/02\/FIAMP-1-1050x525-1-1024x512.jpeg 1024w, http:\/\/vertienteglobal.com\/wp-content\/uploads\/2023\/02\/FIAMP-1-1050x525-1-300x150.jpeg 300w, http:\/\/vertienteglobal.com\/wp-content\/uploads\/2023\/02\/FIAMP-1-1050x525-1-150x75.jpeg 150w, http:\/\/vertienteglobal.com\/wp-content\/uploads\/2023\/02\/FIAMP-1-1050x525-1-768x384.jpeg 768w, http:\/\/vertienteglobal.com\/wp-content\/uploads\/2023\/02\/FIAMP-1-1050x525-1.jpeg 1050w\" sizes=\"auto, (max-width: 1024px) 100vw, 1024px\" \/><\/figure>\n\n\n\n<p>(Redacci\u00f3n)<\/p>\n\n\n\n<p>El video, ganador de festival internacional, est\u00e1 disponible en el canal de YouTube de Sedeculta<\/p>\n\n\n\n<p>M\u00e9rida, Yucat\u00e1n, 20 de febrero de 2023.- Entre dones, oficios y saberes. Medicina tradicional maya es el t\u00edtulo del video documental, disponible en el canal de YouTube de la Secretar\u00eda de la Cultura y las Artes (Sedeculta), con testimonios valiosos de diferentes personas dedicadas a esta pr\u00e1ctica.<\/p>\n\n\n\n<p>Es uno de los proyectos ganadores del Festival of Audiovisual and Innovative Museum Media Productions (F@IMP) 2021-2022 y surgi\u00f3 en el marco de la exposici\u00f3n del mismo nombre, que tuvo como sede el Gran Museo del Mundo Maya (GMMMM) y produjo la dependencia, a trav\u00e9s de la Direcci\u00f3n General de Museos y Patrimonio.<\/p>\n\n\n\n<p>Con una duraci\u00f3n de casi 30 minutos, se puede ver en los enlaces https:\/\/youtu.be\/mawllSamhmI, de Sedeculta, y https:\/\/youtu.be\/1PQQLTT2SzY, del Faimp Avicom; intervinieron la curadora Judith Alan\u00eds Figueroa, con producci\u00f3n de Miranda Ib\u00e1\u00f1ez Quijano, fotograf\u00eda de Alan Emmanuel Hern\u00e1ndez Moreno y edici\u00f3n de Enrique Medina Rosas.<\/p>\n\n\n\n<p>Se bas\u00f3 en testimonios de m\u00e9dicas y m\u00e9dicos tradicionales, j\u2019meeno\u2019ob, parteras, sobadoras, hierbateros y un culebrero; con orgullo y generosidad, dieron a conocer la importancia de su trabajo, el uso de plantas, pr\u00e1cticas y saberes ancestrales, transmitidos entre generaciones.Participaron Anselma Chal\u00e9 Eu\u00e1n, Zully Patr\u00f3n, Leydi Dorantes Cob, Felipa Cetina Moo, Juanita Pool Kinil, Mario Eu\u00e1n Chan, Emilio Chan Sanguino, Valerio Canch\u00e9 y Germ\u00e1n Balam, de Chemax, Huh\u00ed, Izamal, Mayap\u00e1n y Yaxcab\u00e1; Xcuny\u00e1, comisar\u00eda de M\u00e9rida, y Tabi y Tibol\u00f3n, de Sotuta.<\/p>\n\n\n\n<p>F@IMP reconoce la creaci\u00f3n y difusi\u00f3n de este tipo de trabajos, que elaboran museos o instituciones patrimoniales y culturales del mundo; lo organiza el Comit\u00e9 Internacional de ICOM para Audiovisuales, Nuevas Tecnolog\u00edas y Medios Sociales (Avicom) y es una expansi\u00f3n del Festival de Producciones Audiovisuales y Medios Museol\u00f3gicos Innovadores (Fiamp).<\/p>\n","protected":false},"excerpt":{"rendered":"<p>(Redacci\u00f3n) El video, ganador de festival internacional, est\u00e1 disponible en el canal de YouTube de Sedeculta M\u00e9rida, Yucat\u00e1n, 20 de febrero de 2023.- Entre dones, oficios y saberes. Medicina tradicional maya es el t\u00edtulo del video documental, disponible en el canal de YouTube de la Secretar\u00eda de la Cultura y las Artes (Sedeculta), con testimonios [&hellip;]<\/p>\n","protected":false},"author":1,"featured_media":215243,"comment_status":"open","ping_status":"open","sticky":false,"template":"","format":"standard","meta":{"footnotes":""},"categories":[2],"tags":[],"class_list":["post-215242","post","type-post","status-publish","format-standard","has-post-thumbnail","hentry","category-yucatan","entry","has-media"],"jetpack_featured_media_url":"http:\/\/vertienteglobal.com\/wp-content\/uploads\/2023\/02\/FIAMP-1-1050x525-1.jpeg","_links":{"self":[{"href":"http:\/\/vertienteglobal.com\/index.php?rest_route=\/wp\/v2\/posts\/215242","targetHints":{"allow":["GET"]}}],"collection":[{"href":"http:\/\/vertienteglobal.com\/index.php?rest_route=\/wp\/v2\/posts"}],"about":[{"href":"http:\/\/vertienteglobal.com\/index.php?rest_route=\/wp\/v2\/types\/post"}],"author":[{"embeddable":true,"href":"http:\/\/vertienteglobal.com\/index.php?rest_route=\/wp\/v2\/users\/1"}],"replies":[{"embeddable":true,"href":"http:\/\/vertienteglobal.com\/index.php?rest_route=%2Fwp%2Fv2%2Fcomments&post=215242"}],"version-history":[{"count":0,"href":"http:\/\/vertienteglobal.com\/index.php?rest_route=\/wp\/v2\/posts\/215242\/revisions"}],"wp:featuredmedia":[{"embeddable":true,"href":"http:\/\/vertienteglobal.com\/index.php?rest_route=\/wp\/v2\/media\/215243"}],"wp:attachment":[{"href":"http:\/\/vertienteglobal.com\/index.php?rest_route=%2Fwp%2Fv2%2Fmedia&parent=215242"}],"wp:term":[{"taxonomy":"category","embeddable":true,"href":"http:\/\/vertienteglobal.com\/index.php?rest_route=%2Fwp%2Fv2%2Fcategories&post=215242"},{"taxonomy":"post_tag","embeddable":true,"href":"http:\/\/vertienteglobal.com\/index.php?rest_route=%2Fwp%2Fv2%2Ftags&post=215242"}],"curies":[{"name":"wp","href":"https:\/\/api.w.org\/{rel}","templated":true}]}}