{"id":215218,"date":"2023-02-20T12:09:00","date_gmt":"2023-02-20T18:09:00","guid":{"rendered":"http:\/\/vertienteglobal.com\/?p=215218"},"modified":"2023-02-20T17:12:08","modified_gmt":"2023-02-20T23:12:08","slug":"aeropuerto-de-tulum-felipe-carrillo-puerto-sera-verde-y-tendra-base-aerea-militar-sedena","status":"publish","type":"post","link":"http:\/\/vertienteglobal.com\/?p=215218","title":{"rendered":"Aeropuerto de Tulum \u00abFelipe Carrillo Puerto\u00bb, ser\u00e1 verde y tendr\u00e1 base a\u00e9rea militar: Sedena"},"content":{"rendered":"\n<div class=\"twitterbutton\" style=\"float: right; padding-left: 5px;\"><a href=\"http:\/\/twitter.com\/share\" class=\"twitter-share-button\" data-count=\"horizontal\" data-text=\"Aeropuerto de Tulum \u00abFelipe Carrillo Puerto\u00bb, ser\u00e1 verde y tendr\u00e1 base a\u00e9re...\" data-via=\"https:\/\/twitter.com\/VertienteGloba1\" data-url=\"http:\/\/vertienteglobal.com\/?p=215218\" data-lang=\"es\" data-related=\"Informaci\u00f3n general:S\u00edguenos para que est\u00e9ss informado\"><\/a><\/div>\n<figure class=\"wp-block-image size-large\"><img loading=\"lazy\" decoding=\"async\" width=\"1024\" height=\"681\" src=\"http:\/\/vertienteglobal.com\/wp-content\/uploads\/2023\/02\/Conferencia_presidente_08.45.14.jpeg\" alt=\"\" class=\"wp-image-215220\" srcset=\"http:\/\/vertienteglobal.com\/wp-content\/uploads\/2023\/02\/Conferencia_presidente_08.45.14.jpeg 1024w, http:\/\/vertienteglobal.com\/wp-content\/uploads\/2023\/02\/Conferencia_presidente_08.45.14-300x200.jpeg 300w, http:\/\/vertienteglobal.com\/wp-content\/uploads\/2023\/02\/Conferencia_presidente_08.45.14-150x100.jpeg 150w, http:\/\/vertienteglobal.com\/wp-content\/uploads\/2023\/02\/Conferencia_presidente_08.45.14-768x511.jpeg 768w\" sizes=\"auto, (max-width: 1024px) 100vw, 1024px\" \/><\/figure>\n\n\n\n<p>(Redacci\u00f3n)<\/p>\n\n\n\n<p>Vallejo Su\u00e1rez asegur\u00f3 que este aeropuerto que construye el Ej\u00e9rcito mexicano ser\u00e1 \u201cun aeropuerto verde\u201d por su concepci\u00f3n, construcci\u00f3n y operaci\u00f3n conforme a recomendaciones de la Organizaci\u00f3n Internacional de Aviaci\u00f3n Civil y que parte de la iniciativa mundial de protecci\u00f3n del medio ambiente<\/p>\n\n\n\n<p>Ciudad de M\u00e9xico 20 de febrero 2023.- El ingeniero residente general de la Direcci\u00f3n General de Ingenieros de la Secretar\u00eda de la Defensa Nacional (Sedena), Gustavo Ricardo Vallejo Su\u00e1rez, inform\u00f3 que el Aeropuerto Internacional de Tulum \u201cFelipe Carrillo Puerto\u201d contar\u00e1 con una base a\u00e9rea militar para fortalecer la seguridad y vigilancia del espacio a\u00e9reo nacional.<\/p>\n\n\n\n<p>Y es que en conferencia de prensa matutina, Vallejo Su\u00e1rez asegur\u00f3 que este aeropuerto que construye el Ej\u00e9rcito mexicano ser\u00e1 \u201cun aeropuerto verde\u201d por su concepci\u00f3n, construcci\u00f3n y operaci\u00f3n conforme a recomendaciones de la Organizaci\u00f3n Internacional de Aviaci\u00f3n Civil y que parte de la iniciativa mundial de protecci\u00f3n del medio ambiente.<\/p>\n\n\n\n<p>Se\u00f1al\u00f3 que se prev\u00e9 que este aeropuerto reciba en su primera fase de desarrollo cerca de 5.5 millones de pasajeros al a\u00f1o, la mayor\u00eda de ellos extranjeros.<\/p>\n\n\n\n<p>\u201cEste complejo aeropuerto va a brindar proyecci\u00f3n y crecimiento tur\u00edstico y econ\u00f3mico de la zona sur de la Rivera Maya. Adicionalmente tendr\u00e1 una gran capacidad log\u00edstica gracias a su ubicaci\u00f3n central estrat\u00e9gica y su conexi\u00f3n inclusive con el Tren Maya. Va a ser una aeropuerto verde por su concepci\u00f3n, construcci\u00f3n y operaci\u00f3n conforme a recomendaciones de la Organizaci\u00f3n Internacional de Aviaci\u00f3n Civil y parte de la iniciativa mundial de la protecci\u00f3n del medio ambiente. Va a ser un proyecto de calidad con un alto sentido de innovaci\u00f3n a trav\u00e9s del uso de las tecnol\u00f3gicas m\u00e1s avanzadas.<\/p>\n\n\n\n<p>\u201cTendr\u00e1 una amplia gama de servios aeroportuarios, adicionalmente tendr\u00e1 una base \u00e1rea militar polivalente para fortalecer la seguridad y vigilancia del espacio a\u00e9reo nacional, auxiliar a la poblaci\u00f3n en caso de desastres y atender incendios forestales\u201d, detall\u00f3.<\/p>\n\n\n\n<p>En Palacio Nacional, el ingeniero militar detall\u00f3 que el aeropuerto tambi\u00e9n tendr\u00e1 un corredor comercial y de servicios de 10.5 kil\u00f3metros y que estar\u00e1 interconectado con la infraestructura Tren Maya.(Fuente:Agencias)<\/p>\n","protected":false},"excerpt":{"rendered":"<p>(Redacci\u00f3n) Vallejo Su\u00e1rez asegur\u00f3 que este aeropuerto que construye el Ej\u00e9rcito mexicano ser\u00e1 \u201cun aeropuerto verde\u201d por su concepci\u00f3n, construcci\u00f3n y operaci\u00f3n conforme a recomendaciones de la Organizaci\u00f3n Internacional de Aviaci\u00f3n Civil y que parte de la iniciativa mundial de protecci\u00f3n del medio ambiente Ciudad de M\u00e9xico 20 de febrero 2023.- El ingeniero residente general [&hellip;]<\/p>\n","protected":false},"author":1,"featured_media":215220,"comment_status":"open","ping_status":"open","sticky":false,"template":"","format":"standard","meta":{"footnotes":""},"categories":[8,3],"tags":[],"class_list":["post-215218","post","type-post","status-publish","format-standard","has-post-thumbnail","hentry","category-pais","category-quintana-roo","entry","has-media"],"jetpack_featured_media_url":"http:\/\/vertienteglobal.com\/wp-content\/uploads\/2023\/02\/Conferencia_presidente_08.45.14.jpeg","_links":{"self":[{"href":"http:\/\/vertienteglobal.com\/index.php?rest_route=\/wp\/v2\/posts\/215218","targetHints":{"allow":["GET"]}}],"collection":[{"href":"http:\/\/vertienteglobal.com\/index.php?rest_route=\/wp\/v2\/posts"}],"about":[{"href":"http:\/\/vertienteglobal.com\/index.php?rest_route=\/wp\/v2\/types\/post"}],"author":[{"embeddable":true,"href":"http:\/\/vertienteglobal.com\/index.php?rest_route=\/wp\/v2\/users\/1"}],"replies":[{"embeddable":true,"href":"http:\/\/vertienteglobal.com\/index.php?rest_route=%2Fwp%2Fv2%2Fcomments&post=215218"}],"version-history":[{"count":0,"href":"http:\/\/vertienteglobal.com\/index.php?rest_route=\/wp\/v2\/posts\/215218\/revisions"}],"wp:featuredmedia":[{"embeddable":true,"href":"http:\/\/vertienteglobal.com\/index.php?rest_route=\/wp\/v2\/media\/215220"}],"wp:attachment":[{"href":"http:\/\/vertienteglobal.com\/index.php?rest_route=%2Fwp%2Fv2%2Fmedia&parent=215218"}],"wp:term":[{"taxonomy":"category","embeddable":true,"href":"http:\/\/vertienteglobal.com\/index.php?rest_route=%2Fwp%2Fv2%2Fcategories&post=215218"},{"taxonomy":"post_tag","embeddable":true,"href":"http:\/\/vertienteglobal.com\/index.php?rest_route=%2Fwp%2Fv2%2Ftags&post=215218"}],"curies":[{"name":"wp","href":"https:\/\/api.w.org\/{rel}","templated":true}]}}