{"id":215137,"date":"2023-02-19T22:52:39","date_gmt":"2023-02-20T04:52:39","guid":{"rendered":"http:\/\/vertienteglobal.com\/?p=215137"},"modified":"2023-02-20T13:21:04","modified_gmt":"2023-02-20T19:21:04","slug":"meta-lanza-suscripcion-de-pago-para-verificar-cuentas-de-instagram-y-facebook","status":"publish","type":"post","link":"http:\/\/vertienteglobal.com\/?p=215137","title":{"rendered":"Meta lanza suscripci\u00f3n de pago para verificar cuentas de Instagram y Facebook"},"content":{"rendered":"\n<div class=\"twitterbutton\" style=\"float: right; padding-left: 5px;\"><a href=\"http:\/\/twitter.com\/share\" class=\"twitter-share-button\" data-count=\"horizontal\" data-text=\"Meta lanza suscripci\u00f3n de pago para verificar cuentas de Instagram y Facebook\" data-via=\"https:\/\/twitter.com\/VertienteGloba1\" data-url=\"http:\/\/vertienteglobal.com\/?p=215137\" data-lang=\"es\" data-related=\"Informaci\u00f3n general:S\u00edguenos para que est\u00e9ss informado\"><\/a><\/div>\n<figure class=\"wp-block-image size-large\"><img loading=\"lazy\" decoding=\"async\" width=\"1024\" height=\"683\" src=\"http:\/\/vertienteglobal.com\/wp-content\/uploads\/2023\/02\/199290.jpg\" alt=\"\" class=\"wp-image-215138\" srcset=\"http:\/\/vertienteglobal.com\/wp-content\/uploads\/2023\/02\/199290.jpg 1024w, http:\/\/vertienteglobal.com\/wp-content\/uploads\/2023\/02\/199290-300x200.jpg 300w, http:\/\/vertienteglobal.com\/wp-content\/uploads\/2023\/02\/199290-150x100.jpg 150w, http:\/\/vertienteglobal.com\/wp-content\/uploads\/2023\/02\/199290-768x512.jpg 768w\" sizes=\"auto, (max-width: 1024px) 100vw, 1024px\" \/><\/figure>\n\n\n\n<p>)Redacci\u00f3n)<\/p>\n\n\n\n<p>Mark Zuckerberg, dio a conocer que \u00abMeta Verified\u201d se lanzar\u00e1 primero en Australia y Nueva Zelanda en esta semana, mientras que en otros pa\u00edses se ir\u00e1 lanzando en pr\u00f3ximos d\u00edas<\/p>\n\n\n\n<p>Ciudad de M\u00e9xico 19 de febrero 2023.-Meta, firma propietaria de Facebook e Instagram, implementar\u00e1 un servicio de suscripci\u00f3n paga desde 11.99 d\u00f3lares al mes, el cual permitir\u00e1 a los usuarios que verifiquen sus cuentas en esas redes sociales.<\/p>\n\n\n\n<p>El director ejecutivo de Facebook, Mark Zuckerberg, dio a conocer que \u00abMeta Verified\u201d se lanzar\u00e1 primero en Australia y Nueva Zelanda en esta semana, mientras que en otros pa\u00edses se ir\u00e1 lanzando en pr\u00f3ximos d\u00edas.<\/p>\n\n\n\n<p>\u00abEsta nueva funci\u00f3n trata de aumentar la autenticidad y la seguridad en todos nuestros servicios\u00bb, asegur\u00f3 Zuckerberg.<\/p>\n\n\n\n<p>Aclar\u00f3 que no habr\u00e1 cambios en las cuentas de Facebook e Instagram que ya tienen verificaci\u00f3n, y afirm\u00f3 que s\u00f3lo usuarios que tengan m\u00e1s de 18 a\u00f1os podr\u00e1n unirse.(Fuente: El Universal)<\/p>\n","protected":false},"excerpt":{"rendered":"<p>)Redacci\u00f3n) Mark Zuckerberg, dio a conocer que \u00abMeta Verified\u201d se lanzar\u00e1 primero en Australia y Nueva Zelanda en esta semana, mientras que en otros pa\u00edses se ir\u00e1 lanzando en pr\u00f3ximos d\u00edas Ciudad de M\u00e9xico 19 de febrero 2023.-Meta, firma propietaria de Facebook e Instagram, implementar\u00e1 un servicio de suscripci\u00f3n paga desde 11.99 d\u00f3lares al mes, [&hellip;]<\/p>\n","protected":false},"author":1,"featured_media":215138,"comment_status":"open","ping_status":"open","sticky":false,"template":"","format":"standard","meta":{"footnotes":""},"categories":[8],"tags":[],"class_list":["post-215137","post","type-post","status-publish","format-standard","has-post-thumbnail","hentry","category-pais","entry","has-media"],"jetpack_featured_media_url":"http:\/\/vertienteglobal.com\/wp-content\/uploads\/2023\/02\/199290.jpg","_links":{"self":[{"href":"http:\/\/vertienteglobal.com\/index.php?rest_route=\/wp\/v2\/posts\/215137","targetHints":{"allow":["GET"]}}],"collection":[{"href":"http:\/\/vertienteglobal.com\/index.php?rest_route=\/wp\/v2\/posts"}],"about":[{"href":"http:\/\/vertienteglobal.com\/index.php?rest_route=\/wp\/v2\/types\/post"}],"author":[{"embeddable":true,"href":"http:\/\/vertienteglobal.com\/index.php?rest_route=\/wp\/v2\/users\/1"}],"replies":[{"embeddable":true,"href":"http:\/\/vertienteglobal.com\/index.php?rest_route=%2Fwp%2Fv2%2Fcomments&post=215137"}],"version-history":[{"count":0,"href":"http:\/\/vertienteglobal.com\/index.php?rest_route=\/wp\/v2\/posts\/215137\/revisions"}],"wp:featuredmedia":[{"embeddable":true,"href":"http:\/\/vertienteglobal.com\/index.php?rest_route=\/wp\/v2\/media\/215138"}],"wp:attachment":[{"href":"http:\/\/vertienteglobal.com\/index.php?rest_route=%2Fwp%2Fv2%2Fmedia&parent=215137"}],"wp:term":[{"taxonomy":"category","embeddable":true,"href":"http:\/\/vertienteglobal.com\/index.php?rest_route=%2Fwp%2Fv2%2Fcategories&post=215137"},{"taxonomy":"post_tag","embeddable":true,"href":"http:\/\/vertienteglobal.com\/index.php?rest_route=%2Fwp%2Fv2%2Ftags&post=215137"}],"curies":[{"name":"wp","href":"https:\/\/api.w.org\/{rel}","templated":true}]}}