{"id":214954,"date":"2023-02-17T11:24:00","date_gmt":"2023-02-17T17:24:00","guid":{"rendered":"http:\/\/vertienteglobal.com\/?p=214954"},"modified":"2023-02-17T17:10:08","modified_gmt":"2023-02-17T23:10:08","slug":"la-fpmc-rescata-y-protege-a-la-de-fauna-en-riesgo","status":"publish","type":"post","link":"http:\/\/vertienteglobal.com\/?p=214954","title":{"rendered":"La FPMC rescata y protege a la de fauna en riesgo"},"content":{"rendered":"\n<div class=\"twitterbutton\" style=\"float: right; padding-left: 5px;\"><a href=\"http:\/\/twitter.com\/share\" class=\"twitter-share-button\" data-count=\"horizontal\" data-text=\"La FPMC rescata y protege a la de fauna en riesgo\" data-via=\"https:\/\/twitter.com\/VertienteGloba1\" data-url=\"http:\/\/vertienteglobal.com\/?p=214954\" data-lang=\"es\" data-related=\"Informaci\u00f3n general:S\u00edguenos para que est\u00e9ss informado\"><\/a><\/div>\n<figure class=\"wp-block-image size-large\"><img loading=\"lazy\" decoding=\"async\" width=\"1024\" height=\"682\" src=\"http:\/\/vertienteglobal.com\/wp-content\/uploads\/2023\/02\/FPMC-aves2-1024x682.jpeg\" alt=\"\" class=\"wp-image-214955\" srcset=\"http:\/\/vertienteglobal.com\/wp-content\/uploads\/2023\/02\/FPMC-aves2-1024x682.jpeg 1024w, http:\/\/vertienteglobal.com\/wp-content\/uploads\/2023\/02\/FPMC-aves2-300x200.jpeg 300w, http:\/\/vertienteglobal.com\/wp-content\/uploads\/2023\/02\/FPMC-aves2-150x100.jpeg 150w, http:\/\/vertienteglobal.com\/wp-content\/uploads\/2023\/02\/FPMC-aves2-768x512.jpeg 768w, http:\/\/vertienteglobal.com\/wp-content\/uploads\/2023\/02\/FPMC-aves2-1536x1023.jpeg 1536w, http:\/\/vertienteglobal.com\/wp-content\/uploads\/2023\/02\/FPMC-aves2.jpeg 1600w\" sizes=\"auto, (max-width: 1024px) 100vw, 1024px\" \/><\/figure>\n\n\n\n<p>(Redacci\u00f3n)<\/p>\n\n\n\n<p>Se atendieron tres reportes y se rescataron a dos aves y un reptil<\/p>\n\n\n\n<p>Cozumel, Quintana Roo 17 de febrero 2023.- Con el objetivo de seguir promoviendo la participaci\u00f3n ciudadana para el rescate de fauna en riesgo, la Fundaci\u00f3n de Parques y Museos de Cozumel (FPMC) invita a la comunidad en general a reportar a la Direcci\u00f3n de Conservaci\u00f3n y Educaci\u00f3n Ambiental (CEA) a los animales que se encuentran en peligro o lesionados, como fue el caso del rescate de dos aves y una iguana realizados recientemente.<\/p>\n\n\n\n<p>Rafael Chac\u00f3n D\u00edaz, director de CEA, resalt\u00f3 que con el Nuevo Acuerdo por el Bienestar y Desarrollo de Quintana Roo, que promueve la gobernadora Mara Lezama Espinosa, se fomenta la participaci\u00f3n de los cozumele\u00f1os en acciones de protecci\u00f3n de los recursos naturales, incluidas todas las especies animales, para preservar el equilibrio ecol\u00f3gico de la Isla.<\/p>\n\n\n\n<p>Detall\u00f3 que gracias a un reporte del personal de la unidad deportiva \u201cIndependencia\u201d, se logr\u00f3 rescatar una cr\u00eda de lechuza de campanario (Tyto alba) que cay\u00f3 de su nido localizado en un \u00e1rbol, por lo que fue revisado y se volvi\u00f3 a colocar en el mismo lugar, debido a que no ten\u00eda ninguna lesi\u00f3n y est\u00e1 a muy poco tiempo de alzar el vuelo por s\u00ed solo.<\/p>\n\n\n\n<p>Agreg\u00f3 que esta especie se caracteriza por su plumaje blanco y suave, un rostro en forma de coraz\u00f3n y grandes ojos oscuros, que se alimenta, principalmente de peque\u00f1os mam\u00edferos, como ratones y ratas, as\u00ed como de algunos insectos y aves.<\/p>\n\n\n\n<p>Igualmente se atendi\u00f3 el reporte de una gaviota reidora (Chroicocephalus ridibundus), que hab\u00eda colisionado contra un edificio y requiri\u00f3 atenci\u00f3n de los especialistas del Centro M\u00e9dico Veterinario Cozumel (CMV), el ave migratoria se encuentra en recuperaci\u00f3n y se espera que en los pr\u00f3ximos d\u00edas sea liberada.<\/p>\n\n\n\n<p>Finalmente, se rescat\u00f3 una iguana gris (Ctenosaura similis) que se encontraba en peligro y fue reubicada en otra zona de la ciudad, destacando que esta especie pertenece a la familia de Iguanidae y son importantes para el ecosistema debido a que contribuyen a la dispersi\u00f3n de semillas y su actividad de excavaci\u00f3n de madrigueras puede mejorar la calidad del suelo.<\/p>\n\n\n\n<p>Para finalizar, Rafael Chac\u00f3n agradeci\u00f3 a la poblaci\u00f3n en general que conf\u00eda en la FPMC para apoyar en el rescate de la fauna y dijo que los reportes se pueden realizar al tel\u00e9fono 9871129791 o directamente en la Direcci\u00f3n de Conservaci\u00f3n y Educaci\u00f3n Ambiental (CCEA), localizado en la 65 avenida, en la zona industrial.<\/p>\n\n\n\n<figure class=\"wp-block-image size-large\"><img loading=\"lazy\" decoding=\"async\" width=\"585\" height=\"439\" src=\"http:\/\/vertienteglobal.com\/wp-content\/uploads\/2023\/02\/FPMC-aves3-585x439-1.jpeg\" alt=\"\" class=\"wp-image-214956\" srcset=\"http:\/\/vertienteglobal.com\/wp-content\/uploads\/2023\/02\/FPMC-aves3-585x439-1.jpeg 585w, http:\/\/vertienteglobal.com\/wp-content\/uploads\/2023\/02\/FPMC-aves3-585x439-1-300x225.jpeg 300w, http:\/\/vertienteglobal.com\/wp-content\/uploads\/2023\/02\/FPMC-aves3-585x439-1-150x113.jpeg 150w\" sizes=\"auto, (max-width: 585px) 100vw, 585px\" \/><\/figure>\n\n\n\n<figure class=\"wp-block-image size-large\"><img loading=\"lazy\" decoding=\"async\" width=\"585\" height=\"781\" src=\"http:\/\/vertienteglobal.com\/wp-content\/uploads\/2023\/02\/FPMC-aves1-585x781-1.jpeg\" alt=\"\" class=\"wp-image-214957\" srcset=\"http:\/\/vertienteglobal.com\/wp-content\/uploads\/2023\/02\/FPMC-aves1-585x781-1.jpeg 585w, http:\/\/vertienteglobal.com\/wp-content\/uploads\/2023\/02\/FPMC-aves1-585x781-1-225x300.jpeg 225w, http:\/\/vertienteglobal.com\/wp-content\/uploads\/2023\/02\/FPMC-aves1-585x781-1-112x150.jpeg 112w\" sizes=\"auto, (max-width: 585px) 100vw, 585px\" \/><\/figure>\n\n\n\n<figure class=\"wp-block-image size-large\"><img loading=\"lazy\" decoding=\"async\" width=\"576\" height=\"1024\" src=\"http:\/\/vertienteglobal.com\/wp-content\/uploads\/2023\/02\/FPMC-aves4-585x1040-1-576x1024.jpeg\" alt=\"\" class=\"wp-image-214958\" srcset=\"http:\/\/vertienteglobal.com\/wp-content\/uploads\/2023\/02\/FPMC-aves4-585x1040-1-576x1024.jpeg 576w, http:\/\/vertienteglobal.com\/wp-content\/uploads\/2023\/02\/FPMC-aves4-585x1040-1-169x300.jpeg 169w, http:\/\/vertienteglobal.com\/wp-content\/uploads\/2023\/02\/FPMC-aves4-585x1040-1-84x150.jpeg 84w, http:\/\/vertienteglobal.com\/wp-content\/uploads\/2023\/02\/FPMC-aves4-585x1040-1.jpeg 585w\" sizes=\"auto, (max-width: 576px) 100vw, 576px\" \/><\/figure>\n","protected":false},"excerpt":{"rendered":"<p>(Redacci\u00f3n) Se atendieron tres reportes y se rescataron a dos aves y un reptil Cozumel, Quintana Roo 17 de febrero 2023.- Con el objetivo de seguir promoviendo la participaci\u00f3n ciudadana para el rescate de fauna en riesgo, la Fundaci\u00f3n de Parques y Museos de Cozumel (FPMC) invita a la comunidad en general a reportar a [&hellip;]<\/p>\n","protected":false},"author":1,"featured_media":214955,"comment_status":"open","ping_status":"open","sticky":false,"template":"","format":"standard","meta":{"footnotes":""},"categories":[3],"tags":[],"class_list":["post-214954","post","type-post","status-publish","format-standard","has-post-thumbnail","hentry","category-quintana-roo","entry","has-media"],"jetpack_featured_media_url":"http:\/\/vertienteglobal.com\/wp-content\/uploads\/2023\/02\/FPMC-aves2.jpeg","_links":{"self":[{"href":"http:\/\/vertienteglobal.com\/index.php?rest_route=\/wp\/v2\/posts\/214954","targetHints":{"allow":["GET"]}}],"collection":[{"href":"http:\/\/vertienteglobal.com\/index.php?rest_route=\/wp\/v2\/posts"}],"about":[{"href":"http:\/\/vertienteglobal.com\/index.php?rest_route=\/wp\/v2\/types\/post"}],"author":[{"embeddable":true,"href":"http:\/\/vertienteglobal.com\/index.php?rest_route=\/wp\/v2\/users\/1"}],"replies":[{"embeddable":true,"href":"http:\/\/vertienteglobal.com\/index.php?rest_route=%2Fwp%2Fv2%2Fcomments&post=214954"}],"version-history":[{"count":0,"href":"http:\/\/vertienteglobal.com\/index.php?rest_route=\/wp\/v2\/posts\/214954\/revisions"}],"wp:featuredmedia":[{"embeddable":true,"href":"http:\/\/vertienteglobal.com\/index.php?rest_route=\/wp\/v2\/media\/214955"}],"wp:attachment":[{"href":"http:\/\/vertienteglobal.com\/index.php?rest_route=%2Fwp%2Fv2%2Fmedia&parent=214954"}],"wp:term":[{"taxonomy":"category","embeddable":true,"href":"http:\/\/vertienteglobal.com\/index.php?rest_route=%2Fwp%2Fv2%2Fcategories&post=214954"},{"taxonomy":"post_tag","embeddable":true,"href":"http:\/\/vertienteglobal.com\/index.php?rest_route=%2Fwp%2Fv2%2Ftags&post=214954"}],"curies":[{"name":"wp","href":"https:\/\/api.w.org\/{rel}","templated":true}]}}