{"id":214939,"date":"2023-02-17T08:48:00","date_gmt":"2023-02-17T14:48:00","guid":{"rendered":"http:\/\/vertienteglobal.com\/?p=214939"},"modified":"2023-02-17T17:26:44","modified_gmt":"2023-02-17T23:26:44","slug":"feliz-cumpleanos-chabelo-amigo-de-todos-los-ninos","status":"publish","type":"post","link":"http:\/\/vertienteglobal.com\/?p=214939","title":{"rendered":"\u00a1Feliz Cumplea\u00f1os Chabelo, amigo de todos los ni\u00f1os!"},"content":{"rendered":"\n<div class=\"twitterbutton\" style=\"float: right; padding-left: 5px;\"><a href=\"http:\/\/twitter.com\/share\" class=\"twitter-share-button\" data-count=\"horizontal\" data-text=\"\u00a1Feliz Cumplea\u00f1os Chabelo, amigo de todos los ni\u00f1os!\" data-via=\"https:\/\/twitter.com\/VertienteGloba1\" data-url=\"http:\/\/vertienteglobal.com\/?p=214939\" data-lang=\"es\" data-related=\"Informaci\u00f3n general:S\u00edguenos para que est\u00e9ss informado\"><\/a><\/div>\n<figure class=\"wp-block-image size-large\"><img loading=\"lazy\" decoding=\"async\" width=\"660\" height=\"330\" src=\"http:\/\/vertienteglobal.com\/wp-content\/uploads\/2023\/02\/f1280x720-58687_190362_5050-660x330-1.jpg\" alt=\"\" class=\"wp-image-214936\" srcset=\"http:\/\/vertienteglobal.com\/wp-content\/uploads\/2023\/02\/f1280x720-58687_190362_5050-660x330-1.jpg 660w, http:\/\/vertienteglobal.com\/wp-content\/uploads\/2023\/02\/f1280x720-58687_190362_5050-660x330-1-300x150.jpg 300w, http:\/\/vertienteglobal.com\/wp-content\/uploads\/2023\/02\/f1280x720-58687_190362_5050-660x330-1-150x75.jpg 150w\" sizes=\"auto, (max-width: 660px) 100vw, 660px\" \/><\/figure>\n\n\n\n<p>(Redacci\u00f3n)<\/p>\n\n\n\n<p>Xavier L\u00f3pez Rodr\u00edguez colecciona ranas por un solo motivo: \u2018Porqu\u00e9 es el \u00fanico animal que no da un paso atr\u00e1s para tomar impulso\u2019<\/p>\n\n\n\n<p>Ciudad de M\u00e9xico 17 de febrero 2023.-El actor, comediante y presentador de televisi\u00f3n, Xavier L\u00f3pez Rodr\u00edguez, Chabelo, celebra este viernes su cumplea\u00f1os n\u00famero 88. L\u00f3pez Rodr\u00edguez es mexico-estadounidense, pues sus padres, Jos\u00e9 Luis L\u00f3pez Barba y Eulalia Rodr\u00edguez, originarios de Le\u00f3n, Guanajuato, se mudaron a Estados Unidos antes de que naciera, el 17 de febrero de 1935 en Chicago, Illinois, Estados Unidos.<\/p>\n\n\n\n<p>Al cumplir su primer a\u00f1o de vida, sus pap\u00e1s volvieron a Le\u00f3n, Guanajuato, en donde le ense\u00f1ar\u00edan a trabajar en el campo.<\/p>\n\n\n\n<p>A los 18 a\u00f1os, tuvo que volver a Estados Unidos para ejercer su servicio militar y fue reclutado por el Ej\u00e9rcito de los Estados Unidos para colaborar durante tres meses en una base militar ubicada en San Diego, California.<\/p>\n\n\n\n<p>Estuvo a punto de ser enviado a la guerra de Corea, pero al final no ocurri\u00f3 porque el conflicto concluy\u00f3 durante su estancia en la base.<\/p>\n\n\n\n<p>Xavier L\u00f3pez estudi\u00f3 la carrera de medicina, la cual ejerci\u00f3 durante cuatro a\u00f1os en un sanatorio particular del cual era socio.<\/p>\n\n\n\n<p>Sin embargo, el llamado de la televisi\u00f3n fue m\u00e1s fuerte, pues faltaba a sus clases para poder visitar las instalaciones de Televicentro, inaugurado en 1952, propiedad de la alianza de estaciones mexicanas de radio, Telesistema Mexicano, que m\u00e1s tarde se convertir\u00eda en Televisa.<\/p>\n\n\n\n<p>En una de esas visitas conoci\u00f3 al productor Luis de Llano Palmer, quien le ofreci\u00f3 trabajar como asistente de producci\u00f3n, el cual acept\u00f3 inmediatamente y abandon\u00f3 su carrera en la medicina.<\/p>\n\n\n\n<p>Ese fue s\u00f3lo el inicio, despu\u00e9s se desempe\u00f1\u00f3 como camar\u00f3grafo y floor manager, pero al convivir con ese ambiente decidi\u00f3 convertirse en actor y estudi\u00f3 arte dram\u00e1tico durante cuatro a\u00f1os.<\/p>\n\n\n\n<p>Despu\u00e9s de eso vinieron sus apariciones en teleteatros, en las que participaba como sustituto para los actores que llegaban tarde o faltaban.<\/p>\n\n\n\n<p>Sin embargo, Chabelo naci\u00f3 como personaje cuando conoci\u00f3 a los actores Arturo Ernesto Manrique Elizondo, El Panz\u00f3n Panseco, y Ramiro Gamboa, El T\u00edo Gambo\u00edn.<\/p>\n\n\n\n<p>Este \u00faltimo fue quien le dio la oportunidad de contar un chiste de un libro, en donde el ni\u00f1o protagonista se llamaba Chabelo y fue as\u00ed como naci\u00f3 el personaje durante la emisi\u00f3n de un cap\u00edtulo del programa Carrusel Musical.<\/p>\n\n\n\n<p>En 1958, incursion\u00f3 en el cine con la pel\u00edcula \u201cChistelandia\u201d y en sus secuelas y le sigui\u00f3 en 1962, interpretar a su personaje Chabelo en la pel\u00edcula \u201cEl extra\u201d, protagonizada por Mario Moreno, Cantinflas.<\/p>\n\n\n\n<p>Ha filmado m\u00e1s de 30 pel\u00edculas y lleg\u00f3 a ser dirigido por Ismael Rodr\u00edguez y Alfredo Ripstein.<\/p>\n\n\n\n<p>En 1967 estren\u00f3 el programa \u2018En familia con Chabelo\u2019, variedades, concursos y participaci\u00f3n dedicado a la familia, que se transmiti\u00f3 desde el 26 de noviembre de 1967 hasta el a\u00f1o 2015.<\/p>\n\n\n\n<p>Su primera esposa fue Angelita Castany, con quien estuvo casado durante dos a\u00f1os. Posteriormente, contrajo matrimonio con Teresita Miranda, con quien procre\u00f3 tres hijos: \u00d3scar, Javier y Juan Gabriel.<\/p>\n\n\n\n<p>El programa se transmiti\u00f3 casi sin interrupciones desde entonces.<\/p>\n\n\n\n<p>Las \u00fanicas fueron por motivos de salud de su conductor, quien apareci\u00f3 inclusive en carritos m\u00f3viles para poder participar luego de accidentes automovil\u00edsticos y otros problemas de salud.<\/p>\n\n\n\n<p>Tambien se suspendi\u00f3 el programa por eventos como los Juegos Ol\u00edmpicos de 2008 y 2012, la pandemia de gripe AH1N1 en abril y mayo de 2009 (debido a que no hubo p\u00fablico), la cobertura por la visita de Benedicto XVI, el 25 de marzo de 2012, y las elecciones presidenciales del 1 de julio del mismo a\u00f1o.<\/p>\n\n\n\n<p>El 27 de noviembre de 2015, Xavier L\u00f3pez anunci\u00f3 el final del programa tras 48 a\u00f1os al aire, y la \u00faltima emisi\u00f3n fue el domingo 20 de diciembre.<\/p>\n\n\n\n<p>Es aficionado a manejar motocicletas y tiene una colecci\u00f3n de m\u00e1s de 2 mil 400 ranas por un solo motivo.<\/p>\n\n\n\n<p>\u00bfSabes por qu\u00e9 colecciono ranas?, porqu\u00e9 es el \u00fanico animal que no da un paso atr\u00e1s para tomar impulso<\/p>\n\n\n\n<p>Longevidad y Memes<\/p>\n\n\n\n<p>El emblem\u00e1tico actor y conductor Xavier L\u00f3pez, Chabelo, se vuelve viral en redes sociales luego de la muerte de alg\u00fan famoso, pues se ha convertido en uno de los personajes m\u00e1s longevos de M\u00e9xico.<\/p>\n\n\n\n<p>El 30 de noviembre de 2006, devel\u00f3 una estatua de su personaje en el Parque de los Venados a manera de homenaje de la comunidad art\u00edstica(Fuente:Noticieros Televisa)<\/p>\n","protected":false},"excerpt":{"rendered":"<p>(Redacci\u00f3n) Xavier L\u00f3pez Rodr\u00edguez colecciona ranas por un solo motivo: \u2018Porqu\u00e9 es el \u00fanico animal que no da un paso atr\u00e1s para tomar impulso\u2019 Ciudad de M\u00e9xico 17 de febrero 2023.-El actor, comediante y presentador de televisi\u00f3n, Xavier L\u00f3pez Rodr\u00edguez, Chabelo, celebra este viernes su cumplea\u00f1os n\u00famero 88. L\u00f3pez Rodr\u00edguez es mexico-estadounidense, pues sus padres, [&hellip;]<\/p>\n","protected":false},"author":1,"featured_media":214936,"comment_status":"open","ping_status":"open","sticky":false,"template":"","format":"standard","meta":{"footnotes":""},"categories":[10,8],"tags":[],"class_list":["post-214939","post","type-post","status-publish","format-standard","has-post-thumbnail","hentry","category-espectaculos","category-pais","entry","has-media"],"jetpack_featured_media_url":"http:\/\/vertienteglobal.com\/wp-content\/uploads\/2023\/02\/f1280x720-58687_190362_5050-660x330-1.jpg","_links":{"self":[{"href":"http:\/\/vertienteglobal.com\/index.php?rest_route=\/wp\/v2\/posts\/214939","targetHints":{"allow":["GET"]}}],"collection":[{"href":"http:\/\/vertienteglobal.com\/index.php?rest_route=\/wp\/v2\/posts"}],"about":[{"href":"http:\/\/vertienteglobal.com\/index.php?rest_route=\/wp\/v2\/types\/post"}],"author":[{"embeddable":true,"href":"http:\/\/vertienteglobal.com\/index.php?rest_route=\/wp\/v2\/users\/1"}],"replies":[{"embeddable":true,"href":"http:\/\/vertienteglobal.com\/index.php?rest_route=%2Fwp%2Fv2%2Fcomments&post=214939"}],"version-history":[{"count":0,"href":"http:\/\/vertienteglobal.com\/index.php?rest_route=\/wp\/v2\/posts\/214939\/revisions"}],"wp:featuredmedia":[{"embeddable":true,"href":"http:\/\/vertienteglobal.com\/index.php?rest_route=\/wp\/v2\/media\/214936"}],"wp:attachment":[{"href":"http:\/\/vertienteglobal.com\/index.php?rest_route=%2Fwp%2Fv2%2Fmedia&parent=214939"}],"wp:term":[{"taxonomy":"category","embeddable":true,"href":"http:\/\/vertienteglobal.com\/index.php?rest_route=%2Fwp%2Fv2%2Fcategories&post=214939"},{"taxonomy":"post_tag","embeddable":true,"href":"http:\/\/vertienteglobal.com\/index.php?rest_route=%2Fwp%2Fv2%2Ftags&post=214939"}],"curies":[{"name":"wp","href":"https:\/\/api.w.org\/{rel}","templated":true}]}}