{"id":214849,"date":"2023-02-16T20:19:00","date_gmt":"2023-02-17T02:19:00","guid":{"rendered":"http:\/\/vertienteglobal.com\/?p=214849"},"modified":"2023-02-16T21:04:18","modified_gmt":"2023-02-17T03:04:18","slug":"suman-esfuerzos-mara-lezama-y-amexcid-para-atraer-prosperidad-a-quintana-roo","status":"publish","type":"post","link":"http:\/\/vertienteglobal.com\/?p=214849","title":{"rendered":"Suman esfuerzos Mara Lezama y AMEXCID para atraer prosperidad a Quintana Roo"},"content":{"rendered":"\n<div class=\"twitterbutton\" style=\"float: right; padding-left: 5px;\"><a href=\"http:\/\/twitter.com\/share\" class=\"twitter-share-button\" data-count=\"horizontal\" data-text=\"Suman esfuerzos Mara Lezama y AMEXCID para atraer prosperidad a Quintana Roo\" data-via=\"https:\/\/twitter.com\/VertienteGloba1\" data-url=\"http:\/\/vertienteglobal.com\/?p=214849\" data-lang=\"es\" data-related=\"Informaci\u00f3n general:S\u00edguenos para que est\u00e9ss informado\"><\/a><\/div>\n<figure class=\"wp-block-image size-large\"><img loading=\"lazy\" decoding=\"async\" width=\"1024\" height=\"643\" src=\"http:\/\/vertienteglobal.com\/wp-content\/uploads\/2023\/02\/ML-AMEXCID-01-1-1024x643.jpeg\" alt=\"\" class=\"wp-image-214898\" srcset=\"http:\/\/vertienteglobal.com\/wp-content\/uploads\/2023\/02\/ML-AMEXCID-01-1-1024x643.jpeg 1024w, http:\/\/vertienteglobal.com\/wp-content\/uploads\/2023\/02\/ML-AMEXCID-01-1-300x188.jpeg 300w, http:\/\/vertienteglobal.com\/wp-content\/uploads\/2023\/02\/ML-AMEXCID-01-1-150x94.jpeg 150w, http:\/\/vertienteglobal.com\/wp-content\/uploads\/2023\/02\/ML-AMEXCID-01-1-768x482.jpeg 768w, http:\/\/vertienteglobal.com\/wp-content\/uploads\/2023\/02\/ML-AMEXCID-01-1-1536x964.jpeg 1536w, http:\/\/vertienteglobal.com\/wp-content\/uploads\/2023\/02\/ML-AMEXCID-01-1.jpeg 1600w\" sizes=\"auto, (max-width: 1024px) 100vw, 1024px\" \/><\/figure>\n\n\n\n<p>(Redaccion)<\/p>\n\n\n\n<p>Durante el encuentro AMEXCID manifest\u00f3 la intenci\u00f3n de promover proyectos de saneamiento de agua, proyectos de autoconsumo y desarrollo rural<\/p>\n\n\n\n<p>Canc\u00fan, Quintana Roo 16 de febrero 2023.- La gobernadora Mara Lezama Espinosa se reuni\u00f3 con Ra\u00fal \u00c1lvarez Villase\u00f1or, director general de Operaci\u00f3n de Proyectos en M\u00e9xico de la Agencia de Cooperaci\u00f3n Internacional para el Desarrollo (AMEXCID), con quien dialog\u00f3 sobre acciones conjuntas a desarrollar en Quintana Roo que permitan fortalecer el trabajo a favor del bienestar social y la prosperidad compartida.<\/p>\n\n\n\n<p>Los integrantes de la AMEXCID y funcionarios del Gobierno del Estado encabezados por Mara Lezama, dialogaron sobre la coordinaci\u00f3n en proyectos para impulsar el desarrollo rural, disminuir la pobreza alimentaria, proyectos de auto consumo, saneamiento del agua entre otros.<\/p>\n\n\n\n<p>La Gobernadora de Quintana Roo destac\u00f3 que a trav\u00e9s del Nuevo Acuerdo por el Bienestar y Desarrollo de Quintana Roo en este nuevo gobierno se buscan alianzas para promover proyectos y acciones a favor de las y los quintanarroenses que permitan reducir las brechas de desigualdad.<\/p>\n\n\n\n<p>Ra\u00fal \u00c1lvarez Villase\u00f1or present\u00f3 el programa \u201cMesoam\u00e9rica sin Hambre AMEXCID-FAO\u201d que tiene reconocimiento a nivel regional e internacional, que ha tenido \u00e9xito con los programas y alianzas en los pa\u00edses de Belice, Colombia, Costa Rica, El Salvador, Guatemala, Honduras, Nicaragua, Panam\u00e1 y Rep\u00fablica Dominicana.<\/p>\n\n\n\n<p>Se\u00f1al\u00f3 que para 2023-2024, se busca incluir a M\u00e9xico entre los pa\u00edses de intervenci\u00f3n, principalmente, la regi\u00f3n sur-sureste del pa\u00eds, particularmente, en el estado de Quintana Roo.<\/p>\n\n\n\n<figure class=\"wp-block-image size-large\"><img decoding=\"async\" src=\"blob:http:\/\/vertienteglobal.com\/a886a181-61ae-44d5-96f8-a8b2953d7d4b\" alt=\"\"\/><\/figure>\n\n\n\n<figure class=\"wp-block-image size-large\"><img loading=\"lazy\" decoding=\"async\" width=\"585\" height=\"355\" src=\"http:\/\/vertienteglobal.com\/wp-content\/uploads\/2023\/02\/ML-AMEXCID-02-585x355-2.jpeg\" alt=\"\" class=\"wp-image-214900\" srcset=\"http:\/\/vertienteglobal.com\/wp-content\/uploads\/2023\/02\/ML-AMEXCID-02-585x355-2.jpeg 585w, http:\/\/vertienteglobal.com\/wp-content\/uploads\/2023\/02\/ML-AMEXCID-02-585x355-2-300x182.jpeg 300w, http:\/\/vertienteglobal.com\/wp-content\/uploads\/2023\/02\/ML-AMEXCID-02-585x355-2-150x91.jpeg 150w\" sizes=\"auto, (max-width: 585px) 100vw, 585px\" \/><\/figure>\n\n\n\n<figure class=\"wp-block-image size-large\"><img loading=\"lazy\" decoding=\"async\" width=\"585\" height=\"370\" src=\"http:\/\/vertienteglobal.com\/wp-content\/uploads\/2023\/02\/ML-AMEXCID-03-585x370-2.jpeg\" alt=\"\" class=\"wp-image-214899\" srcset=\"http:\/\/vertienteglobal.com\/wp-content\/uploads\/2023\/02\/ML-AMEXCID-03-585x370-2.jpeg 585w, http:\/\/vertienteglobal.com\/wp-content\/uploads\/2023\/02\/ML-AMEXCID-03-585x370-2-300x190.jpeg 300w, http:\/\/vertienteglobal.com\/wp-content\/uploads\/2023\/02\/ML-AMEXCID-03-585x370-2-150x95.jpeg 150w\" sizes=\"auto, (max-width: 585px) 100vw, 585px\" \/><\/figure>\n","protected":false},"excerpt":{"rendered":"<p>(Redaccion) Durante el encuentro AMEXCID manifest\u00f3 la intenci\u00f3n de promover proyectos de saneamiento de agua, proyectos de autoconsumo y desarrollo rural Canc\u00fan, Quintana Roo 16 de febrero 2023.- La gobernadora Mara Lezama Espinosa se reuni\u00f3 con Ra\u00fal \u00c1lvarez Villase\u00f1or, director general de Operaci\u00f3n de Proyectos en M\u00e9xico de la Agencia de Cooperaci\u00f3n Internacional para el [&hellip;]<\/p>\n","protected":false},"author":1,"featured_media":214850,"comment_status":"open","ping_status":"open","sticky":false,"template":"","format":"standard","meta":{"footnotes":""},"categories":[3],"tags":[],"class_list":["post-214849","post","type-post","status-publish","format-standard","has-post-thumbnail","hentry","category-quintana-roo","entry","has-media"],"jetpack_featured_media_url":"http:\/\/vertienteglobal.com\/wp-content\/uploads\/2023\/02\/ML-AMEXCID-01.jpeg","_links":{"self":[{"href":"http:\/\/vertienteglobal.com\/index.php?rest_route=\/wp\/v2\/posts\/214849","targetHints":{"allow":["GET"]}}],"collection":[{"href":"http:\/\/vertienteglobal.com\/index.php?rest_route=\/wp\/v2\/posts"}],"about":[{"href":"http:\/\/vertienteglobal.com\/index.php?rest_route=\/wp\/v2\/types\/post"}],"author":[{"embeddable":true,"href":"http:\/\/vertienteglobal.com\/index.php?rest_route=\/wp\/v2\/users\/1"}],"replies":[{"embeddable":true,"href":"http:\/\/vertienteglobal.com\/index.php?rest_route=%2Fwp%2Fv2%2Fcomments&post=214849"}],"version-history":[{"count":0,"href":"http:\/\/vertienteglobal.com\/index.php?rest_route=\/wp\/v2\/posts\/214849\/revisions"}],"wp:featuredmedia":[{"embeddable":true,"href":"http:\/\/vertienteglobal.com\/index.php?rest_route=\/wp\/v2\/media\/214850"}],"wp:attachment":[{"href":"http:\/\/vertienteglobal.com\/index.php?rest_route=%2Fwp%2Fv2%2Fmedia&parent=214849"}],"wp:term":[{"taxonomy":"category","embeddable":true,"href":"http:\/\/vertienteglobal.com\/index.php?rest_route=%2Fwp%2Fv2%2Fcategories&post=214849"},{"taxonomy":"post_tag","embeddable":true,"href":"http:\/\/vertienteglobal.com\/index.php?rest_route=%2Fwp%2Fv2%2Ftags&post=214849"}],"curies":[{"name":"wp","href":"https:\/\/api.w.org\/{rel}","templated":true}]}}