{"id":214724,"date":"2023-02-15T17:38:00","date_gmt":"2023-02-15T23:38:00","guid":{"rendered":"http:\/\/vertienteglobal.com\/?p=214724"},"modified":"2023-02-15T19:10:55","modified_gmt":"2023-02-16T01:10:55","slug":"ileana-canul-toma-protesta-a-nueva-red-jovenes-impulsores-de-la-transformacion-2023","status":"publish","type":"post","link":"http:\/\/vertienteglobal.com\/?p=214724","title":{"rendered":"Ileana Canul toma protesta a nueva \u00abRed J\u00f3venes Impulsores de la Transformaci\u00f3n 2023\u00bb"},"content":{"rendered":"\n<div class=\"twitterbutton\" style=\"float: right; padding-left: 5px;\"><a href=\"http:\/\/twitter.com\/share\" class=\"twitter-share-button\" data-count=\"horizontal\" data-text=\"Ileana Canul toma protesta a nueva \u00abRed J\u00f3venes Impulsores de la Transformaci?...\" data-via=\"https:\/\/twitter.com\/VertienteGloba1\" data-url=\"http:\/\/vertienteglobal.com\/?p=214724\" data-lang=\"es\" data-related=\"Informaci\u00f3n general:S\u00edguenos para que est\u00e9ss informado\"><\/a><\/div>\n<figure class=\"wp-block-image size-large\"><img loading=\"lazy\" decoding=\"async\" width=\"720\" height=\"479\" src=\"http:\/\/vertienteglobal.com\/wp-content\/uploads\/2023\/02\/FB_IMG_1676498420160.jpg\" alt=\"\" class=\"wp-image-214725\" srcset=\"http:\/\/vertienteglobal.com\/wp-content\/uploads\/2023\/02\/FB_IMG_1676498420160.jpg 720w, http:\/\/vertienteglobal.com\/wp-content\/uploads\/2023\/02\/FB_IMG_1676498420160-300x200.jpg 300w, http:\/\/vertienteglobal.com\/wp-content\/uploads\/2023\/02\/FB_IMG_1676498420160-150x100.jpg 150w\" sizes=\"auto, (max-width: 720px) 100vw, 720px\" \/><\/figure>\n\n\n\n<p>(Redaccion)<\/p>\n\n\n\n<p>La Lic. Ileana Canul de Dzul, tom\u00f3 protesta y premi\u00f3 a la nueva Red de Impulsores de la Transformaci\u00f3n 2023<\/p>\n\n\n\n<p>Tulum, Quintana Roo a 15 de febrero del 2023.-El Sistema para el Desarrollo Integral de la Familia de Tulum (DIF-Tulum) eligi\u00f3 a la nueva \u201cRed de J\u00f3venes Impulsores de la Transformaci\u00f3n 2023\u201d, a trav\u00e9s de concurso que tuvo la exitosa participaci\u00f3n de 19 ni\u00f1os, ni\u00f1as y adolescentes, de las cuales, tres resultaron ganadores y tomaro protesta en presencia de la presidenta de la loable instituci\u00f3n, Lic. Ileana Canul de Dzul.<\/p>\n\n\n\n<p>Se trata de Edgardo Dzib Uh, Mar\u00eda Jos\u00e9 Dzul Canul y Eduardo Canul May, quienes obtuvieron el primero, segundo y tercer lugar, respectivamente, de un total de 19 participantes que expusieron temas referentes a los derechos de las ni\u00f1as, ni\u00f1os y adolescentes y se calificaron, seguridad al hablar y buen desempe\u00f1o, dominio del tema, dicci\u00f3n al hablar y tiempo de exposici\u00f3n.<\/p>\n\n\n\n<p>Seguidamente del concurso, la Lic. Ileana Canul de Dzul, tom\u00f3 protesta y premi\u00f3 a la nueva Red de Impulsores de la Transformaci\u00f3n 2023.<\/p>\n\n\n\n<p>\u201cGracias chicos por tener ese valor de pararse y poder expresar lo que ustedes sienten. Desde siempre se ha criticado a los j\u00f3venes por sentir inconformidad al mundo que les toc\u00f3 vivir, pero no se les ofrec\u00eda las herramientas, ni una gu\u00eda-metodolog\u00eda para que, con una mezcla informada, un coraz\u00f3n puro, una voz sincera lograran comunicar lo que ellos sab\u00edan que se pod\u00eda mejorar para as\u00ed vivir en una sociedad m\u00e1s justa y equitativa. Ustedes son muy afortunados de vivir en un Pa\u00eds con libertad, esta es una gran oportunidad para crecer como personas y contribuir difundiendo los derechos de la infancia y adolescencia, as\u00ed como los valores para ir por el camino del bien\u201d, dijo.<\/p>\n\n\n\n<p>Es importante se\u00f1alar que un ni\u00f1o, ni\u00f1a y adolescente impulsor, es quien posee habilidades y conocimientos necesarios para poder difundir sus derechos y promover espacios para alzar la voz.<\/p>\n\n\n\n<p>Al evento asistieron alumnos del Cecyte Tulum y de la escuela In Najil Xook Tulum, as\u00ed como la regidora Fany Gallegos S\u00e1nchez, Jessica Ramirez de la Rosa, directora de la loable instituci\u00f3n y otros funcionarios.<\/p>\n\n\n\n<figure class=\"wp-block-image size-large\"><img loading=\"lazy\" decoding=\"async\" width=\"721\" height=\"480\" src=\"http:\/\/vertienteglobal.com\/wp-content\/uploads\/2023\/02\/FB_IMG_1676498423580.jpg\" alt=\"\" class=\"wp-image-214726\" srcset=\"http:\/\/vertienteglobal.com\/wp-content\/uploads\/2023\/02\/FB_IMG_1676498423580.jpg 721w, http:\/\/vertienteglobal.com\/wp-content\/uploads\/2023\/02\/FB_IMG_1676498423580-300x200.jpg 300w, http:\/\/vertienteglobal.com\/wp-content\/uploads\/2023\/02\/FB_IMG_1676498423580-150x100.jpg 150w\" sizes=\"auto, (max-width: 721px) 100vw, 721px\" \/><\/figure>\n\n\n\n<figure class=\"wp-block-image size-large\"><img loading=\"lazy\" decoding=\"async\" width=\"720\" height=\"480\" src=\"http:\/\/vertienteglobal.com\/wp-content\/uploads\/2023\/02\/FB_IMG_1676498426813.jpg\" alt=\"\" class=\"wp-image-214727\" srcset=\"http:\/\/vertienteglobal.com\/wp-content\/uploads\/2023\/02\/FB_IMG_1676498426813.jpg 720w, http:\/\/vertienteglobal.com\/wp-content\/uploads\/2023\/02\/FB_IMG_1676498426813-300x200.jpg 300w, http:\/\/vertienteglobal.com\/wp-content\/uploads\/2023\/02\/FB_IMG_1676498426813-150x100.jpg 150w\" sizes=\"auto, (max-width: 720px) 100vw, 720px\" \/><\/figure>\n\n\n\n<figure class=\"wp-block-image size-large\"><img loading=\"lazy\" decoding=\"async\" width=\"721\" height=\"480\" src=\"http:\/\/vertienteglobal.com\/wp-content\/uploads\/2023\/02\/FB_IMG_1676498433186.jpg\" alt=\"\" class=\"wp-image-214728\" srcset=\"http:\/\/vertienteglobal.com\/wp-content\/uploads\/2023\/02\/FB_IMG_1676498433186.jpg 721w, http:\/\/vertienteglobal.com\/wp-content\/uploads\/2023\/02\/FB_IMG_1676498433186-300x200.jpg 300w, http:\/\/vertienteglobal.com\/wp-content\/uploads\/2023\/02\/FB_IMG_1676498433186-150x100.jpg 150w\" sizes=\"auto, (max-width: 721px) 100vw, 721px\" \/><\/figure>\n\n\n\n<figure class=\"wp-block-image size-large\"><img loading=\"lazy\" decoding=\"async\" width=\"721\" height=\"480\" src=\"http:\/\/vertienteglobal.com\/wp-content\/uploads\/2023\/02\/FB_IMG_1676498436920.jpg\" alt=\"\" class=\"wp-image-214729\" srcset=\"http:\/\/vertienteglobal.com\/wp-content\/uploads\/2023\/02\/FB_IMG_1676498436920.jpg 721w, http:\/\/vertienteglobal.com\/wp-content\/uploads\/2023\/02\/FB_IMG_1676498436920-300x200.jpg 300w, http:\/\/vertienteglobal.com\/wp-content\/uploads\/2023\/02\/FB_IMG_1676498436920-150x100.jpg 150w\" sizes=\"auto, (max-width: 721px) 100vw, 721px\" \/><\/figure>\n","protected":false},"excerpt":{"rendered":"<p>(Redaccion) La Lic. Ileana Canul de Dzul, tom\u00f3 protesta y premi\u00f3 a la nueva Red de Impulsores de la Transformaci\u00f3n 2023 Tulum, Quintana Roo a 15 de febrero del 2023.-El Sistema para el Desarrollo Integral de la Familia de Tulum (DIF-Tulum) eligi\u00f3 a la nueva \u201cRed de J\u00f3venes Impulsores de la Transformaci\u00f3n 2023\u201d, a trav\u00e9s [&hellip;]<\/p>\n","protected":false},"author":1,"featured_media":214725,"comment_status":"open","ping_status":"open","sticky":false,"template":"","format":"standard","meta":{"footnotes":""},"categories":[3],"tags":[],"class_list":["post-214724","post","type-post","status-publish","format-standard","has-post-thumbnail","hentry","category-quintana-roo","entry","has-media"],"jetpack_featured_media_url":"http:\/\/vertienteglobal.com\/wp-content\/uploads\/2023\/02\/FB_IMG_1676498420160.jpg","_links":{"self":[{"href":"http:\/\/vertienteglobal.com\/index.php?rest_route=\/wp\/v2\/posts\/214724","targetHints":{"allow":["GET"]}}],"collection":[{"href":"http:\/\/vertienteglobal.com\/index.php?rest_route=\/wp\/v2\/posts"}],"about":[{"href":"http:\/\/vertienteglobal.com\/index.php?rest_route=\/wp\/v2\/types\/post"}],"author":[{"embeddable":true,"href":"http:\/\/vertienteglobal.com\/index.php?rest_route=\/wp\/v2\/users\/1"}],"replies":[{"embeddable":true,"href":"http:\/\/vertienteglobal.com\/index.php?rest_route=%2Fwp%2Fv2%2Fcomments&post=214724"}],"version-history":[{"count":0,"href":"http:\/\/vertienteglobal.com\/index.php?rest_route=\/wp\/v2\/posts\/214724\/revisions"}],"wp:featuredmedia":[{"embeddable":true,"href":"http:\/\/vertienteglobal.com\/index.php?rest_route=\/wp\/v2\/media\/214725"}],"wp:attachment":[{"href":"http:\/\/vertienteglobal.com\/index.php?rest_route=%2Fwp%2Fv2%2Fmedia&parent=214724"}],"wp:term":[{"taxonomy":"category","embeddable":true,"href":"http:\/\/vertienteglobal.com\/index.php?rest_route=%2Fwp%2Fv2%2Fcategories&post=214724"},{"taxonomy":"post_tag","embeddable":true,"href":"http:\/\/vertienteglobal.com\/index.php?rest_route=%2Fwp%2Fv2%2Ftags&post=214724"}],"curies":[{"name":"wp","href":"https:\/\/api.w.org\/{rel}","templated":true}]}}