{"id":214710,"date":"2023-02-15T16:52:00","date_gmt":"2023-02-15T22:52:00","guid":{"rendered":"http:\/\/vertienteglobal.com\/?p=214710"},"modified":"2023-02-15T19:05:08","modified_gmt":"2023-02-16T01:05:08","slug":"entrega-fonatur-viviendas-a-familias-en-tenosique-tren-maya-cambia-la-vida-de-comunidades-javier-may","status":"publish","type":"post","link":"http:\/\/vertienteglobal.com\/?p=214710","title":{"rendered":"Entrega Fonatur viviendas a familias en Tenosique; Tren Maya cambia la vida de comunidades: Javier May"},"content":{"rendered":"\n<div class=\"twitterbutton\" style=\"float: right; padding-left: 5px;\"><a href=\"http:\/\/twitter.com\/share\" class=\"twitter-share-button\" data-count=\"horizontal\" data-text=\"Entrega Fonatur viviendas a familias en Tenosique; Tren Maya cambia la vida de c...\" data-via=\"https:\/\/twitter.com\/VertienteGloba1\" data-url=\"http:\/\/vertienteglobal.com\/?p=214710\" data-lang=\"es\" data-related=\"Informaci\u00f3n general:S\u00edguenos para que est\u00e9ss informado\"><\/a><\/div>\n<figure class=\"wp-block-image size-large\"><img loading=\"lazy\" decoding=\"async\" width=\"1024\" height=\"682\" src=\"http:\/\/vertienteglobal.com\/wp-content\/uploads\/2023\/02\/IMG-20230215-WA0234-1024x682.jpg\" alt=\"\" class=\"wp-image-214711\" srcset=\"http:\/\/vertienteglobal.com\/wp-content\/uploads\/2023\/02\/IMG-20230215-WA0234-1024x682.jpg 1024w, http:\/\/vertienteglobal.com\/wp-content\/uploads\/2023\/02\/IMG-20230215-WA0234-300x200.jpg 300w, http:\/\/vertienteglobal.com\/wp-content\/uploads\/2023\/02\/IMG-20230215-WA0234-150x100.jpg 150w, http:\/\/vertienteglobal.com\/wp-content\/uploads\/2023\/02\/IMG-20230215-WA0234-768x512.jpg 768w, http:\/\/vertienteglobal.com\/wp-content\/uploads\/2023\/02\/IMG-20230215-WA0234-1536x1023.jpg 1536w, http:\/\/vertienteglobal.com\/wp-content\/uploads\/2023\/02\/IMG-20230215-WA0234.jpg 1600w\" sizes=\"auto, (max-width: 1024px) 100vw, 1024px\" \/><\/figure>\n\n\n\n<p>(Redacci\u00f3n)<\/p>\n\n\n\n<p>Son 51 acciones del Plan Integral de Desarrollo del Tren Maya; se cumple instrucci\u00f3n presidencial con trabajo coordinado y apoyo del pueblo, se\u00f1ala<\/p>\n\n\n\n<p>Destaca que las familias relocalizadas del derecho de v\u00eda tienen ahora un patrimonio y certeza jur\u00eddica<\/p>\n\n\n\n<p>Destaca que las familias relocalizadas del derecho de v\u00eda tienen ahora un patrimonio y certeza jur\u00eddica<\/p>\n\n\n\n<p>Acompa\u00f1an el acto la subsecretaria de Ordenamiento Territorial y Agrario de Sedatu y el presidente municipal de Tenosique, entre otros servidores p\u00fablicos<\/p>\n\n\n\n<p>Tenosique, Tabasco 15 de enero 2023.- El Tren Maya cambia la vida de las comunidades porque, m\u00e1s que una obra ferroviaria, significa un Plan Integral de Desarrollo Social, afirm\u00f3 el director general del Fondo Nacional de Fomento al Turismo (Fonatur), Javier May Rodr\u00edguez, al entregar 51 viviendas nuevas a familias relocalizadas del derecho de v\u00eda en Tenosique, Tabasco, que forma parte del tramo 1.<\/p>\n\n\n\n<p>Se\u00f1al\u00f3 que, conforme a la instrucci\u00f3n del presidente Andr\u00e9s Manuel L\u00f3pez Obrador, se atiende con prioridad a las localidades cercanas al Tren Maya, por lo que las familias beneficiadas con esta entrega tienen ahora la certeza jur\u00eddica sobre la posesi\u00f3n de sus viviendas, lo cual, \u201cera una deuda del Estado con ellas\u201d.<\/p>\n\n\n\n<p>Acompa\u00f1ado por la subsecretaria de Ordenamiento Territorial y Agrario de la Secretar\u00eda de Desarrollo Agrario, Territorial y Urbano (Sedatu) Edna Elena Vega Rangel, y por el presidente municipal de Tenosique, Jorge Su\u00e1rez Moreno, entre otros servidores p\u00fablicos, May Rodr\u00edguez destac\u00f3 la coordinaci\u00f3n de todas las autoridades de gobierno para el cumplimiento del programa de vivienda.<\/p>\n\n\n\n<p>\u201cEl Tren Maya se construye con el apoyo coordinado del gobierno, pero tambi\u00e9n del pueblo, pues sin ustedes, sin su confianza, no hubi\u00e9semos podido avanzar, porque la relocalizaci\u00f3n se hace sin imposici\u00f3n ni desalojo, sino a trav\u00e9s del convencimiento de que es una obra en beneficio de la gente.\u201d<\/p>\n\n\n\n<p>Las viviendas nuevas, construidas con recursos del Plan Integral de Desarrollo del Tren Maya, en coordinaci\u00f3n con Sedatu, a trav\u00e9s de la Comisi\u00f3n Nacional de Vivienda (Conavi), benefician a familias del poblado Icorsa, ejido Fais\u00e1n, y cabecera municipal de Tenosique.<\/p>\n\n\n\n<p>Cuentan con 75.25 m2, dos rec\u00e1maras, sala, comedor, cocina, sanitario completo, p\u00f3rtico, \u00e1rea de lavado y cisterna, as\u00ed como todos los servicios p\u00fablicos: agua, luz, drenaje, \u00e1reas verdes, calles, banquetas y luminarias.<\/p>\n\n\n\n<p>Destacan calles y banquetas, en las que se combin\u00f3 concreto hidr\u00e1ulico con durmientes del antiguo ferrocarril, mediante un m\u00e9todo artesanal; por decisi\u00f3n comunal, el fraccionamiento se llama 7 de Noviembre, por el D\u00eda del Ferrocarrilero.<\/p>\n\n\n\n<p>May Rodr\u00edguez afirm\u00f3 que son obras y hechos como estos los que muestran la transformaci\u00f3n en M\u00e9xico, proyectos como el Tren Maya que tiene el objetivo de \u201cque el turismo pueda impulsar el desarrollo social y detonar la econom\u00eda en las regiones, en las comunidades antes olvidadas y abandonadas\u201d.<\/p>\n\n\n\n<p>Luego de exhortar a las y los beneficiarios a cuidar su patrimonio \u201cy no ceder a la tentaci\u00f3n de venderlo, por muy dif\u00edcil que sea alguna situaci\u00f3n\u201d, record\u00f3 que el Tren Maya traer\u00e1 tambi\u00e9n el beneficio de un transporte local, econ\u00f3mico y r\u00e1pido, para pasajeros y carga, y se va a inaugurar en diciembre de este mismo a\u00f1o.<\/p>\n\n\n\n<p>Asistieron tambi\u00e9n: el director general de Conavi, Juan Javier Granados Barr\u00f3n, y el gerente del tramo 1 del Tren Maya, Daniel Fern\u00e1ndez Valenzuela. Asimismo, el director general de la Comisi\u00f3n Estatal de Agua y Saneamiento de Tabasco, Armando Padilla Herrera, y el director general de la constructora Goli, Juan Jos\u00e9 Gonz\u00e1lez Rivera.<\/p>\n\n\n\n<p>Por parte de las y los beneficiarios, la se\u00f1ora Griselda Gonz\u00e1lez Azcagua, en representaci\u00f3n de su madre, Josefa del Carmen Arg\u00fcelles Castro, y el se\u00f1or Carlos Montuy L\u00f3pez.<\/p>\n\n\n\n<figure class=\"wp-block-image size-large\"><img loading=\"lazy\" decoding=\"async\" width=\"1024\" height=\"682\" src=\"http:\/\/vertienteglobal.com\/wp-content\/uploads\/2023\/02\/IMG-20230215-WA0232-1024x682.jpg\" alt=\"\" class=\"wp-image-214712\" srcset=\"http:\/\/vertienteglobal.com\/wp-content\/uploads\/2023\/02\/IMG-20230215-WA0232-1024x682.jpg 1024w, http:\/\/vertienteglobal.com\/wp-content\/uploads\/2023\/02\/IMG-20230215-WA0232-300x200.jpg 300w, http:\/\/vertienteglobal.com\/wp-content\/uploads\/2023\/02\/IMG-20230215-WA0232-150x100.jpg 150w, http:\/\/vertienteglobal.com\/wp-content\/uploads\/2023\/02\/IMG-20230215-WA0232-768x512.jpg 768w, http:\/\/vertienteglobal.com\/wp-content\/uploads\/2023\/02\/IMG-20230215-WA0232-1536x1023.jpg 1536w, http:\/\/vertienteglobal.com\/wp-content\/uploads\/2023\/02\/IMG-20230215-WA0232.jpg 1600w\" sizes=\"auto, (max-width: 1024px) 100vw, 1024px\" \/><\/figure>\n\n\n\n<figure class=\"wp-block-image size-large\"><img loading=\"lazy\" decoding=\"async\" width=\"1024\" height=\"768\" src=\"http:\/\/vertienteglobal.com\/wp-content\/uploads\/2023\/02\/IMG-20230215-WA0230-1024x768.jpg\" alt=\"\" class=\"wp-image-214713\" srcset=\"http:\/\/vertienteglobal.com\/wp-content\/uploads\/2023\/02\/IMG-20230215-WA0230-1024x768.jpg 1024w, http:\/\/vertienteglobal.com\/wp-content\/uploads\/2023\/02\/IMG-20230215-WA0230-300x225.jpg 300w, http:\/\/vertienteglobal.com\/wp-content\/uploads\/2023\/02\/IMG-20230215-WA0230-150x113.jpg 150w, http:\/\/vertienteglobal.com\/wp-content\/uploads\/2023\/02\/IMG-20230215-WA0230-768x576.jpg 768w, http:\/\/vertienteglobal.com\/wp-content\/uploads\/2023\/02\/IMG-20230215-WA0230-1536x1152.jpg 1536w, http:\/\/vertienteglobal.com\/wp-content\/uploads\/2023\/02\/IMG-20230215-WA0230.jpg 1600w\" sizes=\"auto, (max-width: 1024px) 100vw, 1024px\" \/><\/figure>\n\n\n\n<figure class=\"wp-block-image size-large\"><img loading=\"lazy\" decoding=\"async\" width=\"1024\" height=\"682\" src=\"http:\/\/vertienteglobal.com\/wp-content\/uploads\/2023\/02\/IMG-20230215-WA0231-1024x682.jpg\" alt=\"\" class=\"wp-image-214714\" srcset=\"http:\/\/vertienteglobal.com\/wp-content\/uploads\/2023\/02\/IMG-20230215-WA0231-1024x682.jpg 1024w, http:\/\/vertienteglobal.com\/wp-content\/uploads\/2023\/02\/IMG-20230215-WA0231-300x200.jpg 300w, http:\/\/vertienteglobal.com\/wp-content\/uploads\/2023\/02\/IMG-20230215-WA0231-150x100.jpg 150w, http:\/\/vertienteglobal.com\/wp-content\/uploads\/2023\/02\/IMG-20230215-WA0231-768x512.jpg 768w, http:\/\/vertienteglobal.com\/wp-content\/uploads\/2023\/02\/IMG-20230215-WA0231-1536x1023.jpg 1536w, http:\/\/vertienteglobal.com\/wp-content\/uploads\/2023\/02\/IMG-20230215-WA0231.jpg 1600w\" sizes=\"auto, (max-width: 1024px) 100vw, 1024px\" \/><\/figure>\n\n\n\n<figure class=\"wp-block-image size-large\"><img loading=\"lazy\" decoding=\"async\" width=\"1024\" height=\"576\" src=\"http:\/\/vertienteglobal.com\/wp-content\/uploads\/2023\/02\/IMG-20230215-WA0233-1024x576.jpg\" alt=\"\" class=\"wp-image-214715\" srcset=\"http:\/\/vertienteglobal.com\/wp-content\/uploads\/2023\/02\/IMG-20230215-WA0233-1024x576.jpg 1024w, http:\/\/vertienteglobal.com\/wp-content\/uploads\/2023\/02\/IMG-20230215-WA0233-300x169.jpg 300w, http:\/\/vertienteglobal.com\/wp-content\/uploads\/2023\/02\/IMG-20230215-WA0233-150x84.jpg 150w, http:\/\/vertienteglobal.com\/wp-content\/uploads\/2023\/02\/IMG-20230215-WA0233-768x432.jpg 768w, http:\/\/vertienteglobal.com\/wp-content\/uploads\/2023\/02\/IMG-20230215-WA0233.jpg 1152w\" sizes=\"auto, (max-width: 1024px) 100vw, 1024px\" \/><\/figure>\n","protected":false},"excerpt":{"rendered":"<p>(Redacci\u00f3n) Son 51 acciones del Plan Integral de Desarrollo del Tren Maya; se cumple instrucci\u00f3n presidencial con trabajo coordinado y apoyo del pueblo, se\u00f1ala Destaca que las familias relocalizadas del derecho de v\u00eda tienen ahora un patrimonio y certeza jur\u00eddica Destaca que las familias relocalizadas del derecho de v\u00eda tienen ahora un patrimonio y certeza [&hellip;]<\/p>\n","protected":false},"author":1,"featured_media":214711,"comment_status":"open","ping_status":"open","sticky":false,"template":"","format":"standard","meta":{"footnotes":""},"categories":[8,5],"tags":[],"class_list":["post-214710","post","type-post","status-publish","format-standard","has-post-thumbnail","hentry","category-pais","category-tabasco","entry","has-media"],"jetpack_featured_media_url":"http:\/\/vertienteglobal.com\/wp-content\/uploads\/2023\/02\/IMG-20230215-WA0234.jpg","_links":{"self":[{"href":"http:\/\/vertienteglobal.com\/index.php?rest_route=\/wp\/v2\/posts\/214710","targetHints":{"allow":["GET"]}}],"collection":[{"href":"http:\/\/vertienteglobal.com\/index.php?rest_route=\/wp\/v2\/posts"}],"about":[{"href":"http:\/\/vertienteglobal.com\/index.php?rest_route=\/wp\/v2\/types\/post"}],"author":[{"embeddable":true,"href":"http:\/\/vertienteglobal.com\/index.php?rest_route=\/wp\/v2\/users\/1"}],"replies":[{"embeddable":true,"href":"http:\/\/vertienteglobal.com\/index.php?rest_route=%2Fwp%2Fv2%2Fcomments&post=214710"}],"version-history":[{"count":0,"href":"http:\/\/vertienteglobal.com\/index.php?rest_route=\/wp\/v2\/posts\/214710\/revisions"}],"wp:featuredmedia":[{"embeddable":true,"href":"http:\/\/vertienteglobal.com\/index.php?rest_route=\/wp\/v2\/media\/214711"}],"wp:attachment":[{"href":"http:\/\/vertienteglobal.com\/index.php?rest_route=%2Fwp%2Fv2%2Fmedia&parent=214710"}],"wp:term":[{"taxonomy":"category","embeddable":true,"href":"http:\/\/vertienteglobal.com\/index.php?rest_route=%2Fwp%2Fv2%2Fcategories&post=214710"},{"taxonomy":"post_tag","embeddable":true,"href":"http:\/\/vertienteglobal.com\/index.php?rest_route=%2Fwp%2Fv2%2Ftags&post=214710"}],"curies":[{"name":"wp","href":"https:\/\/api.w.org\/{rel}","templated":true}]}}