{"id":214606,"date":"2023-02-14T16:49:00","date_gmt":"2023-02-14T22:49:00","guid":{"rendered":"http:\/\/vertienteglobal.com\/?p=214606"},"modified":"2023-02-14T21:51:31","modified_gmt":"2023-02-15T03:51:31","slug":"dan-de-baja-a-2-de-los-maestros-que-vendian-tesis-en-la-ujat-confirma-rector","status":"publish","type":"post","link":"http:\/\/vertienteglobal.com\/?p=214606","title":{"rendered":"Dan de baja a 2 de los maestros que vend\u00edan tesis en la UJAT, confirma rector"},"content":{"rendered":"\n<div class=\"twitterbutton\" style=\"float: right; padding-left: 5px;\"><a href=\"http:\/\/twitter.com\/share\" class=\"twitter-share-button\" data-count=\"horizontal\" data-text=\"Dan de baja a 2 de los maestros que vend\u00edan tesis en la UJAT, confirma rector\" data-via=\"https:\/\/twitter.com\/VertienteGloba1\" data-url=\"http:\/\/vertienteglobal.com\/?p=214606\" data-lang=\"es\" data-related=\"Informaci\u00f3n general:S\u00edguenos para que est\u00e9ss informado\"><\/a><\/div>\n<figure class=\"wp-block-image size-large\"><img loading=\"lazy\" decoding=\"async\" width=\"1024\" height=\"638\" src=\"http:\/\/vertienteglobal.com\/wp-content\/uploads\/2023\/02\/198958.jpg\" alt=\"\" class=\"wp-image-214607\" srcset=\"http:\/\/vertienteglobal.com\/wp-content\/uploads\/2023\/02\/198958.jpg 1024w, http:\/\/vertienteglobal.com\/wp-content\/uploads\/2023\/02\/198958-300x187.jpg 300w, http:\/\/vertienteglobal.com\/wp-content\/uploads\/2023\/02\/198958-150x93.jpg 150w, http:\/\/vertienteglobal.com\/wp-content\/uploads\/2023\/02\/198958-768x479.jpg 768w\" sizes=\"auto, (max-width: 1024px) 100vw, 1024px\" \/><\/figure>\n\n\n\n<p>(Redaccion)<\/p>\n\n\n\n<p>Es en la Divisi\u00f3n Acad\u00e9mica de Cunduac\u00e1n donde se detectaron los casos de venta de tesis<\/p>\n\n\n\n<p>Villahermosa, Tabasco 14 de febrero 2023.-Dos de los maestros que incurr\u00edan en la venta de tesis a alumnos ya fueron dados de baja y eran docentes interinos, confirm\u00f3 el rector de la Universidad Ju\u00e1rez Aut\u00f3noma de Tabasco (UJAT) Guillermo Narv\u00e1ez Osorio.<\/p>\n\n\n\n<p>Dio a conocer que los otros dos maestros que tambi\u00e9n comet\u00edan estas pr\u00e1cticas son personal de base, por lo que est\u00e1 en proceso la respectiva sanci\u00f3n a trav\u00e9s del Consejo T\u00e9cnico Divisional para separarlos de la instituci\u00f3n.<\/p>\n\n\n\n<p>Asimismo, coment\u00f3 que los 15 alumnos que compraron sus trabajos de tesis ser\u00e1n sancionados y deber\u00e1n cursar un taller sobre \u00e9tica durante un periodo de seis meses.<\/p>\n\n\n\n<p>Cabe recordar que es en la Divisi\u00f3n Acad\u00e9mica de Cunduac\u00e1n donde se detectaron los casos de venta de tesis.<\/p>\n","protected":false},"excerpt":{"rendered":"<p>(Redaccion) Es en la Divisi\u00f3n Acad\u00e9mica de Cunduac\u00e1n donde se detectaron los casos de venta de tesis Villahermosa, Tabasco 14 de febrero 2023.-Dos de los maestros que incurr\u00edan en la venta de tesis a alumnos ya fueron dados de baja y eran docentes interinos, confirm\u00f3 el rector de la Universidad Ju\u00e1rez Aut\u00f3noma de Tabasco (UJAT) [&hellip;]<\/p>\n","protected":false},"author":1,"featured_media":214607,"comment_status":"open","ping_status":"open","sticky":false,"template":"","format":"standard","meta":{"footnotes":""},"categories":[9,5],"tags":[],"class_list":["post-214606","post","type-post","status-publish","format-standard","has-post-thumbnail","hentry","category-educacion","category-tabasco","entry","has-media"],"jetpack_featured_media_url":"http:\/\/vertienteglobal.com\/wp-content\/uploads\/2023\/02\/198958.jpg","_links":{"self":[{"href":"http:\/\/vertienteglobal.com\/index.php?rest_route=\/wp\/v2\/posts\/214606","targetHints":{"allow":["GET"]}}],"collection":[{"href":"http:\/\/vertienteglobal.com\/index.php?rest_route=\/wp\/v2\/posts"}],"about":[{"href":"http:\/\/vertienteglobal.com\/index.php?rest_route=\/wp\/v2\/types\/post"}],"author":[{"embeddable":true,"href":"http:\/\/vertienteglobal.com\/index.php?rest_route=\/wp\/v2\/users\/1"}],"replies":[{"embeddable":true,"href":"http:\/\/vertienteglobal.com\/index.php?rest_route=%2Fwp%2Fv2%2Fcomments&post=214606"}],"version-history":[{"count":0,"href":"http:\/\/vertienteglobal.com\/index.php?rest_route=\/wp\/v2\/posts\/214606\/revisions"}],"wp:featuredmedia":[{"embeddable":true,"href":"http:\/\/vertienteglobal.com\/index.php?rest_route=\/wp\/v2\/media\/214607"}],"wp:attachment":[{"href":"http:\/\/vertienteglobal.com\/index.php?rest_route=%2Fwp%2Fv2%2Fmedia&parent=214606"}],"wp:term":[{"taxonomy":"category","embeddable":true,"href":"http:\/\/vertienteglobal.com\/index.php?rest_route=%2Fwp%2Fv2%2Fcategories&post=214606"},{"taxonomy":"post_tag","embeddable":true,"href":"http:\/\/vertienteglobal.com\/index.php?rest_route=%2Fwp%2Fv2%2Ftags&post=214606"}],"curies":[{"name":"wp","href":"https:\/\/api.w.org\/{rel}","templated":true}]}}