{"id":214204,"date":"2023-02-10T10:45:00","date_gmt":"2023-02-10T16:45:00","guid":{"rendered":"http:\/\/vertienteglobal.com\/?p=214204"},"modified":"2023-02-10T17:47:26","modified_gmt":"2023-02-10T23:47:26","slug":"la-fpmc-inauguro-la-exposicion-pictorica-mi-mundo-imperfecto-del-artista-urbano-geovanni-cordova-asteck","status":"publish","type":"post","link":"http:\/\/vertienteglobal.com\/?p=214204","title":{"rendered":"La FPMC inaugur\u00f3 la exposici\u00f3n pict\u00f3rica \u201cMi Mundo Imperfecto\u201d, del artista urbano Geovanni C\u00f3rdova \u201cAsteck\u201d"},"content":{"rendered":"\n<div class=\"twitterbutton\" style=\"float: right; padding-left: 5px;\"><a href=\"http:\/\/twitter.com\/share\" class=\"twitter-share-button\" data-count=\"horizontal\" data-text=\"La FPMC inaugur\u00f3 la exposici\u00f3n pict\u00f3rica \u201cMi Mundo Imperfecto\u201d, del artis...\" data-via=\"https:\/\/twitter.com\/VertienteGloba1\" data-url=\"http:\/\/vertienteglobal.com\/?p=214204\" data-lang=\"es\" data-related=\"Informaci\u00f3n general:S\u00edguenos para que est\u00e9ss informado\"><\/a><\/div>\n<figure class=\"wp-block-image size-large\"><img loading=\"lazy\" decoding=\"async\" width=\"1024\" height=\"682\" src=\"http:\/\/vertienteglobal.com\/wp-content\/uploads\/2023\/02\/FPMC-exposicion1-1-1024x682.jpeg\" alt=\"\" class=\"wp-image-214205\" srcset=\"http:\/\/vertienteglobal.com\/wp-content\/uploads\/2023\/02\/FPMC-exposicion1-1-1024x682.jpeg 1024w, http:\/\/vertienteglobal.com\/wp-content\/uploads\/2023\/02\/FPMC-exposicion1-1-300x200.jpeg 300w, http:\/\/vertienteglobal.com\/wp-content\/uploads\/2023\/02\/FPMC-exposicion1-1-150x100.jpeg 150w, http:\/\/vertienteglobal.com\/wp-content\/uploads\/2023\/02\/FPMC-exposicion1-1-768x512.jpeg 768w, http:\/\/vertienteglobal.com\/wp-content\/uploads\/2023\/02\/FPMC-exposicion1-1-1536x1023.jpeg 1536w, http:\/\/vertienteglobal.com\/wp-content\/uploads\/2023\/02\/FPMC-exposicion1-1.jpeg 1600w\" sizes=\"auto, (max-width: 1024px) 100vw, 1024px\" \/><\/figure>\n\n\n\n<p>(Redaccion)<\/p>\n\n\n\n<p>El Museo de la Isla abre sus puertas a nuevos talentos<\/p>\n\n\n\n<p>Cozumel, Quintana Roo 10 de febrero 2023.- El artista urbano Geovanni C\u00f3rdova, mejor conocido como \u201cAsteck\u201d, recibi\u00f3 un reconocimiento de la Fundaci\u00f3n de Parques y Museos de Cozumel (FPMC), por su primera exposici\u00f3n pict\u00f3rica con el t\u00edtulo \u201cMi Mundo Imperfecto\u201d, que se inaugur\u00f3 la noche del pasado jueves en el Museo de la Isla.<\/p>\n\n\n\n<p>Con el Nuevo Acuerdo por el Bienestar y Desarrollo de Quintana Roo, que promueve la gobernadora Mara Lezama, se impulsa el trabajo de los artistas cozumele\u00f1os y promueve a los nuevos talentos, resalt\u00f3 la directora del centro museogr\u00e1fico, Isela Carrillo Cupul, durante el evento inaugural, en el que tambi\u00e9n estuvieron el consejero de la FPMC, Alejandro Queb Franco y la muse\u00f3grafa Satoko Kitamura.<\/p>\n\n\n\n<p>\u201cAsteck\u201d se especializa en manifestaciones pl\u00e1stico-culturales que tiene el espacio p\u00fablico como emplazamiento, es decir el Street Art (arte urbano o callejero), en las que plasma su filosof\u00eda de vida, manejando sistem\u00e1ticamente el simbolismo con fondos y movimientos para expresar sus sentimientos ocultos de situaciones complejas.<\/p>\n\n\n\n<p>Los cuadros de Geovanni est\u00e1n elaborados con la t\u00e9cnica de aerosol y acr\u00edlico, sin embargo, maneja otras t\u00e9cnicas con brocha, rodillo, pincel, aer\u00f3grafo y pistola automotriz, ya que su trabajo est\u00e1 dedicado en su mayor\u00eda a la realizaci\u00f3n de murales, que se pueden apreciar en espacios privados y p\u00fablicos o en bardas en diversas zonas de la Isla.<\/p>\n\n\n\n<p>Isela Carrillo Hizo \u00e9nfasis en que el Museo es un espacio para los artistas consolidados y para los n\u00f3veles, como \u201cAsteck\u201d, que present\u00f3 por primera ocasi\u00f3n su talento en 20 pinturas en las que muestra sus sentimientos, su forma de ver la vida, su entorno y las experiencias que ha querido compartir con el p\u00fablico en esta exposici\u00f3n.<\/p>\n\n\n\n<p>La directora del Museo refrend\u00f3 el compromiso del director general, Jos\u00e9 Luis Chac\u00f3n M\u00e9ndez de seguir impulsando el talento de los artistas y las diferentes expresiones del arte e invit\u00f3 al p\u00fablico en general a recorrer el recinto cultural que abre sus puertas de 9 de la ma\u00f1ana a 5 de la tarde.<\/p>\n\n\n\n<figure class=\"wp-block-image size-large\"><img loading=\"lazy\" decoding=\"async\" width=\"585\" height=\"390\" src=\"http:\/\/vertienteglobal.com\/wp-content\/uploads\/2023\/02\/FPMC-exposicion2-1-585x390-1.jpeg\" alt=\"\" class=\"wp-image-214206\" srcset=\"http:\/\/vertienteglobal.com\/wp-content\/uploads\/2023\/02\/FPMC-exposicion2-1-585x390-1.jpeg 585w, http:\/\/vertienteglobal.com\/wp-content\/uploads\/2023\/02\/FPMC-exposicion2-1-585x390-1-300x200.jpeg 300w, http:\/\/vertienteglobal.com\/wp-content\/uploads\/2023\/02\/FPMC-exposicion2-1-585x390-1-150x100.jpeg 150w\" sizes=\"auto, (max-width: 585px) 100vw, 585px\" \/><\/figure>\n\n\n\n<figure class=\"wp-block-image size-large\"><img loading=\"lazy\" decoding=\"async\" width=\"585\" height=\"390\" src=\"http:\/\/vertienteglobal.com\/wp-content\/uploads\/2023\/02\/FPMC-exposicion3-1-585x390-1.jpeg\" alt=\"\" class=\"wp-image-214207\" srcset=\"http:\/\/vertienteglobal.com\/wp-content\/uploads\/2023\/02\/FPMC-exposicion3-1-585x390-1.jpeg 585w, http:\/\/vertienteglobal.com\/wp-content\/uploads\/2023\/02\/FPMC-exposicion3-1-585x390-1-300x200.jpeg 300w, http:\/\/vertienteglobal.com\/wp-content\/uploads\/2023\/02\/FPMC-exposicion3-1-585x390-1-150x100.jpeg 150w\" sizes=\"auto, (max-width: 585px) 100vw, 585px\" \/><\/figure>\n","protected":false},"excerpt":{"rendered":"<p>(Redaccion) El Museo de la Isla abre sus puertas a nuevos talentos Cozumel, Quintana Roo 10 de febrero 2023.- El artista urbano Geovanni C\u00f3rdova, mejor conocido como \u201cAsteck\u201d, recibi\u00f3 un reconocimiento de la Fundaci\u00f3n de Parques y Museos de Cozumel (FPMC), por su primera exposici\u00f3n pict\u00f3rica con el t\u00edtulo \u201cMi Mundo Imperfecto\u201d, que se inaugur\u00f3 [&hellip;]<\/p>\n","protected":false},"author":1,"featured_media":214205,"comment_status":"open","ping_status":"open","sticky":false,"template":"","format":"standard","meta":{"footnotes":""},"categories":[3],"tags":[],"class_list":["post-214204","post","type-post","status-publish","format-standard","has-post-thumbnail","hentry","category-quintana-roo","entry","has-media"],"jetpack_featured_media_url":"http:\/\/vertienteglobal.com\/wp-content\/uploads\/2023\/02\/FPMC-exposicion1-1.jpeg","_links":{"self":[{"href":"http:\/\/vertienteglobal.com\/index.php?rest_route=\/wp\/v2\/posts\/214204","targetHints":{"allow":["GET"]}}],"collection":[{"href":"http:\/\/vertienteglobal.com\/index.php?rest_route=\/wp\/v2\/posts"}],"about":[{"href":"http:\/\/vertienteglobal.com\/index.php?rest_route=\/wp\/v2\/types\/post"}],"author":[{"embeddable":true,"href":"http:\/\/vertienteglobal.com\/index.php?rest_route=\/wp\/v2\/users\/1"}],"replies":[{"embeddable":true,"href":"http:\/\/vertienteglobal.com\/index.php?rest_route=%2Fwp%2Fv2%2Fcomments&post=214204"}],"version-history":[{"count":0,"href":"http:\/\/vertienteglobal.com\/index.php?rest_route=\/wp\/v2\/posts\/214204\/revisions"}],"wp:featuredmedia":[{"embeddable":true,"href":"http:\/\/vertienteglobal.com\/index.php?rest_route=\/wp\/v2\/media\/214205"}],"wp:attachment":[{"href":"http:\/\/vertienteglobal.com\/index.php?rest_route=%2Fwp%2Fv2%2Fmedia&parent=214204"}],"wp:term":[{"taxonomy":"category","embeddable":true,"href":"http:\/\/vertienteglobal.com\/index.php?rest_route=%2Fwp%2Fv2%2Fcategories&post=214204"},{"taxonomy":"post_tag","embeddable":true,"href":"http:\/\/vertienteglobal.com\/index.php?rest_route=%2Fwp%2Fv2%2Ftags&post=214204"}],"curies":[{"name":"wp","href":"https:\/\/api.w.org\/{rel}","templated":true}]}}