{"id":214153,"date":"2023-02-10T07:52:00","date_gmt":"2023-02-10T13:52:00","guid":{"rendered":"http:\/\/vertienteglobal.com\/?p=214153"},"modified":"2023-02-10T17:16:01","modified_gmt":"2023-02-10T23:16:01","slug":"amlo-destaca-a-la-fuerza-aerea-mexicana-ante-traslado-de-la-delegacion-del-pais-a-turquia","status":"publish","type":"post","link":"http:\/\/vertienteglobal.com\/?p=214153","title":{"rendered":"AMLO destaca a la Fuerza A\u00e9rea Mexicana ante traslado de la delegaci\u00f3n del pa\u00eds a Turqu\u00eda"},"content":{"rendered":"\n<div class=\"twitterbutton\" style=\"float: right; padding-left: 5px;\"><a href=\"http:\/\/twitter.com\/share\" class=\"twitter-share-button\" data-count=\"horizontal\" data-text=\"AMLO destaca a la Fuerza A\u00e9rea Mexicana ante traslado de la delegaci\u00f3n del pa?...\" data-via=\"https:\/\/twitter.com\/VertienteGloba1\" data-url=\"http:\/\/vertienteglobal.com\/?p=214153\" data-lang=\"es\" data-related=\"Informaci\u00f3n general:S\u00edguenos para que est\u00e9ss informado\"><\/a><\/div>\n<figure class=\"wp-block-image size-large\"><img loading=\"lazy\" decoding=\"async\" width=\"1024\" height=\"683\" src=\"http:\/\/vertienteglobal.com\/wp-content\/uploads\/2023\/02\/198644.jpg\" alt=\"\" class=\"wp-image-214154\" srcset=\"http:\/\/vertienteglobal.com\/wp-content\/uploads\/2023\/02\/198644.jpg 1024w, http:\/\/vertienteglobal.com\/wp-content\/uploads\/2023\/02\/198644-300x200.jpg 300w, http:\/\/vertienteglobal.com\/wp-content\/uploads\/2023\/02\/198644-150x100.jpg 150w, http:\/\/vertienteglobal.com\/wp-content\/uploads\/2023\/02\/198644-768x512.jpg 768w\" sizes=\"auto, (max-width: 1024px) 100vw, 1024px\" \/><\/figure>\n\n\n\n<p>(Redacci\u00f3n)<\/p>\n\n\n\n<p>El mandatario resalt\u00f3 que M\u00e9xico fue una de las primeras naciones en llegar a ese pa\u00eds a fin de dar ayuda humanitaria y colaborar en la b\u00fasqueda de personas con vida<\/p>\n\n\n\n<p>Zapopan, Jalisco; 10 de febrero 2023.-El papel de las Fuerza A\u00e9rea Mexicana (FAM) es muy importante y eficaz, indic\u00f3 el presidente de M\u00e9xico, Andr\u00e9s Manuel L\u00f3pez Obrador, quien destac\u00f3 la rapidez con la que se actu\u00f3 para trasladar la delegaci\u00f3n mexicana de rescate a Turqu\u00eda, luego del sismo de magnitud 7.8 que se registr\u00f3 en esa naci\u00f3n.<\/p>\n\n\n\n<p>El mandatario resalt\u00f3 que M\u00e9xico fue una de las primeras naciones en llegar a ese pa\u00eds a fin de dar ayuda humanitaria y colaborar en la b\u00fasqueda de personas con vida.<\/p>\n\n\n\n<p>\u201cHa resultado muy trascendente por el problema tan grave que caus\u00f3 el sismo en Turqu\u00eda y en Siria, sismos en estos dos pa\u00edses y muchas p\u00e9rdidas de vidas humanas\u201d, agreg\u00f3.<\/p>\n\n\n\n<p>L\u00f3pez Obrador agreg\u00f3 que el gobierno mexicano presentar\u00e1 un informe sobre la actuaci\u00f3n de la brigada y la misi\u00f3n que se realiza actualmente en Turqu\u00eda.(Fuente: El Universal\/Agencias)<\/p>\n","protected":false},"excerpt":{"rendered":"<p>(Redacci\u00f3n) El mandatario resalt\u00f3 que M\u00e9xico fue una de las primeras naciones en llegar a ese pa\u00eds a fin de dar ayuda humanitaria y colaborar en la b\u00fasqueda de personas con vida Zapopan, Jalisco; 10 de febrero 2023.-El papel de las Fuerza A\u00e9rea Mexicana (FAM) es muy importante y eficaz, indic\u00f3 el presidente de M\u00e9xico, [&hellip;]<\/p>\n","protected":false},"author":1,"featured_media":214154,"comment_status":"open","ping_status":"open","sticky":false,"template":"","format":"standard","meta":{"footnotes":""},"categories":[8],"tags":[],"class_list":["post-214153","post","type-post","status-publish","format-standard","has-post-thumbnail","hentry","category-pais","entry","has-media"],"jetpack_featured_media_url":"http:\/\/vertienteglobal.com\/wp-content\/uploads\/2023\/02\/198644.jpg","_links":{"self":[{"href":"http:\/\/vertienteglobal.com\/index.php?rest_route=\/wp\/v2\/posts\/214153","targetHints":{"allow":["GET"]}}],"collection":[{"href":"http:\/\/vertienteglobal.com\/index.php?rest_route=\/wp\/v2\/posts"}],"about":[{"href":"http:\/\/vertienteglobal.com\/index.php?rest_route=\/wp\/v2\/types\/post"}],"author":[{"embeddable":true,"href":"http:\/\/vertienteglobal.com\/index.php?rest_route=\/wp\/v2\/users\/1"}],"replies":[{"embeddable":true,"href":"http:\/\/vertienteglobal.com\/index.php?rest_route=%2Fwp%2Fv2%2Fcomments&post=214153"}],"version-history":[{"count":0,"href":"http:\/\/vertienteglobal.com\/index.php?rest_route=\/wp\/v2\/posts\/214153\/revisions"}],"wp:featuredmedia":[{"embeddable":true,"href":"http:\/\/vertienteglobal.com\/index.php?rest_route=\/wp\/v2\/media\/214154"}],"wp:attachment":[{"href":"http:\/\/vertienteglobal.com\/index.php?rest_route=%2Fwp%2Fv2%2Fmedia&parent=214153"}],"wp:term":[{"taxonomy":"category","embeddable":true,"href":"http:\/\/vertienteglobal.com\/index.php?rest_route=%2Fwp%2Fv2%2Fcategories&post=214153"},{"taxonomy":"post_tag","embeddable":true,"href":"http:\/\/vertienteglobal.com\/index.php?rest_route=%2Fwp%2Fv2%2Ftags&post=214153"}],"curies":[{"name":"wp","href":"https:\/\/api.w.org\/{rel}","templated":true}]}}