{"id":214014,"date":"2023-02-08T16:21:00","date_gmt":"2023-02-08T22:21:00","guid":{"rendered":"http:\/\/vertienteglobal.com\/?p=214014"},"modified":"2023-02-08T22:24:26","modified_gmt":"2023-02-09T04:24:26","slug":"estamos-cerca-de-la-gente-como-lo-ha-instruido-nuestro-presidente-marybel-villegas","status":"publish","type":"post","link":"http:\/\/vertienteglobal.com\/?p=214014","title":{"rendered":"Estamos cerca de la gente, c\u00f3mo lo ha instruido nuestro presidente: Marybel Villegas"},"content":{"rendered":"\n<div class=\"twitterbutton\" style=\"float: right; padding-left: 5px;\"><a href=\"http:\/\/twitter.com\/share\" class=\"twitter-share-button\" data-count=\"horizontal\" data-text=\"Estamos cerca de la gente, c\u00f3mo lo ha instruido nuestro presidente: Marybel Vil...\" data-via=\"https:\/\/twitter.com\/VertienteGloba1\" data-url=\"http:\/\/vertienteglobal.com\/?p=214014\" data-lang=\"es\" data-related=\"Informaci\u00f3n general:S\u00edguenos para que est\u00e9ss informado\"><\/a><\/div>\n<figure class=\"wp-block-image size-large\"><img loading=\"lazy\" decoding=\"async\" width=\"1024\" height=\"706\" src=\"http:\/\/vertienteglobal.com\/wp-content\/uploads\/2023\/02\/IMG-20230208-WA0109-1024x706.jpg\" alt=\"\" class=\"wp-image-214015\" srcset=\"http:\/\/vertienteglobal.com\/wp-content\/uploads\/2023\/02\/IMG-20230208-WA0109-1024x706.jpg 1024w, http:\/\/vertienteglobal.com\/wp-content\/uploads\/2023\/02\/IMG-20230208-WA0109-300x207.jpg 300w, http:\/\/vertienteglobal.com\/wp-content\/uploads\/2023\/02\/IMG-20230208-WA0109-150x103.jpg 150w, http:\/\/vertienteglobal.com\/wp-content\/uploads\/2023\/02\/IMG-20230208-WA0109-768x529.jpg 768w, http:\/\/vertienteglobal.com\/wp-content\/uploads\/2023\/02\/IMG-20230208-WA0109.jpg 1384w\" sizes=\"auto, (max-width: 1024px) 100vw, 1024px\" \/><\/figure>\n\n\n\n<p>(Redaccion)<\/p>\n\n\n\n<p>Marybel escuch\u00f3 atentamente a los vendedores, quienes le manifestaban diversas necesidades y le hac\u00eda solicitudes en su calidad de gestora social, as\u00ed como a los ciudadanos que estaban comprando en el mercado ambulante<\/p>\n\n\n\n<p>Canc\u00fan, Quintana Roo, 08 de febrero de 2023.-Siguiendo las pol\u00edticas de la Cuarta Transformaci\u00f3n, la senadora de Morena por Quintana Roo, Marybel Villegas, recorri\u00f3 las calles de la Supermanzana 107, en el fraccionamiento Para\u00edso Maya, donde adem\u00e1s de saludar a los vecinos de la zona, visit\u00f3 algunos domicilios y a los comerciantes del tianguis que se instala all\u00ed cada martes.<\/p>\n\n\n\n<p>Por invitaci\u00f3n de Paloma Ortega, coordinadora de Tianguis Verdes, y en compa\u00f1\u00eda de ella, la legisladora morenista recorri\u00f3 los comercios ambulantes de la supermanzana 107, en el fraccionamiento Para\u00edso Maya, donde salud\u00f3 a cada uno de los comerciantes.<\/p>\n\n\n\n<p>Marybel escuch\u00f3 atentamente a los vendedores, quienes le manifestaban diversas necesidades y le hac\u00eda solicitudes en su calidad de gestora social, as\u00ed como a los ciudadanos que estaban comprando en el mercado ambulante.<\/p>\n\n\n\n<p>A su paso, varios comerciantes saludaron a Marybel, a quien reconocieron como una gestora social que a lo largo de los a\u00f1os ha apoyado a muchos de ellos, con diversas situaciones, como medicamentos, estudios m\u00e9dicos, gestiones de becas u orientaci\u00f3n con tr\u00e1mites.<\/p>\n\n\n\n<p>\u201cTal como nos ha instruido nuestro presidente L\u00f3pez Obrador, estamos visitando todos los rincones de nuestro bello Canc\u00fan, para que la transformaci\u00f3n llegue a todos lugares. Antes los funcionarios ganaban los cargos y se olvidaban del pueblo, no volv\u00edan; ahora, en la Cuarta Transformaci\u00f3n eso ya no es as\u00ed, ahora aqu\u00ed estamos, para rendirle cuentas a los ciudadanos\u201d, indic\u00f3 Marybel Villegas.<\/p>\n\n\n\n<p>Tras su recorrido, Marybel acudi\u00f3 a un domicilio de este fraccionamiento donde anteriormente una familia de escasos recursos solicit\u00f3 su ayuda con una silla de ruedas para la se\u00f1ora Juliana Morales V\u00e1zquez, de 82 a\u00f1os de edad, quien tiene dificultades para desplazarse.<\/p>\n\n\n\n<p>La senadora fue recibida por los integrantes de esta familia con emoci\u00f3n y benepl\u00e1cito, quienes agradecieron la atenci\u00f3n de la legisladora y le manifestaron la gran necesidad que ten\u00edan de que do\u00f1a Julia pudiera desplazarse con mayor facilidad por medio de una silla de ruedas.<\/p>\n\n\n\n<figure class=\"wp-block-image size-large\"><img loading=\"lazy\" decoding=\"async\" width=\"1024\" height=\"683\" src=\"http:\/\/vertienteglobal.com\/wp-content\/uploads\/2023\/02\/IMG-20230208-WA0111-1024x683.jpg\" alt=\"\" class=\"wp-image-214016\" srcset=\"http:\/\/vertienteglobal.com\/wp-content\/uploads\/2023\/02\/IMG-20230208-WA0111-1024x683.jpg 1024w, http:\/\/vertienteglobal.com\/wp-content\/uploads\/2023\/02\/IMG-20230208-WA0111-300x200.jpg 300w, http:\/\/vertienteglobal.com\/wp-content\/uploads\/2023\/02\/IMG-20230208-WA0111-150x100.jpg 150w, http:\/\/vertienteglobal.com\/wp-content\/uploads\/2023\/02\/IMG-20230208-WA0111-768x512.jpg 768w, http:\/\/vertienteglobal.com\/wp-content\/uploads\/2023\/02\/IMG-20230208-WA0111.jpg 1500w\" sizes=\"auto, (max-width: 1024px) 100vw, 1024px\" \/><\/figure>\n\n\n\n<figure class=\"wp-block-image size-large\"><img loading=\"lazy\" decoding=\"async\" width=\"1024\" height=\"698\" src=\"http:\/\/vertienteglobal.com\/wp-content\/uploads\/2023\/02\/IMG-20230208-WA0115-1024x698.jpg\" alt=\"\" class=\"wp-image-214017\" srcset=\"http:\/\/vertienteglobal.com\/wp-content\/uploads\/2023\/02\/IMG-20230208-WA0115-1024x698.jpg 1024w, http:\/\/vertienteglobal.com\/wp-content\/uploads\/2023\/02\/IMG-20230208-WA0115-300x205.jpg 300w, http:\/\/vertienteglobal.com\/wp-content\/uploads\/2023\/02\/IMG-20230208-WA0115-150x102.jpg 150w, http:\/\/vertienteglobal.com\/wp-content\/uploads\/2023\/02\/IMG-20230208-WA0115-768x524.jpg 768w, http:\/\/vertienteglobal.com\/wp-content\/uploads\/2023\/02\/IMG-20230208-WA0115.jpg 1326w\" sizes=\"auto, (max-width: 1024px) 100vw, 1024px\" \/><\/figure>\n","protected":false},"excerpt":{"rendered":"<p>(Redaccion) Marybel escuch\u00f3 atentamente a los vendedores, quienes le manifestaban diversas necesidades y le hac\u00eda solicitudes en su calidad de gestora social, as\u00ed como a los ciudadanos que estaban comprando en el mercado ambulante Canc\u00fan, Quintana Roo, 08 de febrero de 2023.-Siguiendo las pol\u00edticas de la Cuarta Transformaci\u00f3n, la senadora de Morena por Quintana Roo, [&hellip;]<\/p>\n","protected":false},"author":1,"featured_media":214015,"comment_status":"open","ping_status":"open","sticky":false,"template":"","format":"standard","meta":{"footnotes":""},"categories":[3],"tags":[],"class_list":["post-214014","post","type-post","status-publish","format-standard","has-post-thumbnail","hentry","category-quintana-roo","entry","has-media"],"jetpack_featured_media_url":"http:\/\/vertienteglobal.com\/wp-content\/uploads\/2023\/02\/IMG-20230208-WA0109.jpg","_links":{"self":[{"href":"http:\/\/vertienteglobal.com\/index.php?rest_route=\/wp\/v2\/posts\/214014","targetHints":{"allow":["GET"]}}],"collection":[{"href":"http:\/\/vertienteglobal.com\/index.php?rest_route=\/wp\/v2\/posts"}],"about":[{"href":"http:\/\/vertienteglobal.com\/index.php?rest_route=\/wp\/v2\/types\/post"}],"author":[{"embeddable":true,"href":"http:\/\/vertienteglobal.com\/index.php?rest_route=\/wp\/v2\/users\/1"}],"replies":[{"embeddable":true,"href":"http:\/\/vertienteglobal.com\/index.php?rest_route=%2Fwp%2Fv2%2Fcomments&post=214014"}],"version-history":[{"count":0,"href":"http:\/\/vertienteglobal.com\/index.php?rest_route=\/wp\/v2\/posts\/214014\/revisions"}],"wp:featuredmedia":[{"embeddable":true,"href":"http:\/\/vertienteglobal.com\/index.php?rest_route=\/wp\/v2\/media\/214015"}],"wp:attachment":[{"href":"http:\/\/vertienteglobal.com\/index.php?rest_route=%2Fwp%2Fv2%2Fmedia&parent=214014"}],"wp:term":[{"taxonomy":"category","embeddable":true,"href":"http:\/\/vertienteglobal.com\/index.php?rest_route=%2Fwp%2Fv2%2Fcategories&post=214014"},{"taxonomy":"post_tag","embeddable":true,"href":"http:\/\/vertienteglobal.com\/index.php?rest_route=%2Fwp%2Fv2%2Ftags&post=214014"}],"curies":[{"name":"wp","href":"https:\/\/api.w.org\/{rel}","templated":true}]}}