{"id":213951,"date":"2023-02-08T09:19:00","date_gmt":"2023-02-08T15:19:00","guid":{"rendered":"http:\/\/vertienteglobal.com\/?p=213951"},"modified":"2023-02-08T10:51:25","modified_gmt":"2023-02-08T16:51:25","slug":"ellas-son-las-17-representantes-municipales-para-la-feria-tabasco-2023-foto","status":"publish","type":"post","link":"http:\/\/vertienteglobal.com\/?p=213951","title":{"rendered":"Ellas son las 17 representantes municipales para la Feria Tabasco 2023 (Fotos)"},"content":{"rendered":"\n<div class=\"twitterbutton\" style=\"float: right; padding-left: 5px;\"><a href=\"http:\/\/twitter.com\/share\" class=\"twitter-share-button\" data-count=\"horizontal\" data-text=\"Ellas son las 17 representantes municipales para la Feria Tabasco 2023 (Fotos)\" data-via=\"https:\/\/twitter.com\/VertienteGloba1\" data-url=\"http:\/\/vertienteglobal.com\/?p=213951\" data-lang=\"es\" data-related=\"Informaci\u00f3n general:S\u00edguenos para que est\u00e9ss informado\"><\/a><\/div>\n<figure class=\"wp-block-image size-large\"><img loading=\"lazy\" decoding=\"async\" width=\"1024\" height=\"532\" src=\"http:\/\/vertienteglobal.com\/wp-content\/uploads\/2023\/02\/20230208_0955502-1024x532.jpg\" alt=\"\" class=\"wp-image-213952\" srcset=\"http:\/\/vertienteglobal.com\/wp-content\/uploads\/2023\/02\/20230208_0955502-1024x532.jpg 1024w, http:\/\/vertienteglobal.com\/wp-content\/uploads\/2023\/02\/20230208_0955502-300x156.jpg 300w, http:\/\/vertienteglobal.com\/wp-content\/uploads\/2023\/02\/20230208_0955502-150x78.jpg 150w, http:\/\/vertienteglobal.com\/wp-content\/uploads\/2023\/02\/20230208_0955502-768x399.jpg 768w, http:\/\/vertienteglobal.com\/wp-content\/uploads\/2023\/02\/20230208_0955502-1536x798.jpg 1536w, http:\/\/vertienteglobal.com\/wp-content\/uploads\/2023\/02\/20230208_0955502.jpg 1600w\" sizes=\"auto, (max-width: 1024px) 100vw, 1024px\" \/><\/figure>\n\n\n\n<p>(Redacci\u00f3n)<\/p>\n\n\n\n<p>As\u00ed qued\u00f3 listo el ramillete de flores municipales<\/p>\n\n\n\n<p>Villahermosa Tabasco 08 de febrero 2023.-El ramillete de las 17 representantes municipales para la Feria Tabasco 2023 ya est\u00e1 listo.<\/p>\n\n\n\n<p>Y es que el \u00faltimo municipio en anunciar a su aspirante a la Flor de Oro fue Balanc\u00e1n.<\/p>\n\n\n\n<p>Frida Sof\u00eda Jim\u00e9nez ser\u00e1 la portavoz de los balancanenses anunci\u00f3 la edil Luisa C\u00e1mara.<\/p>\n\n\n\n<p>De esta manera, as\u00ed qued\u00f3 listo el ramillete de flores municipales:<\/p>\n\n\n\n<p>Balanc\u00e1n: Frida Sof\u00eda Jim\u00e9nez Salvador<\/p>\n\n\n\n<p>C\u00e1rdenas: Karen del Roc\u00edo Garc\u00eda Mart\u00ednez<\/p>\n\n\n\n<p>Centla: Monserrat Villa Fuster<\/p>\n\n\n\n<p>Centro: Paola Torpey Due\u00f1as<\/p>\n\n\n\n<p>Comalcalco: Anarely Garc\u00eda Fuentes<\/p>\n\n\n\n<p>Cunduac\u00e1n: Alejandra Castro Contreras<\/p>\n\n\n\n<p>Emiliano Zapata: Arantxa Ruiz Lastra<\/p>\n\n\n\n<p>Huimanguillo: Paola Rodr\u00edguez Cadenas<\/p>\n\n\n\n<p>Jalapa: Lupita Oropeza Falc\u00f3n<\/p>\n\n\n\n<p>Jalpa de M\u00e9ndez: Ivonne Barjau Orueta<\/p>\n\n\n\n<p>Jonuta: Vanessa Ricalde Zurita<\/p>\n\n\n\n<p>Macuspana: Erika Ximena Ram\u00edrez Aranda<\/p>\n\n\n\n<p>Nacajuca: Jareny Kristell de la O P\u00e9rez<\/p>\n\n\n\n<p>Para\u00edso: Diana Laura P\u00e9rez Mendoza<\/p>\n\n\n\n<p>Tacotalpa: Pamela Castellanos Su\u00e1rez<\/p>\n\n\n\n<p>Teapa: Regina del \u00c1guila Lastra<\/p>\n\n\n\n<p>Tenosique: Luisa Pamela P\u00e9rez P\u00e9rez<\/p>\n\n\n\n<p>(Fuente: xeva\/redacci\u00f3n)<\/p>\n\n\n\n<figure class=\"wp-block-image size-large\"><img loading=\"lazy\" decoding=\"async\" width=\"533\" height=\"800\" src=\"http:\/\/vertienteglobal.com\/wp-content\/uploads\/2023\/02\/balancan-1.jpg\" alt=\"\" class=\"wp-image-213953\" srcset=\"http:\/\/vertienteglobal.com\/wp-content\/uploads\/2023\/02\/balancan-1.jpg 533w, http:\/\/vertienteglobal.com\/wp-content\/uploads\/2023\/02\/balancan-1-200x300.jpg 200w, http:\/\/vertienteglobal.com\/wp-content\/uploads\/2023\/02\/balancan-1-100x150.jpg 100w\" sizes=\"auto, (max-width: 533px) 100vw, 533px\" \/><\/figure>\n\n\n\n<figure class=\"wp-block-image size-large\"><img loading=\"lazy\" decoding=\"async\" width=\"600\" height=\"800\" src=\"http:\/\/vertienteglobal.com\/wp-content\/uploads\/2023\/02\/cardenas-4.jpg\" alt=\"\" class=\"wp-image-213954\" srcset=\"http:\/\/vertienteglobal.com\/wp-content\/uploads\/2023\/02\/cardenas-4.jpg 600w, http:\/\/vertienteglobal.com\/wp-content\/uploads\/2023\/02\/cardenas-4-225x300.jpg 225w, http:\/\/vertienteglobal.com\/wp-content\/uploads\/2023\/02\/cardenas-4-113x150.jpg 113w\" sizes=\"auto, (max-width: 600px) 100vw, 600px\" \/><\/figure>\n\n\n\n<figure class=\"wp-block-image size-large\"><img loading=\"lazy\" decoding=\"async\" width=\"480\" height=\"720\" src=\"http:\/\/vertienteglobal.com\/wp-content\/uploads\/2023\/02\/centla-1.jpg\" alt=\"\" class=\"wp-image-213955\" srcset=\"http:\/\/vertienteglobal.com\/wp-content\/uploads\/2023\/02\/centla-1.jpg 480w, http:\/\/vertienteglobal.com\/wp-content\/uploads\/2023\/02\/centla-1-200x300.jpg 200w, http:\/\/vertienteglobal.com\/wp-content\/uploads\/2023\/02\/centla-1-100x150.jpg 100w\" sizes=\"auto, (max-width: 480px) 100vw, 480px\" \/><\/figure>\n\n\n\n<figure class=\"wp-block-image size-large\"><img loading=\"lazy\" decoding=\"async\" width=\"639\" height=\"800\" src=\"http:\/\/vertienteglobal.com\/wp-content\/uploads\/2023\/02\/centro-6.jpg\" alt=\"\" class=\"wp-image-213957\" srcset=\"http:\/\/vertienteglobal.com\/wp-content\/uploads\/2023\/02\/centro-6.jpg 639w, http:\/\/vertienteglobal.com\/wp-content\/uploads\/2023\/02\/centro-6-240x300.jpg 240w, http:\/\/vertienteglobal.com\/wp-content\/uploads\/2023\/02\/centro-6-120x150.jpg 120w\" sizes=\"auto, (max-width: 639px) 100vw, 639px\" \/><\/figure>\n\n\n\n<figure class=\"wp-block-image size-large\"><img loading=\"lazy\" decoding=\"async\" width=\"533\" height=\"800\" src=\"http:\/\/vertienteglobal.com\/wp-content\/uploads\/2023\/02\/comalcalco-2.jpg\" alt=\"\" class=\"wp-image-213956\" srcset=\"http:\/\/vertienteglobal.com\/wp-content\/uploads\/2023\/02\/comalcalco-2.jpg 533w, http:\/\/vertienteglobal.com\/wp-content\/uploads\/2023\/02\/comalcalco-2-200x300.jpg 200w, http:\/\/vertienteglobal.com\/wp-content\/uploads\/2023\/02\/comalcalco-2-100x150.jpg 100w\" sizes=\"auto, (max-width: 533px) 100vw, 533px\" \/><\/figure>\n\n\n\n<figure class=\"wp-block-image size-large\"><img loading=\"lazy\" decoding=\"async\" width=\"533\" height=\"800\" src=\"http:\/\/vertienteglobal.com\/wp-content\/uploads\/2023\/02\/cunduacan-1.jpg\" alt=\"\" class=\"wp-image-213958\" srcset=\"http:\/\/vertienteglobal.com\/wp-content\/uploads\/2023\/02\/cunduacan-1.jpg 533w, http:\/\/vertienteglobal.com\/wp-content\/uploads\/2023\/02\/cunduacan-1-200x300.jpg 200w, http:\/\/vertienteglobal.com\/wp-content\/uploads\/2023\/02\/cunduacan-1-100x150.jpg 100w\" sizes=\"auto, (max-width: 533px) 100vw, 533px\" \/><\/figure>\n\n\n\n<figure class=\"wp-block-image size-large\"><img loading=\"lazy\" decoding=\"async\" width=\"561\" height=\"800\" src=\"http:\/\/vertienteglobal.com\/wp-content\/uploads\/2023\/02\/zapata-21.jpg\" alt=\"\" class=\"wp-image-213960\" srcset=\"http:\/\/vertienteglobal.com\/wp-content\/uploads\/2023\/02\/zapata-21.jpg 561w, http:\/\/vertienteglobal.com\/wp-content\/uploads\/2023\/02\/zapata-21-210x300.jpg 210w, http:\/\/vertienteglobal.com\/wp-content\/uploads\/2023\/02\/zapata-21-105x150.jpg 105w\" sizes=\"auto, (max-width: 561px) 100vw, 561px\" \/><\/figure>\n\n\n\n<figure class=\"wp-block-image size-large\"><img loading=\"lazy\" decoding=\"async\" width=\"600\" height=\"800\" src=\"http:\/\/vertienteglobal.com\/wp-content\/uploads\/2023\/02\/huimanguillo-1.jpg\" alt=\"\" class=\"wp-image-213962\" srcset=\"http:\/\/vertienteglobal.com\/wp-content\/uploads\/2023\/02\/huimanguillo-1.jpg 600w, http:\/\/vertienteglobal.com\/wp-content\/uploads\/2023\/02\/huimanguillo-1-225x300.jpg 225w, http:\/\/vertienteglobal.com\/wp-content\/uploads\/2023\/02\/huimanguillo-1-113x150.jpg 113w\" sizes=\"auto, (max-width: 600px) 100vw, 600px\" \/><\/figure>\n\n\n\n<figure class=\"wp-block-image size-large\"><img decoding=\"async\" src=\"blob:http:\/\/vertienteglobal.com\/aa88dabf-b535-4403-9656-dccb1d004448\" alt=\"\"\/><\/figure>\n\n\n\n<figure class=\"wp-block-image size-large\"><img loading=\"lazy\" decoding=\"async\" width=\"600\" height=\"800\" src=\"http:\/\/vertienteglobal.com\/wp-content\/uploads\/2023\/02\/jalpa-2.jpg\" alt=\"\" class=\"wp-image-213963\" srcset=\"http:\/\/vertienteglobal.com\/wp-content\/uploads\/2023\/02\/jalpa-2.jpg 600w, http:\/\/vertienteglobal.com\/wp-content\/uploads\/2023\/02\/jalpa-2-225x300.jpg 225w, http:\/\/vertienteglobal.com\/wp-content\/uploads\/2023\/02\/jalpa-2-113x150.jpg 113w\" sizes=\"auto, (max-width: 600px) 100vw, 600px\" \/><\/figure>\n\n\n\n<figure class=\"wp-block-image size-large\"><img decoding=\"async\" src=\"blob:http:\/\/vertienteglobal.com\/ff367ee1-a831-4df1-9128-ab7e520401ba\" alt=\"\"\/><\/figure>\n\n\n\n<figure class=\"wp-block-image size-large\"><img loading=\"lazy\" decoding=\"async\" width=\"592\" height=\"800\" src=\"http:\/\/vertienteglobal.com\/wp-content\/uploads\/2023\/02\/macuspana-1.jpg\" alt=\"\" class=\"wp-image-213964\" srcset=\"http:\/\/vertienteglobal.com\/wp-content\/uploads\/2023\/02\/macuspana-1.jpg 592w, http:\/\/vertienteglobal.com\/wp-content\/uploads\/2023\/02\/macuspana-1-222x300.jpg 222w, http:\/\/vertienteglobal.com\/wp-content\/uploads\/2023\/02\/macuspana-1-111x150.jpg 111w\" sizes=\"auto, (max-width: 592px) 100vw, 592px\" \/><\/figure>\n\n\n\n<figure class=\"wp-block-image size-large\"><img decoding=\"async\" src=\"blob:http:\/\/vertienteglobal.com\/25a2a16d-03f1-4411-ae21-38fa85aa33ba\" alt=\"\"\/><\/figure>\n\n\n\n<figure class=\"wp-block-image size-large\"><img decoding=\"async\" src=\"blob:http:\/\/vertienteglobal.com\/a4d748aa-7453-4a53-bc54-9bfb3bdf37f3\" alt=\"\"\/><\/figure>\n\n\n\n<figure class=\"wp-block-image size-large\"><img decoding=\"async\" src=\"blob:http:\/\/vertienteglobal.com\/3dcc4479-0a18-449b-9167-90f070fbfe65\" alt=\"\"\/><\/figure>\n\n\n\n<figure class=\"wp-block-image size-large\"><img decoding=\"async\" src=\"blob:http:\/\/vertienteglobal.com\/60af0c2e-b497-4dfc-97ac-4988a787555c\" alt=\"\"\/><\/figure>\n\n\n\n<figure class=\"wp-block-image size-large\"><img decoding=\"async\" src=\"blob:http:\/\/vertienteglobal.com\/175f33c8-f325-4edf-9333-bb35b40d1116\" alt=\"\"\/><\/figure>\n","protected":false},"excerpt":{"rendered":"<p>(Redacci\u00f3n) As\u00ed qued\u00f3 listo el ramillete de flores municipales Villahermosa Tabasco 08 de febrero 2023.-El ramillete de las 17 representantes municipales para la Feria Tabasco 2023 ya est\u00e1 listo. Y es que el \u00faltimo municipio en anunciar a su aspirante a la Flor de Oro fue Balanc\u00e1n. Frida Sof\u00eda Jim\u00e9nez ser\u00e1 la portavoz de los [&hellip;]<\/p>\n","protected":false},"author":1,"featured_media":213952,"comment_status":"open","ping_status":"open","sticky":false,"template":"","format":"standard","meta":{"footnotes":""},"categories":[10,5],"tags":[],"class_list":["post-213951","post","type-post","status-publish","format-standard","has-post-thumbnail","hentry","category-espectaculos","category-tabasco","entry","has-media"],"jetpack_featured_media_url":"http:\/\/vertienteglobal.com\/wp-content\/uploads\/2023\/02\/20230208_0955502.jpg","_links":{"self":[{"href":"http:\/\/vertienteglobal.com\/index.php?rest_route=\/wp\/v2\/posts\/213951","targetHints":{"allow":["GET"]}}],"collection":[{"href":"http:\/\/vertienteglobal.com\/index.php?rest_route=\/wp\/v2\/posts"}],"about":[{"href":"http:\/\/vertienteglobal.com\/index.php?rest_route=\/wp\/v2\/types\/post"}],"author":[{"embeddable":true,"href":"http:\/\/vertienteglobal.com\/index.php?rest_route=\/wp\/v2\/users\/1"}],"replies":[{"embeddable":true,"href":"http:\/\/vertienteglobal.com\/index.php?rest_route=%2Fwp%2Fv2%2Fcomments&post=213951"}],"version-history":[{"count":0,"href":"http:\/\/vertienteglobal.com\/index.php?rest_route=\/wp\/v2\/posts\/213951\/revisions"}],"wp:featuredmedia":[{"embeddable":true,"href":"http:\/\/vertienteglobal.com\/index.php?rest_route=\/wp\/v2\/media\/213952"}],"wp:attachment":[{"href":"http:\/\/vertienteglobal.com\/index.php?rest_route=%2Fwp%2Fv2%2Fmedia&parent=213951"}],"wp:term":[{"taxonomy":"category","embeddable":true,"href":"http:\/\/vertienteglobal.com\/index.php?rest_route=%2Fwp%2Fv2%2Fcategories&post=213951"},{"taxonomy":"post_tag","embeddable":true,"href":"http:\/\/vertienteglobal.com\/index.php?rest_route=%2Fwp%2Fv2%2Ftags&post=213951"}],"curies":[{"name":"wp","href":"https:\/\/api.w.org\/{rel}","templated":true}]}}