{"id":213920,"date":"2023-02-07T20:20:47","date_gmt":"2023-02-08T02:20:47","guid":{"rendered":"http:\/\/vertienteglobal.com\/?p=213920"},"modified":"2023-02-07T20:20:47","modified_gmt":"2023-02-08T02:20:47","slug":"mara-lezama-gestiona-proyectos-de-salud-para-quintana-roo","status":"publish","type":"post","link":"http:\/\/vertienteglobal.com\/?p=213920","title":{"rendered":"Mara Lezama gestiona proyectos de salud para Quintana Roo"},"content":{"rendered":"\n<div class=\"twitterbutton\" style=\"float: right; padding-left: 5px;\"><a href=\"http:\/\/twitter.com\/share\" class=\"twitter-share-button\" data-count=\"horizontal\" data-text=\"Mara Lezama gestiona proyectos de salud para Quintana Roo\" data-via=\"https:\/\/twitter.com\/VertienteGloba1\" data-url=\"http:\/\/vertienteglobal.com\/?p=213920\" data-lang=\"es\" data-related=\"Informaci\u00f3n general:S\u00edguenos para que est\u00e9ss informado\"><\/a><\/div>\n<figure class=\"wp-block-image size-large\"><img loading=\"lazy\" decoding=\"async\" width=\"1024\" height=\"681\" src=\"http:\/\/vertienteglobal.com\/wp-content\/uploads\/2023\/02\/ML-ProyectosSalud-01-1024x681.jpeg\" alt=\"\" class=\"wp-image-213921\" srcset=\"http:\/\/vertienteglobal.com\/wp-content\/uploads\/2023\/02\/ML-ProyectosSalud-01-1024x681.jpeg 1024w, http:\/\/vertienteglobal.com\/wp-content\/uploads\/2023\/02\/ML-ProyectosSalud-01-300x200.jpeg 300w, http:\/\/vertienteglobal.com\/wp-content\/uploads\/2023\/02\/ML-ProyectosSalud-01-150x100.jpeg 150w, http:\/\/vertienteglobal.com\/wp-content\/uploads\/2023\/02\/ML-ProyectosSalud-01-768x511.jpeg 768w, http:\/\/vertienteglobal.com\/wp-content\/uploads\/2023\/02\/ML-ProyectosSalud-01-1536x1021.jpeg 1536w, http:\/\/vertienteglobal.com\/wp-content\/uploads\/2023\/02\/ML-ProyectosSalud-01.jpeg 1600w\" sizes=\"auto, (max-width: 1024px) 100vw, 1024px\" \/><\/figure>\n\n\n\n<p>(Redacci\u00f3n)<\/p>\n\n\n\n<p>Compromiso conjunto de trabajar unidos para cerrar brechas de desigualdad y mejorar servicios en la zona sur, la maya y el norte del estado<\/p>\n\n\n\n<p>Chetumal, Quintana Roo 07 de febrero 2023.- Para revisar y darle continuidad a las acciones del plan integral para mejorar los servicios de salud de los derechohabientes de Quintana Roo, la gobernadora Mara Lezama Espinosa se reuni\u00f3 con los directores del IMSS Zo\u00e9 Robledo y del Insabi Juan Ferrer.<\/p>\n\n\n\n<p>En la reuni\u00f3n particip\u00f3 personal de las diversas instituciones de salud y autoridades estatales quienes coincidieron en trabajar para fortalecer las l\u00edneas de acci\u00f3n y enmarcarlas en el Nuevo Acuerdo por el Bienestar y Desarrollo de Quintana Roo a fin de disminuir las brechas de desigualdad y generar mayor bienestar.<\/p>\n\n\n\n<p>La gobernadora Mara Lezama expres\u00f3 que estos trabajos de supervisi\u00f3n de avances permitir\u00e1n mayor oferta en servicios de salud, tanto en cantidad como en calidad y calidez que los quintanarroenses merecen.<\/p>\n\n\n\n<p>\u201cBuscamos una mayor oferta en servicios para mejorar el sistema de salud con la calidad y calidez que los quintanarroenses merecen\u201d, apunt\u00f3.<\/p>\n\n\n\n<p>Mara Lezama trabaja, desde el inicio de la administraci\u00f3n, en mejorar la calidad de los servicios de salud en la entidad.<\/p>\n\n\n\n<p>El director del IMSS expres\u00f3 que hay un compromiso de la Cuarta Transformaci\u00f3n para mejorar el sector salud en el estado y lograr la justicia en la materia, poniendo siempre adelante a los pobres.<\/p>\n\n\n\n<p>En tal raz\u00f3n, se priorizan las comunidades m\u00e1s necesitadas y destac\u00f3 la disponibilidad de Mara Lezama en trabajar de manera conjunta.<\/p>\n\n\n\n<figure class=\"wp-block-image size-large\"><img loading=\"lazy\" decoding=\"async\" width=\"585\" height=\"329\" src=\"http:\/\/vertienteglobal.com\/wp-content\/uploads\/2023\/02\/ML-ProyectosSalud-03-585x329-1.jpeg\" alt=\"\" class=\"wp-image-213923\" srcset=\"http:\/\/vertienteglobal.com\/wp-content\/uploads\/2023\/02\/ML-ProyectosSalud-03-585x329-1.jpeg 585w, http:\/\/vertienteglobal.com\/wp-content\/uploads\/2023\/02\/ML-ProyectosSalud-03-585x329-1-300x169.jpeg 300w, http:\/\/vertienteglobal.com\/wp-content\/uploads\/2023\/02\/ML-ProyectosSalud-03-585x329-1-150x84.jpeg 150w\" sizes=\"auto, (max-width: 585px) 100vw, 585px\" \/><\/figure>\n\n\n\n<figure class=\"wp-block-image size-large\"><img loading=\"lazy\" decoding=\"async\" width=\"585\" height=\"389\" src=\"http:\/\/vertienteglobal.com\/wp-content\/uploads\/2023\/02\/ML-ProyectosSalud-02-585x389-1.jpeg\" alt=\"\" class=\"wp-image-213922\" srcset=\"http:\/\/vertienteglobal.com\/wp-content\/uploads\/2023\/02\/ML-ProyectosSalud-02-585x389-1.jpeg 585w, http:\/\/vertienteglobal.com\/wp-content\/uploads\/2023\/02\/ML-ProyectosSalud-02-585x389-1-300x199.jpeg 300w, http:\/\/vertienteglobal.com\/wp-content\/uploads\/2023\/02\/ML-ProyectosSalud-02-585x389-1-150x100.jpeg 150w\" sizes=\"auto, (max-width: 585px) 100vw, 585px\" \/><\/figure>\n","protected":false},"excerpt":{"rendered":"<p>(Redacci\u00f3n) Compromiso conjunto de trabajar unidos para cerrar brechas de desigualdad y mejorar servicios en la zona sur, la maya y el norte del estado Chetumal, Quintana Roo 07 de febrero 2023.- Para revisar y darle continuidad a las acciones del plan integral para mejorar los servicios de salud de los derechohabientes de Quintana Roo, [&hellip;]<\/p>\n","protected":false},"author":1,"featured_media":213921,"comment_status":"open","ping_status":"open","sticky":false,"template":"","format":"standard","meta":{"footnotes":""},"categories":[8,3],"tags":[],"class_list":["post-213920","post","type-post","status-publish","format-standard","has-post-thumbnail","hentry","category-pais","category-quintana-roo","entry","has-media"],"jetpack_featured_media_url":"http:\/\/vertienteglobal.com\/wp-content\/uploads\/2023\/02\/ML-ProyectosSalud-01.jpeg","_links":{"self":[{"href":"http:\/\/vertienteglobal.com\/index.php?rest_route=\/wp\/v2\/posts\/213920","targetHints":{"allow":["GET"]}}],"collection":[{"href":"http:\/\/vertienteglobal.com\/index.php?rest_route=\/wp\/v2\/posts"}],"about":[{"href":"http:\/\/vertienteglobal.com\/index.php?rest_route=\/wp\/v2\/types\/post"}],"author":[{"embeddable":true,"href":"http:\/\/vertienteglobal.com\/index.php?rest_route=\/wp\/v2\/users\/1"}],"replies":[{"embeddable":true,"href":"http:\/\/vertienteglobal.com\/index.php?rest_route=%2Fwp%2Fv2%2Fcomments&post=213920"}],"version-history":[{"count":0,"href":"http:\/\/vertienteglobal.com\/index.php?rest_route=\/wp\/v2\/posts\/213920\/revisions"}],"wp:featuredmedia":[{"embeddable":true,"href":"http:\/\/vertienteglobal.com\/index.php?rest_route=\/wp\/v2\/media\/213921"}],"wp:attachment":[{"href":"http:\/\/vertienteglobal.com\/index.php?rest_route=%2Fwp%2Fv2%2Fmedia&parent=213920"}],"wp:term":[{"taxonomy":"category","embeddable":true,"href":"http:\/\/vertienteglobal.com\/index.php?rest_route=%2Fwp%2Fv2%2Fcategories&post=213920"},{"taxonomy":"post_tag","embeddable":true,"href":"http:\/\/vertienteglobal.com\/index.php?rest_route=%2Fwp%2Fv2%2Ftags&post=213920"}],"curies":[{"name":"wp","href":"https:\/\/api.w.org\/{rel}","templated":true}]}}