{"id":213799,"date":"2023-02-06T12:52:00","date_gmt":"2023-02-06T18:52:00","guid":{"rendered":"http:\/\/vertienteglobal.com\/?p=213799"},"modified":"2023-02-06T14:55:23","modified_gmt":"2023-02-06T20:55:23","slug":"reporta-fonatur-creacion-de-62-mil-empleos-en-tramo-4-del-tren-maya","status":"publish","type":"post","link":"http:\/\/vertienteglobal.com\/?p=213799","title":{"rendered":"Se mantiene el compromiso de que se inaugure la obra del Tren Maya en diciembre de este a\u00f1o: Titular de Fonatur, Javier May Rodr\u00edguez"},"content":{"rendered":"\n<div class=\"twitterbutton\" style=\"float: right; padding-left: 5px;\"><a href=\"http:\/\/twitter.com\/share\" class=\"twitter-share-button\" data-count=\"horizontal\" data-text=\"Se mantiene el compromiso de que se inaugure la obra del Tren Maya en diciembre ...\" data-via=\"https:\/\/twitter.com\/VertienteGloba1\" data-url=\"http:\/\/vertienteglobal.com\/?p=213799\" data-lang=\"es\" data-related=\"Informaci\u00f3n general:S\u00edguenos para que est\u00e9ss informado\"><\/a><\/div>\n<figure class=\"wp-block-image size-large\"><img loading=\"lazy\" decoding=\"async\" width=\"724\" height=\"544\" src=\"http:\/\/vertienteglobal.com\/wp-content\/uploads\/2023\/02\/tren-maya-eb86e17e-focus-0-0-732-549.jpg\" alt=\"\" class=\"wp-image-213800\" srcset=\"http:\/\/vertienteglobal.com\/wp-content\/uploads\/2023\/02\/tren-maya-eb86e17e-focus-0-0-732-549.jpg 724w, http:\/\/vertienteglobal.com\/wp-content\/uploads\/2023\/02\/tren-maya-eb86e17e-focus-0-0-732-549-300x225.jpg 300w, http:\/\/vertienteglobal.com\/wp-content\/uploads\/2023\/02\/tren-maya-eb86e17e-focus-0-0-732-549-150x113.jpg 150w\" sizes=\"auto, (max-width: 724px) 100vw, 724px\" \/><\/figure>\n\n\n\n<p>(Redaccion)<\/p>\n\n\n\n<p>Reporta Fonatur creaci\u00f3n de 62 mil empleos en tramo 4 del Tren Maya<\/p>\n\n\n\n<p>Ciudad de M\u00e9xico 06 de febrero 2023.- M\u00e1s de 62 mil empleos se han generado tan s\u00f3lo con la construcci\u00f3n del Tramo 4 del Tren Maya, que ir\u00e1 de Izamal, Yucat\u00e1n, a Canc\u00fan, Quintana Roo, report\u00f3 el titular de Fonatur, Javier May Rodr\u00edguez.<\/p>\n\n\n\n<p>Y es que en la conferencia ma\u00f1anera, la funcionario federal, se\u00f1al\u00f3 que, adem\u00e1s se han implementado programas de bienestar social en la zona y est\u00e1 proyectado la construcci\u00f3n de un hotel en Chichen Itz\u00e1, el cual contar\u00e1 con 160 habitaciones, albercas, gimnasio, edificio de servicios, cuarto de m\u00e1quinas, que generar\u00e1n m\u00e1s empleo y derrama econ\u00f3mica.<\/p>\n\n\n\n<p>Reporta Fonatur creaci\u00f3n de 62 mil empleos en tramo 4 del Tren Maya<\/p>\n\n\n\n<p>Detall\u00f3: \u00abEn cuanto al empleo, son m\u00e1s de 62 mil fuentes de trabajo que se han generado en el tramo cuatro del Tren Maya. Tambi\u00e9n se revisan m\u00e1s de 200 obras sociales y acciones de vivienda del plan integral de desarrollo social a los programas de la Secretar\u00eda de bienestar\u00bb.<\/p>\n\n\n\n<p>Por \u00faltimo agreg\u00f3 que se mantiene el compromiso de que se inaugure la obra en diciembre de este a\u00f1o, por lo que el Tren Maya, ser\u00e1 una realidad.<\/p>\n","protected":false},"excerpt":{"rendered":"<p>(Redaccion) Reporta Fonatur creaci\u00f3n de 62 mil empleos en tramo 4 del Tren Maya Ciudad de M\u00e9xico 06 de febrero 2023.- M\u00e1s de 62 mil empleos se han generado tan s\u00f3lo con la construcci\u00f3n del Tramo 4 del Tren Maya, que ir\u00e1 de Izamal, Yucat\u00e1n, a Canc\u00fan, Quintana Roo, report\u00f3 el titular de Fonatur, Javier [&hellip;]<\/p>\n","protected":false},"author":1,"featured_media":213800,"comment_status":"open","ping_status":"open","sticky":false,"template":"","format":"standard","meta":{"footnotes":""},"categories":[4,8,3,5,2],"tags":[],"class_list":["post-213799","post","type-post","status-publish","format-standard","has-post-thumbnail","hentry","category-campeche","category-pais","category-quintana-roo","category-tabasco","category-yucatan","entry","has-media"],"jetpack_featured_media_url":"http:\/\/vertienteglobal.com\/wp-content\/uploads\/2023\/02\/tren-maya-eb86e17e-focus-0-0-732-549.jpg","_links":{"self":[{"href":"http:\/\/vertienteglobal.com\/index.php?rest_route=\/wp\/v2\/posts\/213799","targetHints":{"allow":["GET"]}}],"collection":[{"href":"http:\/\/vertienteglobal.com\/index.php?rest_route=\/wp\/v2\/posts"}],"about":[{"href":"http:\/\/vertienteglobal.com\/index.php?rest_route=\/wp\/v2\/types\/post"}],"author":[{"embeddable":true,"href":"http:\/\/vertienteglobal.com\/index.php?rest_route=\/wp\/v2\/users\/1"}],"replies":[{"embeddable":true,"href":"http:\/\/vertienteglobal.com\/index.php?rest_route=%2Fwp%2Fv2%2Fcomments&post=213799"}],"version-history":[{"count":0,"href":"http:\/\/vertienteglobal.com\/index.php?rest_route=\/wp\/v2\/posts\/213799\/revisions"}],"wp:featuredmedia":[{"embeddable":true,"href":"http:\/\/vertienteglobal.com\/index.php?rest_route=\/wp\/v2\/media\/213800"}],"wp:attachment":[{"href":"http:\/\/vertienteglobal.com\/index.php?rest_route=%2Fwp%2Fv2%2Fmedia&parent=213799"}],"wp:term":[{"taxonomy":"category","embeddable":true,"href":"http:\/\/vertienteglobal.com\/index.php?rest_route=%2Fwp%2Fv2%2Fcategories&post=213799"},{"taxonomy":"post_tag","embeddable":true,"href":"http:\/\/vertienteglobal.com\/index.php?rest_route=%2Fwp%2Fv2%2Ftags&post=213799"}],"curies":[{"name":"wp","href":"https:\/\/api.w.org\/{rel}","templated":true}]}}