{"id":213680,"date":"2023-02-02T15:42:28","date_gmt":"2023-02-02T21:42:28","guid":{"rendered":"http:\/\/vertienteglobal.com\/?p=213680"},"modified":"2023-02-05T07:37:53","modified_gmt":"2023-02-05T13:37:53","slug":"la-actualizacion-de-la-una-se-reflejara-en-los-recibos-de-agua-potable-en-el-mes-de-marzo-2023-armando-alberto-covarrubias-cortes","status":"publish","type":"post","link":"http:\/\/vertienteglobal.com\/?p=213680","title":{"rendered":"La actualizaci\u00f3n de la uma se reflejar\u00e1 en los recibos de agua potable en el mes de marzo 2023: Armando Alberto Covarrubias Cort\u00e9s"},"content":{"rendered":"\n<div class=\"twitterbutton\" style=\"float: right; padding-left: 5px;\"><a href=\"http:\/\/twitter.com\/share\" class=\"twitter-share-button\" data-count=\"horizontal\" data-text=\"La actualizaci\u00f3n de la uma se reflejar\u00e1 en los recibos de agua potable en el m...\" data-via=\"https:\/\/twitter.com\/VertienteGloba1\" data-url=\"http:\/\/vertienteglobal.com\/?p=213680\" data-lang=\"es\" data-related=\"Informaci\u00f3n general:S\u00edguenos para que est\u00e9ss informado\"><\/a><\/div>\n<figure class=\"wp-block-image size-large\"><img loading=\"lazy\" decoding=\"async\" width=\"720\" height=\"599\" src=\"http:\/\/vertienteglobal.com\/wp-content\/uploads\/2023\/02\/FB_IMG_1675559575902.jpg\" alt=\"\" class=\"wp-image-213681\" srcset=\"http:\/\/vertienteglobal.com\/wp-content\/uploads\/2023\/02\/FB_IMG_1675559575902.jpg 720w, http:\/\/vertienteglobal.com\/wp-content\/uploads\/2023\/02\/FB_IMG_1675559575902-300x250.jpg 300w, http:\/\/vertienteglobal.com\/wp-content\/uploads\/2023\/02\/FB_IMG_1675559575902-150x125.jpg 150w\" sizes=\"auto, (max-width: 720px) 100vw, 720px\" \/><\/figure>\n\n\n\n<p>(Redaccion)<\/p>\n\n\n\n<p>La CAPA hace un llamado a la ciudadan\u00eda para tomar en cuenta esta informaci\u00f3n oficial, as\u00ed como tener presente la importancia de hacer uso responsable del agua potable sin altos consumos; y realizar su pago oportuno, para evitar multas, recargos o cr\u00e9ditos fiscales<\/p>\n\n\n\n<p>Chetumal, Quintana Roo 02 de febrero de 2023.-La Comisi\u00f3n de Agua Potable y Alcantarillado (CAPA), informa que conforme a lo que establece la \u201cLey de Cuotas y Tarifas para los servicios p\u00fablicos de Agua Potable, Alcantarillado, Tratamiento y Disposici\u00f3n de Aguas Residuales del Estado de Quintana Roo\u201d, la actualizaci\u00f3n de la Unidad de Medida de Actualizaci\u00f3n (UMA) y la inflaci\u00f3n nacional que se modifica cada a\u00f1o en el mes de febrero, influye de manera directa en las cuotas y tarifas de los servicios que presta la (CAPA); y dicho ajuste, se reflejar\u00e1 en los recibos que se expiden a los contribuyentes hasta el mes de marzo.<\/p>\n\n\n\n<p>En ese sentido, la Ley mencionada, es el ordenamiento que determina las cuotas y tarifas, as\u00ed como sus t\u00e9rminos, condiciones de pago y mecanismos de actualizaci\u00f3n; la cual se\u00f1ala en el art\u00edculo 7, que el monto de las cuotas y tarifas se actualizar\u00e1n mensualmente en la misma proporci\u00f3n a la tarifa de la energ\u00eda el\u00e9ctrica (Cuotas de la Comisi\u00f3n Federal de Electricidad (CFE)), la Unidad de Medida de Actualizaci\u00f3n (UMA \u2013 Inflaci\u00f3n ) para las tarifas dom\u00e9sticas, y el \u00cdndice Nacional de Precios al Consumidor (INPC) para las tarifas comerciales, que publique el Instituto Nacional de Estad\u00edstica y Geograf\u00eda (INEGI) en el Diario Oficial de la Federaci\u00f3n.<\/p>\n\n\n\n<p>El INEGI es el encargado de calcular el incremento anual de la UMA, y est\u00e1 se realiza con base al cierre de la inflaci\u00f3n general anual y comienza a aplicarse a partir del primer d\u00eda de febrero de cada a\u00f1o; sin embargo, en el caso de los servicios que presta la CAPA, la actualizaci\u00f3n de la UMA se reflejar\u00e1 en los recibos que las y los usuarios recibir\u00e1n en el mes de marzo.<\/p>\n\n\n\n<p>Es importante se\u00f1alar que la actualizaci\u00f3n de la UMA, impacta en el cobro de tr\u00e1mites y servicios como: multas, beneficios e impuestos, tanto federales como locales, donde dicha unidad se toma como factor de c\u00e1lculo econ\u00f3mico para el cumplimiento de la ley que data del a\u00f1o 2016.<\/p>\n\n\n\n<p>La CAPA hace un llamado a la ciudadan\u00eda para tomar en cuenta esta informaci\u00f3n oficial, as\u00ed como tener presente la importancia de hacer uso responsable del agua potable sin altos consumos; y realizar su pago oportuno, para evitar multas, recargos o cr\u00e9ditos fiscales.<\/p>\n\n\n\n<p>La UMA en M\u00e9xico, se define como \u201cla unidad de cuenta, \u00edndice, base, medida o referencia econ\u00f3mica en pesos para determinar la cuant\u00eda del pago de las obligaciones y supuestos previstos en las leyes federales y estatales, as\u00ed como en disposiciones jur\u00eddicas que emanen de todas las anteriores\u201d.<\/p>\n","protected":false},"excerpt":{"rendered":"<p>(Redaccion) La CAPA hace un llamado a la ciudadan\u00eda para tomar en cuenta esta informaci\u00f3n oficial, as\u00ed como tener presente la importancia de hacer uso responsable del agua potable sin altos consumos; y realizar su pago oportuno, para evitar multas, recargos o cr\u00e9ditos fiscales Chetumal, Quintana Roo 02 de febrero de 2023.-La Comisi\u00f3n de Agua [&hellip;]<\/p>\n","protected":false},"author":1,"featured_media":213681,"comment_status":"open","ping_status":"open","sticky":false,"template":"","format":"standard","meta":{"footnotes":""},"categories":[3],"tags":[],"class_list":["post-213680","post","type-post","status-publish","format-standard","has-post-thumbnail","hentry","category-quintana-roo","entry","has-media"],"jetpack_featured_media_url":"http:\/\/vertienteglobal.com\/wp-content\/uploads\/2023\/02\/FB_IMG_1675559575902.jpg","_links":{"self":[{"href":"http:\/\/vertienteglobal.com\/index.php?rest_route=\/wp\/v2\/posts\/213680","targetHints":{"allow":["GET"]}}],"collection":[{"href":"http:\/\/vertienteglobal.com\/index.php?rest_route=\/wp\/v2\/posts"}],"about":[{"href":"http:\/\/vertienteglobal.com\/index.php?rest_route=\/wp\/v2\/types\/post"}],"author":[{"embeddable":true,"href":"http:\/\/vertienteglobal.com\/index.php?rest_route=\/wp\/v2\/users\/1"}],"replies":[{"embeddable":true,"href":"http:\/\/vertienteglobal.com\/index.php?rest_route=%2Fwp%2Fv2%2Fcomments&post=213680"}],"version-history":[{"count":0,"href":"http:\/\/vertienteglobal.com\/index.php?rest_route=\/wp\/v2\/posts\/213680\/revisions"}],"wp:featuredmedia":[{"embeddable":true,"href":"http:\/\/vertienteglobal.com\/index.php?rest_route=\/wp\/v2\/media\/213681"}],"wp:attachment":[{"href":"http:\/\/vertienteglobal.com\/index.php?rest_route=%2Fwp%2Fv2%2Fmedia&parent=213680"}],"wp:term":[{"taxonomy":"category","embeddable":true,"href":"http:\/\/vertienteglobal.com\/index.php?rest_route=%2Fwp%2Fv2%2Fcategories&post=213680"},{"taxonomy":"post_tag","embeddable":true,"href":"http:\/\/vertienteglobal.com\/index.php?rest_route=%2Fwp%2Fv2%2Ftags&post=213680"}],"curies":[{"name":"wp","href":"https:\/\/api.w.org\/{rel}","templated":true}]}}