{"id":213677,"date":"2023-02-02T16:10:11","date_gmt":"2023-02-02T22:10:11","guid":{"rendered":"http:\/\/vertienteglobal.com\/?p=213677"},"modified":"2023-02-04T19:12:33","modified_gmt":"2023-02-05T01:12:33","slug":"auguran-un-exitoso-primer-fin-de-semana-largo-de-2023-en-puerto-morelos","status":"publish","type":"post","link":"http:\/\/vertienteglobal.com\/?p=213677","title":{"rendered":"Auguran un exitoso primer fin de semana largo de 2023 en Puerto Morelos"},"content":{"rendered":"\n<div class=\"twitterbutton\" style=\"float: right; padding-left: 5px;\"><a href=\"http:\/\/twitter.com\/share\" class=\"twitter-share-button\" data-count=\"horizontal\" data-text=\"Auguran un exitoso primer fin de semana largo de 2023 en Puerto Morelos\" data-via=\"https:\/\/twitter.com\/VertienteGloba1\" data-url=\"http:\/\/vertienteglobal.com\/?p=213677\" data-lang=\"es\" data-related=\"Informaci\u00f3n general:S\u00edguenos para que est\u00e9ss informado\"><\/a><\/div>\n<figure class=\"wp-block-image size-large\"><img loading=\"lazy\" decoding=\"async\" width=\"720\" height=\"497\" src=\"http:\/\/vertienteglobal.com\/wp-content\/uploads\/2023\/02\/FB_IMG_1675559394378.jpg\" alt=\"\" class=\"wp-image-213678\" srcset=\"http:\/\/vertienteglobal.com\/wp-content\/uploads\/2023\/02\/FB_IMG_1675559394378.jpg 720w, http:\/\/vertienteglobal.com\/wp-content\/uploads\/2023\/02\/FB_IMG_1675559394378-300x207.jpg 300w, http:\/\/vertienteglobal.com\/wp-content\/uploads\/2023\/02\/FB_IMG_1675559394378-150x104.jpg 150w\" sizes=\"auto, (max-width: 720px) 100vw, 720px\" \/><\/figure>\n\n\n\n<p>(Redaccion)<\/p>\n\n\n\n<p>El funcionario destac\u00f3 que las expectativas de crecimiento en materia tur\u00edstica para el municipio son altas para este 2023, con cifras superiores a los 960 mil vacacionistas que llegaron al destino el a\u00f1o pasado, y con la marca Puerto Morelos con mayor posicionamiento a nivel mundial<\/p>\n\n\n\n<p>Puerto Morelos, Quintana Roo, 2 de febrero de 2023.-Durante el primer fin de semana largo de este 2023, que abarcar\u00e1 de ma\u00f1ana viernes 3 al pr\u00f3ximo lunes 6 de febrero, se espera alcanzar un aumento en la ocupaci\u00f3n hotelera en las casi 7 mil habitaciones con las que cuenta destino, inform\u00f3 Miguel C\u00e1mara Ruiz, secretario municipal de Turismo Sustentable.<\/p>\n\n\n\n<p>Luego de destacar que actualmente Puerto Morelos est\u00e1 al 80 por ciento de ocupaci\u00f3n hotelera, dijo que, adem\u00e1s del aumento de al menos un 10 por ciento en \u00e9sta, se espera la llegada de personas a casas de parientes y amigos, y a otro tipo de hospedaje como son las rentas vacacionales, lo que se reflejar\u00eda en un aumento en la derrama econ\u00f3mica en beneficio de los prestadores de servicios tur\u00edsticos.<\/p>\n\n\n\n<p>\u201cLos resultados que estamos obteniendo tambi\u00e9n se derivan de la intensa promoci\u00f3n que ha encabezado la presidenta municipal Blanca Merari Tziu Mu\u00f1oz en ferias tur\u00edsticas dentro y fuera del pa\u00eds, sobre el principal destino de aventura de M\u00e9xico, su Ruta de los Cenotes, su gastronom\u00eda y cultura. Confiamos en que esta situaci\u00f3n se mantendr\u00e1 a lo largo del a\u00f1o\u201d, confirm\u00f3 el funcionario.<\/p>\n\n\n\n<p>A\u00f1adi\u00f3 que la presencia de turistas se nota mucho en los restaurantes del centro, del lado de la playa y del Casco Antiguo, aunque tambi\u00e9n en las colonias de Puerto Morelos; se trata de extranjeros, principalmente estadounidenses y canadienses, que llegan a vacacionar parte del invierno.<\/p>\n\n\n\n<p>\u201cEl aumento en la llegada de visitantes nacionales y for\u00e1neos es una buena noticia para los n\u00e1uticos, artesanos, vendedores de excursiones y otros sectores que les brindan atenci\u00f3n\u201d, remarc\u00f3 Miguel C\u00e1mara.<\/p>\n\n\n\n<p>El funcionario destac\u00f3 que las expectativas de crecimiento en materia tur\u00edstica para el municipio son altas para este 2023, con cifras superiores a los 960 mil vacacionistas que llegaron al destino el a\u00f1o pasado, y con la marca Puerto Morelos con mayor posicionamiento a nivel mundial.<\/p>\n\n\n\n<p>\u201cVamos por buen camino gracias al trabajo conjunto con la Asociaci\u00f3n de Hoteles de Canc\u00fan, Puerto Morelos e Isla Mujeres, el Consejo de Promoci\u00f3n Tur\u00edstica de Quintana Roo (CPTQ), los prestadores de servicios tur\u00edsticos y otras instancias de gobierno federales y estatales\u201d, apunt\u00f3.<\/p>\n","protected":false},"excerpt":{"rendered":"<p>(Redaccion) El funcionario destac\u00f3 que las expectativas de crecimiento en materia tur\u00edstica para el municipio son altas para este 2023, con cifras superiores a los 960 mil vacacionistas que llegaron al destino el a\u00f1o pasado, y con la marca Puerto Morelos con mayor posicionamiento a nivel mundial Puerto Morelos, Quintana Roo, 2 de febrero de [&hellip;]<\/p>\n","protected":false},"author":1,"featured_media":213678,"comment_status":"open","ping_status":"open","sticky":false,"template":"","format":"standard","meta":{"footnotes":""},"categories":[3],"tags":[],"class_list":["post-213677","post","type-post","status-publish","format-standard","has-post-thumbnail","hentry","category-quintana-roo","entry","has-media"],"jetpack_featured_media_url":"http:\/\/vertienteglobal.com\/wp-content\/uploads\/2023\/02\/FB_IMG_1675559394378.jpg","_links":{"self":[{"href":"http:\/\/vertienteglobal.com\/index.php?rest_route=\/wp\/v2\/posts\/213677","targetHints":{"allow":["GET"]}}],"collection":[{"href":"http:\/\/vertienteglobal.com\/index.php?rest_route=\/wp\/v2\/posts"}],"about":[{"href":"http:\/\/vertienteglobal.com\/index.php?rest_route=\/wp\/v2\/types\/post"}],"author":[{"embeddable":true,"href":"http:\/\/vertienteglobal.com\/index.php?rest_route=\/wp\/v2\/users\/1"}],"replies":[{"embeddable":true,"href":"http:\/\/vertienteglobal.com\/index.php?rest_route=%2Fwp%2Fv2%2Fcomments&post=213677"}],"version-history":[{"count":0,"href":"http:\/\/vertienteglobal.com\/index.php?rest_route=\/wp\/v2\/posts\/213677\/revisions"}],"wp:featuredmedia":[{"embeddable":true,"href":"http:\/\/vertienteglobal.com\/index.php?rest_route=\/wp\/v2\/media\/213678"}],"wp:attachment":[{"href":"http:\/\/vertienteglobal.com\/index.php?rest_route=%2Fwp%2Fv2%2Fmedia&parent=213677"}],"wp:term":[{"taxonomy":"category","embeddable":true,"href":"http:\/\/vertienteglobal.com\/index.php?rest_route=%2Fwp%2Fv2%2Fcategories&post=213677"},{"taxonomy":"post_tag","embeddable":true,"href":"http:\/\/vertienteglobal.com\/index.php?rest_route=%2Fwp%2Fv2%2Ftags&post=213677"}],"curies":[{"name":"wp","href":"https:\/\/api.w.org\/{rel}","templated":true}]}}