{"id":213428,"date":"2023-01-28T15:52:00","date_gmt":"2023-01-28T21:52:00","guid":{"rendered":"http:\/\/vertienteglobal.com\/?p=213428"},"modified":"2023-01-28T18:44:10","modified_gmt":"2023-01-29T00:44:10","slug":"solidaridad-tendra-un-instituto-tecnologico-gastronomico-y-hotelero","status":"publish","type":"post","link":"http:\/\/vertienteglobal.com\/?p=213428","title":{"rendered":"Solidaridad tendr\u00e1 un Instituto Tecnol\u00f3gico Gastron\u00f3mico y Hotelero"},"content":{"rendered":"\n<div class=\"twitterbutton\" style=\"float: right; padding-left: 5px;\"><a href=\"http:\/\/twitter.com\/share\" class=\"twitter-share-button\" data-count=\"horizontal\" data-text=\"Solidaridad tendr\u00e1 un Instituto Tecnol\u00f3gico Gastron\u00f3mico y Hotelero\" data-via=\"https:\/\/twitter.com\/VertienteGloba1\" data-url=\"http:\/\/vertienteglobal.com\/?p=213428\" data-lang=\"es\" data-related=\"Informaci\u00f3n general:S\u00edguenos para que est\u00e9ss informado\"><\/a><\/div>\n<figure class=\"wp-block-image size-large\"><img loading=\"lazy\" decoding=\"async\" width=\"1024\" height=\"682\" src=\"http:\/\/vertienteglobal.com\/wp-content\/uploads\/2023\/01\/IMG-20230128-WA0157-1024x682.jpg\" alt=\"\" class=\"wp-image-213429\" srcset=\"http:\/\/vertienteglobal.com\/wp-content\/uploads\/2023\/01\/IMG-20230128-WA0157-1024x682.jpg 1024w, http:\/\/vertienteglobal.com\/wp-content\/uploads\/2023\/01\/IMG-20230128-WA0157-300x200.jpg 300w, http:\/\/vertienteglobal.com\/wp-content\/uploads\/2023\/01\/IMG-20230128-WA0157-150x100.jpg 150w, http:\/\/vertienteglobal.com\/wp-content\/uploads\/2023\/01\/IMG-20230128-WA0157-768x512.jpg 768w, http:\/\/vertienteglobal.com\/wp-content\/uploads\/2023\/01\/IMG-20230128-WA0157.jpg 1280w\" sizes=\"auto, (max-width: 1024px) 100vw, 1024px\" \/><\/figure>\n\n\n\n<p>(Redaccion)<\/p>\n\n\n\n<p>Ser\u00e1 \u00fanico en Am\u00e9rica Latina y para ello la presidenta Lili Campos firm\u00f3 el comodato para el terreno y coloc\u00f3 la primera piedra<\/p>\n\n\n\n<p>Playa del Carmen, Solidaridad, 28 de enero 223.- En beneficio de las y los estudiantes con vocaci\u00f3n gastron\u00f3mica y hotelera, el gobierno de Solidaridad, encabezado por Lili Campos, y la CROC nacional firmaron el comodato del terreno, y colocaron la primera piedra del Instituto Integral Tecnol\u00f3gico Gastron\u00f3mico y Hotelero, \u00fanico en su tipo en Am\u00e9rica Latina, en la alcald\u00eda de Puerto Aventuras.<\/p>\n\n\n\n<p>Ante la representante de la gobernadora Mara Lezama, Flor Ruiz Cos\u00edo, secretaria del Trabajo y Previsi\u00f3n Social, y el l\u00edder nacional de la CROC, Isa\u00edas Gonz\u00e1lez Cuevas, la presidenta Lili Campos record\u00f3<br>que era un sue\u00f1o contar con una escuela preparatoria y de licenciaturas, abierta, con horarios flexibles para cualquier estudiante. \u00abEste sue\u00f1o se empieza a hacer realidad hoy; falta llevar la propuesta a nuestros diputados del Congreso del Estado. Lo har\u00e9 esta semana para que el comodato sea por 25 a\u00f1os, a favor de las y los solidarenses\u00bb a\u00f1adi\u00f3.<\/p>\n\n\n\n<p>Abund\u00f3 que ese sue\u00f1o, como el de contar con un Centro de Justicia para Mujeres V\u00edctimas de Violencia -que ser\u00e1 inaugurado el pr\u00f3ximo 2 de febrero y en su momento gestion\u00f3 la donaci\u00f3n del predio y luego el recurso para edificarlo- \u201ces el que nos tiene aqu\u00ed a todas y a todos reunidos\u00bb.<\/p>\n\n\n\n<p>Por su parte, Isa\u00edas Gonz\u00e1lez Cuevas mencion\u00f3 que este proyecto se concreta por gesti\u00f3n de Mart\u00edn de la Cruz, l\u00edder estatal de la CROC, el cual contar\u00e1 con un hotel-escuela de 50 habitaciones, escuela preparatoria y licenciaturas de gastronom\u00eda, psicolog\u00eda, idioma, agente de bienestar, gesti\u00f3n de capital humano, entre otras, proyecto en el que se invierten alrededor de 75 millones de pesos.<\/p>\n\n\n\n<p>Mart\u00edn de la Cruz, reconoci\u00f3 y respald\u00f3 el trabajo y programas del gobierno municipal que encabeza Lili Campos, por mantener las condiciones de seguridad para que las y los trabajadores se desarrollen de una manera segura y sus familias vivan tranquilas.<\/p>\n\n\n\n<figure class=\"wp-block-image size-large\"><img loading=\"lazy\" decoding=\"async\" width=\"1024\" height=\"682\" src=\"http:\/\/vertienteglobal.com\/wp-content\/uploads\/2023\/01\/IMG-20230128-WA0159-1024x682.jpg\" alt=\"\" class=\"wp-image-213430\" srcset=\"http:\/\/vertienteglobal.com\/wp-content\/uploads\/2023\/01\/IMG-20230128-WA0159-1024x682.jpg 1024w, http:\/\/vertienteglobal.com\/wp-content\/uploads\/2023\/01\/IMG-20230128-WA0159-300x200.jpg 300w, http:\/\/vertienteglobal.com\/wp-content\/uploads\/2023\/01\/IMG-20230128-WA0159-150x100.jpg 150w, http:\/\/vertienteglobal.com\/wp-content\/uploads\/2023\/01\/IMG-20230128-WA0159-768x512.jpg 768w, http:\/\/vertienteglobal.com\/wp-content\/uploads\/2023\/01\/IMG-20230128-WA0159.jpg 1280w\" sizes=\"auto, (max-width: 1024px) 100vw, 1024px\" \/><\/figure>\n\n\n\n<figure class=\"wp-block-image size-large\"><img loading=\"lazy\" decoding=\"async\" width=\"1024\" height=\"682\" src=\"http:\/\/vertienteglobal.com\/wp-content\/uploads\/2023\/01\/IMG-20230128-WA0158-1024x682.jpg\" alt=\"\" class=\"wp-image-213431\" srcset=\"http:\/\/vertienteglobal.com\/wp-content\/uploads\/2023\/01\/IMG-20230128-WA0158-1024x682.jpg 1024w, http:\/\/vertienteglobal.com\/wp-content\/uploads\/2023\/01\/IMG-20230128-WA0158-300x200.jpg 300w, http:\/\/vertienteglobal.com\/wp-content\/uploads\/2023\/01\/IMG-20230128-WA0158-150x100.jpg 150w, http:\/\/vertienteglobal.com\/wp-content\/uploads\/2023\/01\/IMG-20230128-WA0158-768x512.jpg 768w, http:\/\/vertienteglobal.com\/wp-content\/uploads\/2023\/01\/IMG-20230128-WA0158.jpg 1280w\" sizes=\"auto, (max-width: 1024px) 100vw, 1024px\" \/><\/figure>\n","protected":false},"excerpt":{"rendered":"<p>(Redaccion) Ser\u00e1 \u00fanico en Am\u00e9rica Latina y para ello la presidenta Lili Campos firm\u00f3 el comodato para el terreno y coloc\u00f3 la primera piedra Playa del Carmen, Solidaridad, 28 de enero 223.- En beneficio de las y los estudiantes con vocaci\u00f3n gastron\u00f3mica y hotelera, el gobierno de Solidaridad, encabezado por Lili Campos, y la CROC [&hellip;]<\/p>\n","protected":false},"author":1,"featured_media":213429,"comment_status":"open","ping_status":"open","sticky":false,"template":"","format":"standard","meta":{"footnotes":""},"categories":[3],"tags":[],"class_list":["post-213428","post","type-post","status-publish","format-standard","has-post-thumbnail","hentry","category-quintana-roo","entry","has-media"],"jetpack_featured_media_url":"http:\/\/vertienteglobal.com\/wp-content\/uploads\/2023\/01\/IMG-20230128-WA0157.jpg","_links":{"self":[{"href":"http:\/\/vertienteglobal.com\/index.php?rest_route=\/wp\/v2\/posts\/213428","targetHints":{"allow":["GET"]}}],"collection":[{"href":"http:\/\/vertienteglobal.com\/index.php?rest_route=\/wp\/v2\/posts"}],"about":[{"href":"http:\/\/vertienteglobal.com\/index.php?rest_route=\/wp\/v2\/types\/post"}],"author":[{"embeddable":true,"href":"http:\/\/vertienteglobal.com\/index.php?rest_route=\/wp\/v2\/users\/1"}],"replies":[{"embeddable":true,"href":"http:\/\/vertienteglobal.com\/index.php?rest_route=%2Fwp%2Fv2%2Fcomments&post=213428"}],"version-history":[{"count":0,"href":"http:\/\/vertienteglobal.com\/index.php?rest_route=\/wp\/v2\/posts\/213428\/revisions"}],"wp:featuredmedia":[{"embeddable":true,"href":"http:\/\/vertienteglobal.com\/index.php?rest_route=\/wp\/v2\/media\/213429"}],"wp:attachment":[{"href":"http:\/\/vertienteglobal.com\/index.php?rest_route=%2Fwp%2Fv2%2Fmedia&parent=213428"}],"wp:term":[{"taxonomy":"category","embeddable":true,"href":"http:\/\/vertienteglobal.com\/index.php?rest_route=%2Fwp%2Fv2%2Fcategories&post=213428"},{"taxonomy":"post_tag","embeddable":true,"href":"http:\/\/vertienteglobal.com\/index.php?rest_route=%2Fwp%2Fv2%2Ftags&post=213428"}],"curies":[{"name":"wp","href":"https:\/\/api.w.org\/{rel}","templated":true}]}}