{"id":213417,"date":"2023-01-28T12:52:00","date_gmt":"2023-01-28T18:52:00","guid":{"rendered":"http:\/\/vertienteglobal.com\/?p=213417"},"modified":"2023-01-28T18:28:37","modified_gmt":"2023-01-29T00:28:37","slug":"con-la-participacion-de-las-y-los-ciudadanos-en-acciones-de-educacion-ambiental-preservamos-los-recursos-naturales-sema","status":"publish","type":"post","link":"http:\/\/vertienteglobal.com\/?p=213417","title":{"rendered":"Con la participaci\u00f3n de las y los ciudadanos en acciones de educaci\u00f3n ambiental preservamos los recursos naturales: SEMA"},"content":{"rendered":"\n<div class=\"twitterbutton\" style=\"float: right; padding-left: 5px;\"><a href=\"http:\/\/twitter.com\/share\" class=\"twitter-share-button\" data-count=\"horizontal\" data-text=\"Con la participaci\u00f3n de las y los ciudadanos en acciones de educaci\u00f3n ambienta...\" data-via=\"https:\/\/twitter.com\/VertienteGloba1\" data-url=\"http:\/\/vertienteglobal.com\/?p=213417\" data-lang=\"es\" data-related=\"Informaci\u00f3n general:S\u00edguenos para que est\u00e9ss informado\"><\/a><\/div>\n<figure class=\"wp-block-image size-large\"><img loading=\"lazy\" decoding=\"async\" width=\"585\" height=\"439\" src=\"http:\/\/vertienteglobal.com\/wp-content\/uploads\/2023\/01\/sema-ambiental5-585x439-1.jpeg\" alt=\"\" class=\"wp-image-213418\" srcset=\"http:\/\/vertienteglobal.com\/wp-content\/uploads\/2023\/01\/sema-ambiental5-585x439-1.jpeg 585w, http:\/\/vertienteglobal.com\/wp-content\/uploads\/2023\/01\/sema-ambiental5-585x439-1-300x225.jpeg 300w, http:\/\/vertienteglobal.com\/wp-content\/uploads\/2023\/01\/sema-ambiental5-585x439-1-150x113.jpeg 150w\" sizes=\"auto, (max-width: 585px) 100vw, 585px\" \/><\/figure>\n\n\n\n<p>(Redaccion)<\/p>\n\n\n\n<p>Imparten el taller \u201cSomos parte de la naturaleza\u201d en Laguna Manat\u00ed<\/p>\n\n\n\n<p>Canc\u00fan, Quintana Roo 28 de enero 2023.- Con el objetivo de incentivar la participaci\u00f3n social en acciones de educaci\u00f3n y conservaci\u00f3n ambiental, la Secretar\u00eda de Ecolog\u00eda y Medio Ambiente (SEMA) imparti\u00f3 el taller \u201cSomos parte de la naturaleza\u201d en Laguna Manat\u00ed en el que particip\u00f3 la ciudadan\u00eda.<\/p>\n\n\n\n<p>La titular de la SEMA, Huguette Hern\u00e1ndez, explic\u00f3 que este taller se realiz\u00f3 en el D\u00eda Mundial de la Educaci\u00f3n Ambiental, para dar a conocer a las y los ciudadanos la importancia de la preservaci\u00f3n de los diversos ecosistemas y que las futuras generaciones puedan disfrutar como se establece en el Nuevo Acuerdo por el Bienestar y Desarrollo de Quintana Roo, que promueve la gobernadora Mara Lezama.<\/p>\n\n\n\n<p>En el taller \u201cSomos parte de la naturaleza\u201d, las y los participantes que acudieron tuvieron la oportunidad de estar en contacto con el entorno natural, realizaron senderismo e interpretaci\u00f3n ambiental, exploraci\u00f3n del paisaje, contacto seguro con la fauna silvestre, se divirtieron con actividades y juegos l\u00fadicos tales como serpientes y escaleras, loter\u00eda por la conservaci\u00f3n, dibujo, juego de palabras, adivinanzas y aprendieron sobre microcosmos.<\/p>\n\n\n\n<p>Huguette Hern\u00e1ndez a trav\u00e9s del Instituto de Biodiversidad y \u00c1reas Naturales, agradeci\u00f3 y reconoci\u00f3 la importante labor altruista de las y los educadores ambientales comunitarios Irma Fonseca, Noem\u00ed de L\u00f3pez, Ver\u00f3nica Palacios, Gustavo L\u00f3pez, Gerardo Cabello, Gabriela Correa, a integrantes del Comit\u00e9 Comunitario y a Jes\u00fas Alvarado del Centro de Investigaciones Cient\u00edficas de Yucat\u00e1n.<\/p>\n\n\n\n<p>La Laguna Manat\u00ed es un espacio seguro para el encuentro y convivencia familiar, \u00e1rea educativa para estimular y aportar conciencia sobre el valor de los humedales y manglares h\u00e1bitat de una gran diversidad de especies.<\/p>\n\n\n\n<p>Por su parte la presidenta del comit\u00e9 comunitario \u201cLombardo Toledano\u201d M\u00f3nica Salas y el encargado del \u00c1rea Natural Laguna Manat\u00ed Gonzalo Aldana Pech, agradecieron a la maestra Mirna Luz G\u00f3mez Cortez directora de la escuela primaria \u201cNachi Cocom\u201d por haberse sumado en los esfuerzos de conservaci\u00f3n e hicieron un llamado a la ciudadan\u00eda para no tirar residuos s\u00f3lidos en las \u00e1reas verdes y realizar las denuncias respectivas al 911 contra quienes atentan contra la conservaci\u00f3n de los recursos naturales.<\/p>\n\n\n\n<figure class=\"wp-block-image size-large\"><img loading=\"lazy\" decoding=\"async\" width=\"585\" height=\"756\" src=\"http:\/\/vertienteglobal.com\/wp-content\/uploads\/2023\/01\/sema-ambiental2-585x756-1.jpeg\" alt=\"\" class=\"wp-image-213419\" srcset=\"http:\/\/vertienteglobal.com\/wp-content\/uploads\/2023\/01\/sema-ambiental2-585x756-1.jpeg 585w, http:\/\/vertienteglobal.com\/wp-content\/uploads\/2023\/01\/sema-ambiental2-585x756-1-232x300.jpeg 232w, http:\/\/vertienteglobal.com\/wp-content\/uploads\/2023\/01\/sema-ambiental2-585x756-1-116x150.jpeg 116w\" sizes=\"auto, (max-width: 585px) 100vw, 585px\" \/><\/figure>\n\n\n\n<figure class=\"wp-block-image size-large\"><img loading=\"lazy\" decoding=\"async\" width=\"585\" height=\"439\" src=\"http:\/\/vertienteglobal.com\/wp-content\/uploads\/2023\/01\/sema-ambiental4-585x439-1.jpeg\" alt=\"\" class=\"wp-image-213420\" srcset=\"http:\/\/vertienteglobal.com\/wp-content\/uploads\/2023\/01\/sema-ambiental4-585x439-1.jpeg 585w, http:\/\/vertienteglobal.com\/wp-content\/uploads\/2023\/01\/sema-ambiental4-585x439-1-300x225.jpeg 300w, http:\/\/vertienteglobal.com\/wp-content\/uploads\/2023\/01\/sema-ambiental4-585x439-1-150x113.jpeg 150w\" sizes=\"auto, (max-width: 585px) 100vw, 585px\" \/><\/figure>\n\n\n\n<figure class=\"wp-block-image size-large\"><img loading=\"lazy\" decoding=\"async\" width=\"585\" height=\"410\" src=\"http:\/\/vertienteglobal.com\/wp-content\/uploads\/2023\/01\/sema-ambiental3-585x410-1.jpeg\" alt=\"\" class=\"wp-image-213421\" srcset=\"http:\/\/vertienteglobal.com\/wp-content\/uploads\/2023\/01\/sema-ambiental3-585x410-1.jpeg 585w, http:\/\/vertienteglobal.com\/wp-content\/uploads\/2023\/01\/sema-ambiental3-585x410-1-300x210.jpeg 300w, http:\/\/vertienteglobal.com\/wp-content\/uploads\/2023\/01\/sema-ambiental3-585x410-1-150x105.jpeg 150w\" sizes=\"auto, (max-width: 585px) 100vw, 585px\" \/><\/figure>\n","protected":false},"excerpt":{"rendered":"<p>(Redaccion) Imparten el taller \u201cSomos parte de la naturaleza\u201d en Laguna Manat\u00ed Canc\u00fan, Quintana Roo 28 de enero 2023.- Con el objetivo de incentivar la participaci\u00f3n social en acciones de educaci\u00f3n y conservaci\u00f3n ambiental, la Secretar\u00eda de Ecolog\u00eda y Medio Ambiente (SEMA) imparti\u00f3 el taller \u201cSomos parte de la naturaleza\u201d en Laguna Manat\u00ed en el [&hellip;]<\/p>\n","protected":false},"author":1,"featured_media":213418,"comment_status":"open","ping_status":"open","sticky":false,"template":"","format":"standard","meta":{"footnotes":""},"categories":[3],"tags":[],"class_list":["post-213417","post","type-post","status-publish","format-standard","has-post-thumbnail","hentry","category-quintana-roo","entry","has-media"],"jetpack_featured_media_url":"http:\/\/vertienteglobal.com\/wp-content\/uploads\/2023\/01\/sema-ambiental5-585x439-1.jpeg","_links":{"self":[{"href":"http:\/\/vertienteglobal.com\/index.php?rest_route=\/wp\/v2\/posts\/213417","targetHints":{"allow":["GET"]}}],"collection":[{"href":"http:\/\/vertienteglobal.com\/index.php?rest_route=\/wp\/v2\/posts"}],"about":[{"href":"http:\/\/vertienteglobal.com\/index.php?rest_route=\/wp\/v2\/types\/post"}],"author":[{"embeddable":true,"href":"http:\/\/vertienteglobal.com\/index.php?rest_route=\/wp\/v2\/users\/1"}],"replies":[{"embeddable":true,"href":"http:\/\/vertienteglobal.com\/index.php?rest_route=%2Fwp%2Fv2%2Fcomments&post=213417"}],"version-history":[{"count":0,"href":"http:\/\/vertienteglobal.com\/index.php?rest_route=\/wp\/v2\/posts\/213417\/revisions"}],"wp:featuredmedia":[{"embeddable":true,"href":"http:\/\/vertienteglobal.com\/index.php?rest_route=\/wp\/v2\/media\/213418"}],"wp:attachment":[{"href":"http:\/\/vertienteglobal.com\/index.php?rest_route=%2Fwp%2Fv2%2Fmedia&parent=213417"}],"wp:term":[{"taxonomy":"category","embeddable":true,"href":"http:\/\/vertienteglobal.com\/index.php?rest_route=%2Fwp%2Fv2%2Fcategories&post=213417"},{"taxonomy":"post_tag","embeddable":true,"href":"http:\/\/vertienteglobal.com\/index.php?rest_route=%2Fwp%2Fv2%2Ftags&post=213417"}],"curies":[{"name":"wp","href":"https:\/\/api.w.org\/{rel}","templated":true}]}}