{"id":213276,"date":"2023-01-26T11:24:00","date_gmt":"2023-01-26T17:24:00","guid":{"rendered":"http:\/\/vertienteglobal.com\/?p=213276"},"modified":"2023-01-26T12:51:09","modified_gmt":"2023-01-26T18:51:09","slug":"sefiplan-acerca-los-servicios-a-comunidades-alejadas-en-quintana-roo","status":"publish","type":"post","link":"http:\/\/vertienteglobal.com\/?p=213276","title":{"rendered":"SEFIPLAN acerca los servicios a comunidades alejadas en Quintana Roo"},"content":{"rendered":"\n<div class=\"twitterbutton\" style=\"float: right; padding-left: 5px;\"><a href=\"http:\/\/twitter.com\/share\" class=\"twitter-share-button\" data-count=\"horizontal\" data-text=\"SEFIPLAN acerca los servicios a comunidades alejadas en Quintana Roo\" data-via=\"https:\/\/twitter.com\/VertienteGloba1\" data-url=\"http:\/\/vertienteglobal.com\/?p=213276\" data-lang=\"es\" data-related=\"Informaci\u00f3n general:S\u00edguenos para que est\u00e9ss informado\"><\/a><\/div>\n<figure class=\"wp-block-image size-large\"><img loading=\"lazy\" decoding=\"async\" width=\"720\" height=\"599\" src=\"http:\/\/vertienteglobal.com\/wp-content\/uploads\/2023\/01\/FB_IMG_1674758912150.jpg\" alt=\"\" class=\"wp-image-213277\" srcset=\"http:\/\/vertienteglobal.com\/wp-content\/uploads\/2023\/01\/FB_IMG_1674758912150.jpg 720w, http:\/\/vertienteglobal.com\/wp-content\/uploads\/2023\/01\/FB_IMG_1674758912150-300x250.jpg 300w, http:\/\/vertienteglobal.com\/wp-content\/uploads\/2023\/01\/FB_IMG_1674758912150-150x125.jpg 150w\" sizes=\"auto, (max-width: 720px) 100vw, 720px\" \/><\/figure>\n\n\n\n<p>(Redacci\u00f3n)<\/p>\n\n\n\n<p>Este s\u00e1bado funcionar\u00e1n oficinas m\u00f3viles y m\u00f3dulos de emplacamiento en comunidades rurales 6 municipios<\/p>\n\n\n\n<p>Chetumal, Quintana Roo 26 de enero 2023.- La Secretar\u00eda de Finanzas y Planeaci\u00f3n (SEFIPLAN) pondr\u00e1 en funcionamiento m\u00f3dulos y oficinas m\u00f3viles de emplacamiento este pr\u00f3ximo s\u00e1bado en diversas comunidades rurales de 6 municipios de la entidad.<\/p>\n\n\n\n<p>En el marco del programa de canje de placas para veh\u00edculos 2023, la SEFIPLAN, a trav\u00e9s del SATQ, ha dispuesto el funcionamiento de m\u00f3dulos y oficinas m\u00f3viles para que un mayor n\u00famero de contribuyentes tengan la posibilidad de realizar sus pagos y evitar gastos por traslados a las cabeceras municipales.<\/p>\n\n\n\n<p>Estar\u00e1n en funcionamiento oficinas m\u00f3viles y m\u00f3dulos de emplacamiento en las siguientes comunidades: Candelaria, municipio de Jos\u00e9 Mar\u00eda Morelos, en el domo de la comunidad, con horario de funcionamiento de 9:00 de la ma\u00f1ana a las 3:00 de la tarde.<\/p>\n\n\n\n<p>Asimismo, en Puerto Aventuras, municipio de Solidaridad, en la escuela secundaria \u00abJos\u00e9 Antonio Tzuc Esparza\u00bb, con horario de atenci\u00f3n de 8:30 de la ma\u00f1ana a 2:00 de la tarde. Leona Vicario, municipio de Puerto Morelos, en el sindicato de taxistas, con horario de 9:00 de la ma\u00f1ana a 2:00 de la tarde.<\/p>\n\n\n\n<p>En Bacalar, Avenida 5 entre Calle 28 y Calle 30, S\/N, Colonia Mario Villanueva Madrid, de 8:00 de la ma\u00f1ana a 3:30 de la tarde. En Kantunilk\u00edn, municipio de L\u00e1zaro C\u00e1rdenas, calle Javier Rojo G\u00f3mez S\/N Planta Alta, de 8:00 de la ma\u00f1ana a 2:00 de la tarde.<\/p>\n\n\n\n<p>Tambi\u00e9n se laborar\u00e1 el s\u00e1bado en Chetumal, en la Direcci\u00f3n de Recaudaci\u00f3n, situada en avenida 22 de enero n\u00famero 193, esquina andador H\u00e9roes, junto al Palacio de Gobierno; y en el m\u00f3dulo de emplacamiento ubicado en calle Mahatma Gandhi n\u00famero 250, entre avenida Francisco I. Madero e Independencia. Ambas con horario de 8:00 de la ma\u00f1ana a 3:30 de la tarde.<\/p>\n\n\n\n<p>La SEFIPLAN exhorta a los propietarios de veh\u00edculos para que realicen su canje de placas, ya que a partir del mes de febrero se actualizar\u00e1 el valor de la Unidad de Medida y Actualizaci\u00f3n (UMA), referencia econ\u00f3mica que sirve como base para calcular los pagos, obligaciones o multas, ya sea bajo la ley federal o local.<\/p>\n\n\n\n<p>Es importante recordar que en este mes de enero el costo vigente del canje de placas para autom\u00f3viles, camionetas, camiones y autobuses es de mil 299 pesos m\u00e1s 120 pesos por la tarjeta de circulaci\u00f3n. En cuanto a motocicletas, el valor del canje de placa es de 433 pesos m\u00e1s 120 pesos de la tarjeta de circulaci\u00f3n.<\/p>\n\n\n\n<figure class=\"wp-block-image size-large\"><img loading=\"lazy\" decoding=\"async\" width=\"720\" height=\"600\" src=\"http:\/\/vertienteglobal.com\/wp-content\/uploads\/2023\/01\/FB_IMG_1674758920515.jpg\" alt=\"\" class=\"wp-image-213278\" srcset=\"http:\/\/vertienteglobal.com\/wp-content\/uploads\/2023\/01\/FB_IMG_1674758920515.jpg 720w, http:\/\/vertienteglobal.com\/wp-content\/uploads\/2023\/01\/FB_IMG_1674758920515-300x250.jpg 300w, http:\/\/vertienteglobal.com\/wp-content\/uploads\/2023\/01\/FB_IMG_1674758920515-150x125.jpg 150w\" sizes=\"auto, (max-width: 720px) 100vw, 720px\" \/><\/figure>\n\n\n\n<figure class=\"wp-block-image size-large\"><img loading=\"lazy\" decoding=\"async\" width=\"720\" height=\"600\" src=\"http:\/\/vertienteglobal.com\/wp-content\/uploads\/2023\/01\/FB_IMG_1674758925684.jpg\" alt=\"\" class=\"wp-image-213279\" srcset=\"http:\/\/vertienteglobal.com\/wp-content\/uploads\/2023\/01\/FB_IMG_1674758925684.jpg 720w, http:\/\/vertienteglobal.com\/wp-content\/uploads\/2023\/01\/FB_IMG_1674758925684-300x250.jpg 300w, http:\/\/vertienteglobal.com\/wp-content\/uploads\/2023\/01\/FB_IMG_1674758925684-150x125.jpg 150w\" sizes=\"auto, (max-width: 720px) 100vw, 720px\" \/><\/figure>\n\n\n\n<figure class=\"wp-block-image size-large\"><img loading=\"lazy\" decoding=\"async\" width=\"720\" height=\"600\" src=\"http:\/\/vertienteglobal.com\/wp-content\/uploads\/2023\/01\/FB_IMG_1674758930826.jpg\" alt=\"\" class=\"wp-image-213280\" srcset=\"http:\/\/vertienteglobal.com\/wp-content\/uploads\/2023\/01\/FB_IMG_1674758930826.jpg 720w, http:\/\/vertienteglobal.com\/wp-content\/uploads\/2023\/01\/FB_IMG_1674758930826-300x250.jpg 300w, http:\/\/vertienteglobal.com\/wp-content\/uploads\/2023\/01\/FB_IMG_1674758930826-150x125.jpg 150w\" sizes=\"auto, (max-width: 720px) 100vw, 720px\" \/><\/figure>\n\n\n\n<figure class=\"wp-block-image size-large\"><img loading=\"lazy\" decoding=\"async\" width=\"720\" height=\"600\" src=\"http:\/\/vertienteglobal.com\/wp-content\/uploads\/2023\/01\/FB_IMG_1674758935624.jpg\" alt=\"\" class=\"wp-image-213281\" srcset=\"http:\/\/vertienteglobal.com\/wp-content\/uploads\/2023\/01\/FB_IMG_1674758935624.jpg 720w, http:\/\/vertienteglobal.com\/wp-content\/uploads\/2023\/01\/FB_IMG_1674758935624-300x250.jpg 300w, http:\/\/vertienteglobal.com\/wp-content\/uploads\/2023\/01\/FB_IMG_1674758935624-150x125.jpg 150w\" sizes=\"auto, (max-width: 720px) 100vw, 720px\" \/><\/figure>\n","protected":false},"excerpt":{"rendered":"<p>(Redacci\u00f3n) Este s\u00e1bado funcionar\u00e1n oficinas m\u00f3viles y m\u00f3dulos de emplacamiento en comunidades rurales 6 municipios Chetumal, Quintana Roo 26 de enero 2023.- La Secretar\u00eda de Finanzas y Planeaci\u00f3n (SEFIPLAN) pondr\u00e1 en funcionamiento m\u00f3dulos y oficinas m\u00f3viles de emplacamiento este pr\u00f3ximo s\u00e1bado en diversas comunidades rurales de 6 municipios de la entidad. En el marco del [&hellip;]<\/p>\n","protected":false},"author":1,"featured_media":213280,"comment_status":"open","ping_status":"open","sticky":false,"template":"","format":"standard","meta":{"footnotes":""},"categories":[3],"tags":[],"class_list":["post-213276","post","type-post","status-publish","format-standard","has-post-thumbnail","hentry","category-quintana-roo","entry","has-media"],"jetpack_featured_media_url":"http:\/\/vertienteglobal.com\/wp-content\/uploads\/2023\/01\/FB_IMG_1674758930826.jpg","_links":{"self":[{"href":"http:\/\/vertienteglobal.com\/index.php?rest_route=\/wp\/v2\/posts\/213276","targetHints":{"allow":["GET"]}}],"collection":[{"href":"http:\/\/vertienteglobal.com\/index.php?rest_route=\/wp\/v2\/posts"}],"about":[{"href":"http:\/\/vertienteglobal.com\/index.php?rest_route=\/wp\/v2\/types\/post"}],"author":[{"embeddable":true,"href":"http:\/\/vertienteglobal.com\/index.php?rest_route=\/wp\/v2\/users\/1"}],"replies":[{"embeddable":true,"href":"http:\/\/vertienteglobal.com\/index.php?rest_route=%2Fwp%2Fv2%2Fcomments&post=213276"}],"version-history":[{"count":0,"href":"http:\/\/vertienteglobal.com\/index.php?rest_route=\/wp\/v2\/posts\/213276\/revisions"}],"wp:featuredmedia":[{"embeddable":true,"href":"http:\/\/vertienteglobal.com\/index.php?rest_route=\/wp\/v2\/media\/213280"}],"wp:attachment":[{"href":"http:\/\/vertienteglobal.com\/index.php?rest_route=%2Fwp%2Fv2%2Fmedia&parent=213276"}],"wp:term":[{"taxonomy":"category","embeddable":true,"href":"http:\/\/vertienteglobal.com\/index.php?rest_route=%2Fwp%2Fv2%2Fcategories&post=213276"},{"taxonomy":"post_tag","embeddable":true,"href":"http:\/\/vertienteglobal.com\/index.php?rest_route=%2Fwp%2Fv2%2Ftags&post=213276"}],"curies":[{"name":"wp","href":"https:\/\/api.w.org\/{rel}","templated":true}]}}