{"id":213271,"date":"2023-01-26T12:24:00","date_gmt":"2023-01-26T18:24:00","guid":{"rendered":"http:\/\/vertienteglobal.com\/?p=213271"},"modified":"2023-01-26T12:46:30","modified_gmt":"2023-01-26T18:46:30","slug":"gloria-trevi-llega-a-cancun-para-ofrecer-espectacular-concierto","status":"publish","type":"post","link":"http:\/\/vertienteglobal.com\/?p=213271","title":{"rendered":"Gloria Trevi llega a Canc\u00fan para ofrecer espectacular concierto"},"content":{"rendered":"\n<div class=\"twitterbutton\" style=\"float: right; padding-left: 5px;\"><a href=\"http:\/\/twitter.com\/share\" class=\"twitter-share-button\" data-count=\"horizontal\" data-text=\"Gloria Trevi llega a Canc\u00fan para ofrecer espectacular concierto\" data-via=\"https:\/\/twitter.com\/VertienteGloba1\" data-url=\"http:\/\/vertienteglobal.com\/?p=213271\" data-lang=\"es\" data-related=\"Informaci\u00f3n general:S\u00edguenos para que est\u00e9ss informado\"><\/a><\/div>\n<figure class=\"wp-block-image size-large\"><img loading=\"lazy\" decoding=\"async\" width=\"1024\" height=\"489\" src=\"http:\/\/vertienteglobal.com\/wp-content\/uploads\/2023\/01\/IMG-20230126-WA0006-1024x489.jpg\" alt=\"\" class=\"wp-image-213272\" srcset=\"http:\/\/vertienteglobal.com\/wp-content\/uploads\/2023\/01\/IMG-20230126-WA0006-1024x489.jpg 1024w, http:\/\/vertienteglobal.com\/wp-content\/uploads\/2023\/01\/IMG-20230126-WA0006-300x143.jpg 300w, http:\/\/vertienteglobal.com\/wp-content\/uploads\/2023\/01\/IMG-20230126-WA0006-150x72.jpg 150w, http:\/\/vertienteglobal.com\/wp-content\/uploads\/2023\/01\/IMG-20230126-WA0006-768x367.jpg 768w, http:\/\/vertienteglobal.com\/wp-content\/uploads\/2023\/01\/IMG-20230126-WA0006.jpg 1280w\" sizes=\"auto, (max-width: 1024px) 100vw, 1024px\" \/><\/figure>\n\n\n\n<p>(Redacci\u00f3n)<\/p>\n\n\n\n<p>La diva de la noche garantiza catarsis y fiesta, el show es impresionante, lleno de sorpresas y recuerdos que han marcado diferentes generaciones, es as\u00ed como se convierte en un karaoke donde el p\u00fablico se une a la voz de \u00b4La Trevi\u2018 con cl\u00e1sicos como: Pelo Suelto, \u00c1ngel de la Guarda, Con los Ojos cerrados, El recuento de los da\u00f1os, entre otras<\/p>\n\n\n\n<p>Canc\u00fan, Quintana Roo 26 de enero 2023.-Gloria Trevi, cantante, actriz, productora, compositora y empresaria mexicana arriba a Canc\u00fan como parte de su exitosa gira, as\u00ed lo dio a conocer la promotora Mas Entretenimiento Mx en rueda de prensa.<\/p>\n\n\n\n<p>Recientemente Gloria Trevi recibi\u00f3 3 nominaciones al premio lo nuestro, en la edici\u00f3n No. 35 en la categor\u00eda: Canci\u00f3n del a\u00f1o, \u00c1lbum del a\u00f1o y Artistas pop femenina del a\u00f1o, arrasado taquillas desde que se dio a conocer que ten\u00edan contempladas presentaciones en m\u00e1s de 40 ciudades, y con 7 auditorios nacionales completamente agotados, ella deja en claro por qu\u00e9 es la reina de la noche.<\/p>\n\n\n\n<p>Lo que debes saber del concierto<\/p>\n\n\n\n<p>D\u00eda: 10 de febrero<br>Ubicaci\u00f3n: Plaza de Toros<br>Hora: 9:00 pm<br>Apertura de puertas a las 7:00 pm<\/p>\n\n\n\n<p>El show tiene una duraci\u00f3n de poco m\u00e1s de 2 horas en donde los fans podr\u00e1n disfrutar de un setlist que contiene varias rolas que no hab\u00eda cantado en muchos a\u00f1os.<\/p>\n\n\n\n<p>Cabe destacar que en el 2022 la int\u00e9rprete de \u201cOjos cerrados\u201d recorri\u00f3 m\u00e1s de 50 ciudades entre M\u00e9xico y la Uni\u00f3n Americana con este espect\u00e1culo impregnado de tecnolog\u00eda, una docena de cambios de vestuario, coreograf\u00edas, efectos 3D y una calidad luminaria y visual impecable.<\/p>\n\n\n\n<p>Aqu\u00ed puedes adquirir tus boletos a trav\u00e9s de www.superboletos.com<\/p>\n\n\n\n<p>De igual forma en tiendas f\u00edsicas:<\/p>\n\n\n\n<p>INNOVASPORT<br>FARMACIAS DEL AHORRO<br>TAQUILLA DE PLAZA DE TOROS<\/p>\n\n\n\n<p>Localidades<\/p>\n\n\n\n<p>Periqueras $13,440 pesos. (Incluye acceso 4 personas) *incluye botella de selecci\u00f3n.<br>Ruedo $4,090 pesos.<br>Butacas $2,240 pesos.<br>General $900 pesos.<\/p>\n\n\n\n<p>La diva de la noche garantiza catarsis y fiesta, el show es impresionante, lleno de sorpresas y recuerdos que han marcado diferentes generaciones, es as\u00ed como se convierte en un karaoke donde el p\u00fablico se une a la voz de \u00b4La Trevi\u2018 con cl\u00e1sicos como: Pelo Suelto, \u00c1ngel de la Guarda, Con los Ojos cerrados, El recuento de los da\u00f1os, entre otras.<\/p>\n\n\n\n<p>Todos los que son atrevidos, so\u00f1adores y aventureros disfrutaran de un evento inolvidable, un tornado de emociones que te lleva de un lugar a otro mientras bailas y disfrutas de una gran velada.<\/p>\n\n\n\n<p>Cabe destacar que para obtener detalles sobre el concierto, ingresa @Mas Entretenimiento Mx <\/p>\n\n\n\n<figure class=\"wp-block-image size-large\"><img loading=\"lazy\" decoding=\"async\" width=\"1024\" height=\"443\" src=\"http:\/\/vertienteglobal.com\/wp-content\/uploads\/2023\/01\/IMG-20230126-WA0007-1024x443.jpg\" alt=\"\" class=\"wp-image-213273\" srcset=\"http:\/\/vertienteglobal.com\/wp-content\/uploads\/2023\/01\/IMG-20230126-WA0007-1024x443.jpg 1024w, http:\/\/vertienteglobal.com\/wp-content\/uploads\/2023\/01\/IMG-20230126-WA0007-300x130.jpg 300w, http:\/\/vertienteglobal.com\/wp-content\/uploads\/2023\/01\/IMG-20230126-WA0007-150x65.jpg 150w, http:\/\/vertienteglobal.com\/wp-content\/uploads\/2023\/01\/IMG-20230126-WA0007-768x332.jpg 768w, http:\/\/vertienteglobal.com\/wp-content\/uploads\/2023\/01\/IMG-20230126-WA0007.jpg 1280w\" sizes=\"auto, (max-width: 1024px) 100vw, 1024px\" \/><\/figure>\n\n\n\n<figure class=\"wp-block-image size-large\"><img loading=\"lazy\" decoding=\"async\" width=\"1024\" height=\"768\" src=\"http:\/\/vertienteglobal.com\/wp-content\/uploads\/2023\/01\/IMG-20230126-WA0008-1024x768.jpg\" alt=\"\" class=\"wp-image-213274\" srcset=\"http:\/\/vertienteglobal.com\/wp-content\/uploads\/2023\/01\/IMG-20230126-WA0008-1024x768.jpg 1024w, http:\/\/vertienteglobal.com\/wp-content\/uploads\/2023\/01\/IMG-20230126-WA0008-300x225.jpg 300w, http:\/\/vertienteglobal.com\/wp-content\/uploads\/2023\/01\/IMG-20230126-WA0008-150x113.jpg 150w, http:\/\/vertienteglobal.com\/wp-content\/uploads\/2023\/01\/IMG-20230126-WA0008-768x576.jpg 768w, http:\/\/vertienteglobal.com\/wp-content\/uploads\/2023\/01\/IMG-20230126-WA0008.jpg 1280w\" sizes=\"auto, (max-width: 1024px) 100vw, 1024px\" \/><\/figure>\n","protected":false},"excerpt":{"rendered":"<p>(Redacci\u00f3n) La diva de la noche garantiza catarsis y fiesta, el show es impresionante, lleno de sorpresas y recuerdos que han marcado diferentes generaciones, es as\u00ed como se convierte en un karaoke donde el p\u00fablico se une a la voz de \u00b4La Trevi\u2018 con cl\u00e1sicos como: Pelo Suelto, \u00c1ngel de la Guarda, Con los Ojos [&hellip;]<\/p>\n","protected":false},"author":1,"featured_media":213272,"comment_status":"open","ping_status":"open","sticky":false,"template":"","format":"standard","meta":{"footnotes":""},"categories":[10,3],"tags":[],"class_list":["post-213271","post","type-post","status-publish","format-standard","has-post-thumbnail","hentry","category-espectaculos","category-quintana-roo","entry","has-media"],"jetpack_featured_media_url":"http:\/\/vertienteglobal.com\/wp-content\/uploads\/2023\/01\/IMG-20230126-WA0006.jpg","_links":{"self":[{"href":"http:\/\/vertienteglobal.com\/index.php?rest_route=\/wp\/v2\/posts\/213271","targetHints":{"allow":["GET"]}}],"collection":[{"href":"http:\/\/vertienteglobal.com\/index.php?rest_route=\/wp\/v2\/posts"}],"about":[{"href":"http:\/\/vertienteglobal.com\/index.php?rest_route=\/wp\/v2\/types\/post"}],"author":[{"embeddable":true,"href":"http:\/\/vertienteglobal.com\/index.php?rest_route=\/wp\/v2\/users\/1"}],"replies":[{"embeddable":true,"href":"http:\/\/vertienteglobal.com\/index.php?rest_route=%2Fwp%2Fv2%2Fcomments&post=213271"}],"version-history":[{"count":0,"href":"http:\/\/vertienteglobal.com\/index.php?rest_route=\/wp\/v2\/posts\/213271\/revisions"}],"wp:featuredmedia":[{"embeddable":true,"href":"http:\/\/vertienteglobal.com\/index.php?rest_route=\/wp\/v2\/media\/213272"}],"wp:attachment":[{"href":"http:\/\/vertienteglobal.com\/index.php?rest_route=%2Fwp%2Fv2%2Fmedia&parent=213271"}],"wp:term":[{"taxonomy":"category","embeddable":true,"href":"http:\/\/vertienteglobal.com\/index.php?rest_route=%2Fwp%2Fv2%2Fcategories&post=213271"},{"taxonomy":"post_tag","embeddable":true,"href":"http:\/\/vertienteglobal.com\/index.php?rest_route=%2Fwp%2Fv2%2Ftags&post=213271"}],"curies":[{"name":"wp","href":"https:\/\/api.w.org\/{rel}","templated":true}]}}