{"id":213111,"date":"2023-01-24T17:52:00","date_gmt":"2023-01-24T23:52:00","guid":{"rendered":"http:\/\/vertienteglobal.com\/?p=213111"},"modified":"2023-01-24T18:03:10","modified_gmt":"2023-01-25T00:03:10","slug":"con-la-tenencia-de-la-tierra-para-las-familias-quintanarroenses-se-brinda-un-patrimonio-seguro-sedetus","status":"publish","type":"post","link":"http:\/\/vertienteglobal.com\/?p=213111","title":{"rendered":"Con la tenencia de la tierra para las familias quintanarroenses se brinda un patrimonio seguro: SEDETUS"},"content":{"rendered":"\n<div class=\"twitterbutton\" style=\"float: right; padding-left: 5px;\"><a href=\"http:\/\/twitter.com\/share\" class=\"twitter-share-button\" data-count=\"horizontal\" data-text=\"Con la tenencia de la tierra para las familias quintanarroenses se brinda un pat...\" data-via=\"https:\/\/twitter.com\/VertienteGloba1\" data-url=\"http:\/\/vertienteglobal.com\/?p=213111\" data-lang=\"es\" data-related=\"Informaci\u00f3n general:S\u00edguenos para que est\u00e9ss informado\"><\/a><\/div>\n<figure class=\"wp-block-image size-large\"><img loading=\"lazy\" decoding=\"async\" width=\"720\" height=\"479\" src=\"http:\/\/vertienteglobal.com\/wp-content\/uploads\/2023\/01\/FB_IMG_1674604896496.jpg\" alt=\"\" class=\"wp-image-213112\" srcset=\"http:\/\/vertienteglobal.com\/wp-content\/uploads\/2023\/01\/FB_IMG_1674604896496.jpg 720w, http:\/\/vertienteglobal.com\/wp-content\/uploads\/2023\/01\/FB_IMG_1674604896496-300x200.jpg 300w, http:\/\/vertienteglobal.com\/wp-content\/uploads\/2023\/01\/FB_IMG_1674604896496-150x100.jpg 150w\" sizes=\"auto, (max-width: 720px) 100vw, 720px\" \/><\/figure>\n\n\n\n<p>(Redacci\u00f3n)<\/p>\n\n\n\n<p>En coordinaci\u00f3n con el gobierno municipal de Felipe Carrillo Puerto buscan regularizar el pol\u00edgono Plan de Ayutla<\/p>\n\n\n\n<p>Chetumal, Quintana Roo 24 de enero 2023.- Para cerrar las brechas de la desigualdad y generar prosperidad compartida mediante certeza jur\u00eddica en la tenencia de la tierra, la Secretar\u00eda de Desarrollo Territorial Urbano Sustentable (SEDETUS) busca soluciones para la regularizaci\u00f3n de predios del pol\u00edgono Plan de Ayutla en el municipio Felipe Carrillo Puerto.<\/p>\n\n\n\n<p>Lo anterior fue dado a conocer por el titular de la SEDETUS, Armando Lara De Nigris quien en d\u00edas pasados atendi\u00f3 a un grupo de 25 habitantes del pol\u00edgono Plan de Ayutla en el municipio Felipe Carrillo Puerto para buscar alternativas de regularizaci\u00f3n de sus predios y darles mayor seguridad como se establece en el Nuevo Acuerdo por el Bienestar y Desarrollo de Quintana Roo que promueve la gobernadora Mara Lezama Espinosa.<\/p>\n\n\n\n<p>\u201cTrabajar en recuperar la confianza de las personas en las instituciones p\u00fablicas mediante un gobierno abierto, transparente y que adem\u00e1s sea cercano a la gente, es la instrucci\u00f3n que ha dado la gobernadora Mara Lezama Espinosa\u201d dijo.<\/p>\n\n\n\n<p>Los habitantes solicitaron la intervenci\u00f3n de la SEDETUS toda vez que los pol\u00edgonos que se desea regularizar forman parte de los programas de vivienda que en administraciones pasadas fueran entregados por el Gobierno del Estado.<\/p>\n\n\n\n<p>El titular de SEDETUS expres\u00f3 a los visitantes que contar\u00e1n con el apoyo e indic\u00f3 que pr\u00f3ximamente sostendr\u00eda una reuni\u00f3n con las autoridades del municipio de Felipe Carrillo Puerto para juntos lograr la regularizaci\u00f3n del pol\u00edgono habitacional.<\/p>\n\n\n\n<figure class=\"wp-block-image size-large\"><img loading=\"lazy\" decoding=\"async\" width=\"720\" height=\"479\" src=\"http:\/\/vertienteglobal.com\/wp-content\/uploads\/2023\/01\/FB_IMG_1674604900476.jpg\" alt=\"\" class=\"wp-image-213113\" srcset=\"http:\/\/vertienteglobal.com\/wp-content\/uploads\/2023\/01\/FB_IMG_1674604900476.jpg 720w, http:\/\/vertienteglobal.com\/wp-content\/uploads\/2023\/01\/FB_IMG_1674604900476-300x200.jpg 300w, http:\/\/vertienteglobal.com\/wp-content\/uploads\/2023\/01\/FB_IMG_1674604900476-150x100.jpg 150w\" sizes=\"auto, (max-width: 720px) 100vw, 720px\" \/><\/figure>\n","protected":false},"excerpt":{"rendered":"<p>(Redacci\u00f3n) En coordinaci\u00f3n con el gobierno municipal de Felipe Carrillo Puerto buscan regularizar el pol\u00edgono Plan de Ayutla Chetumal, Quintana Roo 24 de enero 2023.- Para cerrar las brechas de la desigualdad y generar prosperidad compartida mediante certeza jur\u00eddica en la tenencia de la tierra, la Secretar\u00eda de Desarrollo Territorial Urbano Sustentable (SEDETUS) busca soluciones [&hellip;]<\/p>\n","protected":false},"author":1,"featured_media":213112,"comment_status":"open","ping_status":"open","sticky":false,"template":"","format":"standard","meta":{"footnotes":""},"categories":[3],"tags":[],"class_list":["post-213111","post","type-post","status-publish","format-standard","has-post-thumbnail","hentry","category-quintana-roo","entry","has-media"],"jetpack_featured_media_url":"http:\/\/vertienteglobal.com\/wp-content\/uploads\/2023\/01\/FB_IMG_1674604896496.jpg","_links":{"self":[{"href":"http:\/\/vertienteglobal.com\/index.php?rest_route=\/wp\/v2\/posts\/213111","targetHints":{"allow":["GET"]}}],"collection":[{"href":"http:\/\/vertienteglobal.com\/index.php?rest_route=\/wp\/v2\/posts"}],"about":[{"href":"http:\/\/vertienteglobal.com\/index.php?rest_route=\/wp\/v2\/types\/post"}],"author":[{"embeddable":true,"href":"http:\/\/vertienteglobal.com\/index.php?rest_route=\/wp\/v2\/users\/1"}],"replies":[{"embeddable":true,"href":"http:\/\/vertienteglobal.com\/index.php?rest_route=%2Fwp%2Fv2%2Fcomments&post=213111"}],"version-history":[{"count":0,"href":"http:\/\/vertienteglobal.com\/index.php?rest_route=\/wp\/v2\/posts\/213111\/revisions"}],"wp:featuredmedia":[{"embeddable":true,"href":"http:\/\/vertienteglobal.com\/index.php?rest_route=\/wp\/v2\/media\/213112"}],"wp:attachment":[{"href":"http:\/\/vertienteglobal.com\/index.php?rest_route=%2Fwp%2Fv2%2Fmedia&parent=213111"}],"wp:term":[{"taxonomy":"category","embeddable":true,"href":"http:\/\/vertienteglobal.com\/index.php?rest_route=%2Fwp%2Fv2%2Fcategories&post=213111"},{"taxonomy":"post_tag","embeddable":true,"href":"http:\/\/vertienteglobal.com\/index.php?rest_route=%2Fwp%2Fv2%2Ftags&post=213111"}],"curies":[{"name":"wp","href":"https:\/\/api.w.org\/{rel}","templated":true}]}}