{"id":213092,"date":"2023-01-24T15:53:00","date_gmt":"2023-01-24T21:53:00","guid":{"rendered":"http:\/\/vertienteglobal.com\/?p=213092"},"modified":"2023-01-24T17:56:00","modified_gmt":"2023-01-24T23:56:00","slug":"promovemos-espacios-laborales-seguros-y-libres-de-violencia-iqm","status":"publish","type":"post","link":"http:\/\/vertienteglobal.com\/?p=213092","title":{"rendered":"Promovemos espacios laborales seguros y libres de violencia: IQM"},"content":{"rendered":"\n<div class=\"twitterbutton\" style=\"float: right; padding-left: 5px;\"><a href=\"http:\/\/twitter.com\/share\" class=\"twitter-share-button\" data-count=\"horizontal\" data-text=\"Promovemos espacios laborales seguros y libres de violencia: IQM\" data-via=\"https:\/\/twitter.com\/VertienteGloba1\" data-url=\"http:\/\/vertienteglobal.com\/?p=213092\" data-lang=\"es\" data-related=\"Informaci\u00f3n general:S\u00edguenos para que est\u00e9ss informado\"><\/a><\/div>\n<figure class=\"wp-block-image size-large\"><img loading=\"lazy\" decoding=\"async\" width=\"720\" height=\"480\" src=\"http:\/\/vertienteglobal.com\/wp-content\/uploads\/2023\/01\/FB_IMG_1674604412020.jpg\" alt=\"\" class=\"wp-image-213093\" srcset=\"http:\/\/vertienteglobal.com\/wp-content\/uploads\/2023\/01\/FB_IMG_1674604412020.jpg 720w, http:\/\/vertienteglobal.com\/wp-content\/uploads\/2023\/01\/FB_IMG_1674604412020-300x200.jpg 300w, http:\/\/vertienteglobal.com\/wp-content\/uploads\/2023\/01\/FB_IMG_1674604412020-150x100.jpg 150w\" sizes=\"auto, (max-width: 720px) 100vw, 720px\" \/><\/figure>\n\n\n\n<p>((Redacci\u00f3n)<\/p>\n\n\n\n<p>Mediante la reinstalaci\u00f3n del Comit\u00e9 Institucional para la Igualdad de G\u00e9nero<\/p>\n\n\n\n<p>Chetumal, Quintana Roo 24 de enero 2023.- Para fomentar la igualdad laboral entre las y los servidores p\u00fablicos, as\u00ed como promover entornos laborales saludables y de respeto, el Instituto Quintanarroense de la Mujer (IQM) realiz\u00f3 la primera sesi\u00f3n de reinstalaci\u00f3n del Comit\u00e9 Institucional para la Igualdad de G\u00e9nero y la toma de protesta de integrantes del Subcomit\u00e9 Interno contra el Hostigamiento y Acoso Sexual.<\/p>\n\n\n\n<p>El Gobierno del Estado, a trav\u00e9s del IQM, promueve el Programa Quintanarroense de Cultura Institucional (PQCI), el cual es unas de las estrategias del Nuevo Acuerdo por el Bienestar y Desarrollo que impulsa la gobernadora Mara Lezama Espinosa, para transformar a las instituciones p\u00fablicas en espacios laborales m\u00e1s justos e igualitarios, que redunden en una mayor productividad y eficiencia.<\/p>\n\n\n\n<p>El objetivo es promover, respetar, proteger y garantizar los derechos de las mujeres y hombres que forman parte de las instituciones de la administraci\u00f3n p\u00fablica. Contribuyendo de manera transversal a eliminar la desigualdad de oportunidades mediante la implementaci\u00f3n de una pol\u00edtica con perspectiva de g\u00e9nero y derechos humanos.<\/p>\n\n\n\n<p>La directora general del IQM Mar\u00eda Hadad Castillo presidi\u00f3 la sesi\u00f3n en donde hizo entrega de los nombramientos del comit\u00e9 y explic\u00f3 que la incorporaci\u00f3n de la perspectiva de g\u00e9nero es una pol\u00edtica del PQCI.<\/p>\n\n\n\n<p>Tambi\u00e9n se brinda puntual atenci\u00f3n con la implementaci\u00f3n de acciones afirmativas encaminadas a impulsar transformaciones en el quehacer diario de las instituciones, el sector educativo y de la poblaci\u00f3n en general, favoreciendo as\u00ed, la institucionalizaci\u00f3n de una cultura sensible al g\u00e9nero.<\/p>\n\n\n\n<p>Finalmente Hadad Castillo mencion\u00f3 que el IQM contin\u00faa con la sensibilizaci\u00f3n al interior de cada una de las instituciones, para dar seguimiento a las capacitaciones mismas en las que se buscan sean con un enfoque de perspectiva de g\u00e9nero en todas las \u00e1reas tanto directivas, administrativas y operativas.<\/p>\n\n\n\n<figure class=\"wp-block-image size-large\"><img loading=\"lazy\" decoding=\"async\" width=\"640\" height=\"960\" src=\"http:\/\/vertienteglobal.com\/wp-content\/uploads\/2023\/01\/FB_IMG_1674604416361.jpg\" alt=\"\" class=\"wp-image-213094\" srcset=\"http:\/\/vertienteglobal.com\/wp-content\/uploads\/2023\/01\/FB_IMG_1674604416361.jpg 640w, http:\/\/vertienteglobal.com\/wp-content\/uploads\/2023\/01\/FB_IMG_1674604416361-200x300.jpg 200w, http:\/\/vertienteglobal.com\/wp-content\/uploads\/2023\/01\/FB_IMG_1674604416361-100x150.jpg 100w\" sizes=\"auto, (max-width: 640px) 100vw, 640px\" \/><\/figure>\n","protected":false},"excerpt":{"rendered":"<p>((Redacci\u00f3n) Mediante la reinstalaci\u00f3n del Comit\u00e9 Institucional para la Igualdad de G\u00e9nero Chetumal, Quintana Roo 24 de enero 2023.- Para fomentar la igualdad laboral entre las y los servidores p\u00fablicos, as\u00ed como promover entornos laborales saludables y de respeto, el Instituto Quintanarroense de la Mujer (IQM) realiz\u00f3 la primera sesi\u00f3n de reinstalaci\u00f3n del Comit\u00e9 Institucional [&hellip;]<\/p>\n","protected":false},"author":1,"featured_media":213093,"comment_status":"open","ping_status":"open","sticky":false,"template":"","format":"standard","meta":{"footnotes":""},"categories":[3],"tags":[],"class_list":["post-213092","post","type-post","status-publish","format-standard","has-post-thumbnail","hentry","category-quintana-roo","entry","has-media"],"jetpack_featured_media_url":"http:\/\/vertienteglobal.com\/wp-content\/uploads\/2023\/01\/FB_IMG_1674604412020.jpg","_links":{"self":[{"href":"http:\/\/vertienteglobal.com\/index.php?rest_route=\/wp\/v2\/posts\/213092","targetHints":{"allow":["GET"]}}],"collection":[{"href":"http:\/\/vertienteglobal.com\/index.php?rest_route=\/wp\/v2\/posts"}],"about":[{"href":"http:\/\/vertienteglobal.com\/index.php?rest_route=\/wp\/v2\/types\/post"}],"author":[{"embeddable":true,"href":"http:\/\/vertienteglobal.com\/index.php?rest_route=\/wp\/v2\/users\/1"}],"replies":[{"embeddable":true,"href":"http:\/\/vertienteglobal.com\/index.php?rest_route=%2Fwp%2Fv2%2Fcomments&post=213092"}],"version-history":[{"count":0,"href":"http:\/\/vertienteglobal.com\/index.php?rest_route=\/wp\/v2\/posts\/213092\/revisions"}],"wp:featuredmedia":[{"embeddable":true,"href":"http:\/\/vertienteglobal.com\/index.php?rest_route=\/wp\/v2\/media\/213093"}],"wp:attachment":[{"href":"http:\/\/vertienteglobal.com\/index.php?rest_route=%2Fwp%2Fv2%2Fmedia&parent=213092"}],"wp:term":[{"taxonomy":"category","embeddable":true,"href":"http:\/\/vertienteglobal.com\/index.php?rest_route=%2Fwp%2Fv2%2Fcategories&post=213092"},{"taxonomy":"post_tag","embeddable":true,"href":"http:\/\/vertienteglobal.com\/index.php?rest_route=%2Fwp%2Fv2%2Ftags&post=213092"}],"curies":[{"name":"wp","href":"https:\/\/api.w.org\/{rel}","templated":true}]}}