{"id":212951,"date":"2023-01-21T12:24:00","date_gmt":"2023-01-21T18:24:00","guid":{"rendered":"http:\/\/vertienteglobal.com\/?p=212951"},"modified":"2023-01-21T19:02:19","modified_gmt":"2023-01-22T01:02:19","slug":"no-existe-una-suspension-al-tren-maya-andres-manuel-lopez-obrador","status":"publish","type":"post","link":"http:\/\/vertienteglobal.com\/?p=212951","title":{"rendered":"No existe una suspensi\u00f3n al Tren Maya: Andr\u00e9s Manuel L\u00f3pez Obrador"},"content":{"rendered":"\n<div class=\"twitterbutton\" style=\"float: right; padding-left: 5px;\"><a href=\"http:\/\/twitter.com\/share\" class=\"twitter-share-button\" data-count=\"horizontal\" data-text=\"No existe una suspensi\u00f3n al Tren Maya: Andr\u00e9s Manuel L\u00f3pez Obrador\" data-via=\"https:\/\/twitter.com\/VertienteGloba1\" data-url=\"http:\/\/vertienteglobal.com\/?p=212951\" data-lang=\"es\" data-related=\"Informaci\u00f3n general:S\u00edguenos para que est\u00e9ss informado\"><\/a><\/div>\n<figure class=\"wp-block-image size-large\"><img loading=\"lazy\" decoding=\"async\" width=\"960\" height=\"539\" src=\"http:\/\/vertienteglobal.com\/wp-content\/uploads\/2023\/01\/FB_IMG_1674346920465.jpg\" alt=\"\" class=\"wp-image-212956\" srcset=\"http:\/\/vertienteglobal.com\/wp-content\/uploads\/2023\/01\/FB_IMG_1674346920465.jpg 960w, http:\/\/vertienteglobal.com\/wp-content\/uploads\/2023\/01\/FB_IMG_1674346920465-300x168.jpg 300w, http:\/\/vertienteglobal.com\/wp-content\/uploads\/2023\/01\/FB_IMG_1674346920465-150x84.jpg 150w, http:\/\/vertienteglobal.com\/wp-content\/uploads\/2023\/01\/FB_IMG_1674346920465-768x431.jpg 768w\" sizes=\"auto, (max-width: 960px) 100vw, 960px\" \/><\/figure>\n\n\n\n<p>(Redacci\u00f3n)<\/p>\n\n\n\n<p>L\u00f3pez Obrador pidi\u00f3 &#8216;amor y paz&#8217; y que las cosas se resuelvan con di\u00e1logo, por lo que confi\u00f3 que la gobernadora Mara Lezama sabr\u00e1 atender debidamente este asunto<\/p>\n\n\n\n<p>Chetumal, Quintana Roo 21 de enero 2023.-El presidente Andr\u00e9s Manuel L\u00f3pez Obrador se encuentra en Chetumal, Quintana Roo, para la supervisi\u00f3n de los avances del Tren Maya.<\/p>\n\n\n\n<p>Y entrevistado por diversos medios de comunicaci\u00f3n en cuanto al tema de la suspensi\u00f3n provisional de la construcci\u00f3n del Tramo 5 Norte y Sur del Tren Maya, cuyo trazo ir\u00eda de Canc\u00fan a Tulum; el mandatario federal, dejo en claro que no existe ning\u00fan amparo para frenar la obra ferroviaria, la cual reiter\u00f3 ser\u00e1 inaugurada en diciembre de este 2023.<\/p>\n\n\n\n<p>Dijo: \u00abTenemos que estar constantemente supervisando, est\u00e1n trabajando muy bien las empresas, los ingenieros militares y la gente de Quintana Roo y toda la Pen\u00ednsula de Yucat\u00e1n est\u00e1n apoyando\u00bb.<\/p>\n\n\n\n<p>A su salida del hotel para dirigirse rumbo a Tulum y Felipe Carrillo Puerto, L\u00f3pez Obrador, reafirm\u00f3: \u00abNo hay suspensi\u00f3n, no existe, ya me lo preguntaron y es un escrito que todav\u00eda no resuelve el juez\u00bb, sobre la supuesta suspensi\u00f3n.<\/p>\n\n\n\n<p>Por \u00faltimo en cuanto al tema Uber y las agresiones y conflictos generados por taxistas, L\u00f3pez Obrador pidi\u00f3 &#8216;amor y paz&#8217; y que las cosas se resuelvan con di\u00e1logo, por lo que confi\u00f3 que la gobernadora Mara Lezama sabr\u00e1 atender debidamente este asunto.<\/p>\n\n\n\n<figure class=\"wp-block-embed-twitter wp-block-embed is-type-rich is-provider-twitter\"><div class=\"wp-block-embed__wrapper\">\n<div class=\"oceanwp-oembed-wrap clr\"><blockquote class=\"twitter-tweet\" data-width=\"550\" data-dnt=\"true\"><p lang=\"es\" dir=\"ltr\">&quot;No hay suspenci\u00f3n, no existe, hay un escrito pero no s\u00e9 resuelve&quot;, el <a href=\"https:\/\/twitter.com\/hashtag\/TrenMaya?src=hash&amp;ref_src=twsrc%5Etfw\">#TrenMaya<\/a> ser\u00e1 inaugurado en diciembre, inform\u00f3 el presidente Andr\u00e9s Manuel <a href=\"https:\/\/twitter.com\/lopezobrador_?ref_src=twsrc%5Etfw\">@lopezobrador_<\/a> en Chetumal adem\u00e1s de resaltar que tiene plena confianza en <a href=\"https:\/\/twitter.com\/MaraLezama?ref_src=twsrc%5Etfw\">@MaraLezama<\/a> la Gobernadora de <a href=\"https:\/\/twitter.com\/hashtag\/QuintanaRoo?src=hash&amp;ref_src=twsrc%5Etfw\">#QuintanaRoo<\/a> <a href=\"https:\/\/t.co\/3jzY80Dtyj\">pic.twitter.com\/3jzY80Dtyj<\/a><\/p>&mdash; vertienteglobal.com (@VertienteGloba1) <a href=\"https:\/\/twitter.com\/VertienteGloba1\/status\/1616963407722479616?ref_src=twsrc%5Etfw\">January 22, 2023<\/a><\/blockquote><script async src=\"https:\/\/platform.twitter.com\/widgets.js\" charset=\"utf-8\"><\/script><\/div>\n<\/div><\/figure>\n","protected":false},"excerpt":{"rendered":"<p>(Redacci\u00f3n) L\u00f3pez Obrador pidi\u00f3 &#8216;amor y paz&#8217; y que las cosas se resuelvan con di\u00e1logo, por lo que confi\u00f3 que la gobernadora Mara Lezama sabr\u00e1 atender debidamente este asunto Chetumal, Quintana Roo 21 de enero 2023.-El presidente Andr\u00e9s Manuel L\u00f3pez Obrador se encuentra en Chetumal, Quintana Roo, para la supervisi\u00f3n de los avances del Tren [&hellip;]<\/p>\n","protected":false},"author":1,"featured_media":212956,"comment_status":"open","ping_status":"open","sticky":false,"template":"","format":"standard","meta":{"footnotes":""},"categories":[3],"tags":[],"class_list":["post-212951","post","type-post","status-publish","format-standard","has-post-thumbnail","hentry","category-quintana-roo","entry","has-media"],"jetpack_featured_media_url":"http:\/\/vertienteglobal.com\/wp-content\/uploads\/2023\/01\/FB_IMG_1674346920465.jpg","_links":{"self":[{"href":"http:\/\/vertienteglobal.com\/index.php?rest_route=\/wp\/v2\/posts\/212951","targetHints":{"allow":["GET"]}}],"collection":[{"href":"http:\/\/vertienteglobal.com\/index.php?rest_route=\/wp\/v2\/posts"}],"about":[{"href":"http:\/\/vertienteglobal.com\/index.php?rest_route=\/wp\/v2\/types\/post"}],"author":[{"embeddable":true,"href":"http:\/\/vertienteglobal.com\/index.php?rest_route=\/wp\/v2\/users\/1"}],"replies":[{"embeddable":true,"href":"http:\/\/vertienteglobal.com\/index.php?rest_route=%2Fwp%2Fv2%2Fcomments&post=212951"}],"version-history":[{"count":0,"href":"http:\/\/vertienteglobal.com\/index.php?rest_route=\/wp\/v2\/posts\/212951\/revisions"}],"wp:featuredmedia":[{"embeddable":true,"href":"http:\/\/vertienteglobal.com\/index.php?rest_route=\/wp\/v2\/media\/212956"}],"wp:attachment":[{"href":"http:\/\/vertienteglobal.com\/index.php?rest_route=%2Fwp%2Fv2%2Fmedia&parent=212951"}],"wp:term":[{"taxonomy":"category","embeddable":true,"href":"http:\/\/vertienteglobal.com\/index.php?rest_route=%2Fwp%2Fv2%2Fcategories&post=212951"},{"taxonomy":"post_tag","embeddable":true,"href":"http:\/\/vertienteglobal.com\/index.php?rest_route=%2Fwp%2Fv2%2Ftags&post=212951"}],"curies":[{"name":"wp","href":"https:\/\/api.w.org\/{rel}","templated":true}]}}