{"id":212722,"date":"2023-01-19T11:51:00","date_gmt":"2023-01-19T17:51:00","guid":{"rendered":"http:\/\/vertienteglobal.com\/?p=212722"},"modified":"2023-01-19T11:50:41","modified_gmt":"2023-01-19T17:50:41","slug":"sep-abre-convocatoria-para-prepa-en-linea-2023","status":"publish","type":"post","link":"http:\/\/vertienteglobal.com\/?p=212722","title":{"rendered":"SEP abre convocatoria para Prepa en L\u00ednea 2023"},"content":{"rendered":"\n<div class=\"twitterbutton\" style=\"float: right; padding-left: 5px;\"><a href=\"http:\/\/twitter.com\/share\" class=\"twitter-share-button\" data-count=\"horizontal\" data-text=\"SEP abre convocatoria para Prepa en L\u00ednea 2023\" data-via=\"https:\/\/twitter.com\/VertienteGloba1\" data-url=\"http:\/\/vertienteglobal.com\/?p=212722\" data-lang=\"es\" data-related=\"Informaci\u00f3n general:S\u00edguenos para que est\u00e9ss informado\"><\/a><\/div>\n<figure class=\"wp-block-image size-large\"><img loading=\"lazy\" decoding=\"async\" width=\"800\" height=\"475\" src=\"http:\/\/vertienteglobal.com\/wp-content\/uploads\/2023\/01\/20230119_124438.jpg\" alt=\"\" class=\"wp-image-212735\" srcset=\"http:\/\/vertienteglobal.com\/wp-content\/uploads\/2023\/01\/20230119_124438.jpg 800w, http:\/\/vertienteglobal.com\/wp-content\/uploads\/2023\/01\/20230119_124438-300x178.jpg 300w, http:\/\/vertienteglobal.com\/wp-content\/uploads\/2023\/01\/20230119_124438-150x89.jpg 150w, http:\/\/vertienteglobal.com\/wp-content\/uploads\/2023\/01\/20230119_124438-768x456.jpg 768w\" sizes=\"auto, (max-width: 800px) 100vw, 800px\" \/><\/figure>\n\n\n\n<p>(Redacci\u00f3n)<\/p>\n\n\n\n<p>Los interesados podr\u00e1n realizar sus tr\u00e1mites y estudiar 100 por ciento en l\u00ednea y de forma gratuita<\/p>\n\n\n\n<p>Ciudad de M\u00e9xico 19 de enero 2023.-La Secretar\u00eda de Educaci\u00f3n P\u00fablica (SEP), ya lanz\u00f3 la primera convocatoria de 2023 para estudiar la prepa en l\u00ednea y pertenecer a la generaci\u00f3n 50.<\/p>\n\n\n\n<p>Se trata del Servicio Nacional de Bachillerato en L\u00ednea, \u201cPrepa en L\u00ednea-SEP\u201d que est\u00e1 dirigido a todas las personas mexicanas que deseen cursar o terminar su preparatoria en la modalidad no escolarizada.<\/p>\n\n\n\n<p>Los interesados podr\u00e1n realizar sus tr\u00e1mites y estudiar 100 por ciento en l\u00ednea y de forma gratuita.<\/p>\n\n\n\n<p>Asimismo, los interesados tienen hasta el 27 de enero para realizar su registro en el sitio&nbsp;<a href=\"https:\/\/prepaenlinea.sep.gob.mx\/\"><strong>&nbsp;PL-SEP.<\/strong><\/a>&nbsp;La plataforma se cerrar\u00e1 cuando alcance los 30 mil registros completos.<\/p>\n\n\n\n<p>\u00bfCu\u00e1les son los requisitos?<\/p>\n\n\n\n<p>Para obtener la matr\u00edcula oficial de estudiante en la Prepa en L\u00ednea-SEP deber\u00e1s cumplir con los siguientes requisitos:<\/p>\n\n\n\n<p>Concluir el registro.<br>Ser de los 9 mil 600 aspirantes con las calificaciones m\u00e1s altas en el m\u00f3dulo proped\u00e9utico.<br>Subir documentaci\u00f3n completa con las caracter\u00edsticas requeridas.<\/p>\n\n\n\n<p>El plan de estudios cuenta con 23 m\u00f3dulos que se cursan en dos a\u00f1os y medio. Para m\u00e1s informaci\u00f3n, da&nbsp;<a href=\"https:\/\/prepaenlinea.sep.gob.mx\/convocatorias-2023\/guia-50.html#\/page\/26\"><strong>click aqui.<\/strong><\/a> (Fuente: SEP\/EF)<\/p>\n","protected":false},"excerpt":{"rendered":"<p>(Redacci\u00f3n) Los interesados podr\u00e1n realizar sus tr\u00e1mites y estudiar 100 por ciento en l\u00ednea y de forma gratuita Ciudad de M\u00e9xico 19 de enero 2023.-La Secretar\u00eda de Educaci\u00f3n P\u00fablica (SEP), ya lanz\u00f3 la primera convocatoria de 2023 para estudiar la prepa en l\u00ednea y pertenecer a la generaci\u00f3n 50. Se trata del Servicio Nacional de [&hellip;]<\/p>\n","protected":false},"author":1,"featured_media":212735,"comment_status":"open","ping_status":"open","sticky":false,"template":"","format":"standard","meta":{"footnotes":""},"categories":[9,8],"tags":[],"class_list":["post-212722","post","type-post","status-publish","format-standard","has-post-thumbnail","hentry","category-educacion","category-pais","entry","has-media"],"jetpack_featured_media_url":"http:\/\/vertienteglobal.com\/wp-content\/uploads\/2023\/01\/20230119_124438.jpg","_links":{"self":[{"href":"http:\/\/vertienteglobal.com\/index.php?rest_route=\/wp\/v2\/posts\/212722","targetHints":{"allow":["GET"]}}],"collection":[{"href":"http:\/\/vertienteglobal.com\/index.php?rest_route=\/wp\/v2\/posts"}],"about":[{"href":"http:\/\/vertienteglobal.com\/index.php?rest_route=\/wp\/v2\/types\/post"}],"author":[{"embeddable":true,"href":"http:\/\/vertienteglobal.com\/index.php?rest_route=\/wp\/v2\/users\/1"}],"replies":[{"embeddable":true,"href":"http:\/\/vertienteglobal.com\/index.php?rest_route=%2Fwp%2Fv2%2Fcomments&post=212722"}],"version-history":[{"count":0,"href":"http:\/\/vertienteglobal.com\/index.php?rest_route=\/wp\/v2\/posts\/212722\/revisions"}],"wp:featuredmedia":[{"embeddable":true,"href":"http:\/\/vertienteglobal.com\/index.php?rest_route=\/wp\/v2\/media\/212735"}],"wp:attachment":[{"href":"http:\/\/vertienteglobal.com\/index.php?rest_route=%2Fwp%2Fv2%2Fmedia&parent=212722"}],"wp:term":[{"taxonomy":"category","embeddable":true,"href":"http:\/\/vertienteglobal.com\/index.php?rest_route=%2Fwp%2Fv2%2Fcategories&post=212722"},{"taxonomy":"post_tag","embeddable":true,"href":"http:\/\/vertienteglobal.com\/index.php?rest_route=%2Fwp%2Fv2%2Ftags&post=212722"}],"curies":[{"name":"wp","href":"https:\/\/api.w.org\/{rel}","templated":true}]}}