{"id":212591,"date":"2023-01-18T13:24:00","date_gmt":"2023-01-18T19:24:00","guid":{"rendered":"http:\/\/vertienteglobal.com\/?p=212591"},"modified":"2023-01-18T14:53:42","modified_gmt":"2023-01-18T20:53:42","slug":"suma-fge-quintana-roo-144-detenciones-22-vinculaciones-a-proceso-y-dos-sentencias-condenatorias-del-9-al-15-de-enero-de-2023","status":"publish","type":"post","link":"http:\/\/vertienteglobal.com\/?p=212591","title":{"rendered":"Suma FGE Quintana Roo 144 detenciones, 22 vinculaciones a proceso y dos sentencias condenatorias del 9 al 15 de enero de 2023"},"content":{"rendered":"\n<div class=\"twitterbutton\" style=\"float: right; padding-left: 5px;\"><a href=\"http:\/\/twitter.com\/share\" class=\"twitter-share-button\" data-count=\"horizontal\" data-text=\"Suma FGE Quintana Roo 144 detenciones, 22 vinculaciones a proceso y dos sentenci...\" data-via=\"https:\/\/twitter.com\/VertienteGloba1\" data-url=\"http:\/\/vertienteglobal.com\/?p=212591\" data-lang=\"es\" data-related=\"Informaci\u00f3n general:S\u00edguenos para que est\u00e9ss informado\"><\/a><\/div>\n<figure class=\"wp-block-image size-large\"><img loading=\"lazy\" decoding=\"async\" width=\"1024\" height=\"683\" src=\"http:\/\/vertienteglobal.com\/wp-content\/uploads\/2023\/01\/IMG-20230118-WA0182-1024x683.jpg\" alt=\"\" class=\"wp-image-212592\" srcset=\"http:\/\/vertienteglobal.com\/wp-content\/uploads\/2023\/01\/IMG-20230118-WA0182-1024x683.jpg 1024w, http:\/\/vertienteglobal.com\/wp-content\/uploads\/2023\/01\/IMG-20230118-WA0182-300x200.jpg 300w, http:\/\/vertienteglobal.com\/wp-content\/uploads\/2023\/01\/IMG-20230118-WA0182-150x100.jpg 150w, http:\/\/vertienteglobal.com\/wp-content\/uploads\/2023\/01\/IMG-20230118-WA0182-768x512.jpg 768w, http:\/\/vertienteglobal.com\/wp-content\/uploads\/2023\/01\/IMG-20230118-WA0182.jpg 1292w\" sizes=\"auto, (max-width: 1024px) 100vw, 1024px\" \/><\/figure>\n\n\n\n<p>(Redaccion)<\/p>\n\n\n\n<p>Sostiene el Fiscal General, \u00d3scar Montes de Oca, que 128 personas fueron puestas a disposici\u00f3n de las instancias correspondientes y 16 en cumplimiento de \u00f3rdenes de aprehensi\u00f3n<\/p>\n\n\n\n<p>De las 22 vinculaciones a proceso obtenidas, en 17 el juez de control dict\u00f3 la medida cautelar de prisi\u00f3n preventiva oficiosa<\/p>\n\n\n\n<p>Canc\u00fan, Quintana Roo, a 18 de enero de 2023.- El titular de la Fiscal\u00eda General del Estado, \u00d3scar Montes de Oca, inform\u00f3 que durante la semana del 9 al 15 de enero, las diversas instancias de seguridad en el estado, lograron detener a 144 personas, adem\u00e1s de que se consiguieron 22 vinculaciones a proceso y dos sentencias condenatorias.<\/p>\n\n\n\n<p>En cuanto a las detenciones, detall\u00f3 que 128 personas fueron puestas a disposici\u00f3n de las instancias correspondientes y 16 en cumplimiento de \u00f3rdenes de aprehensi\u00f3n. En este periodo se contabilizaron 62 detenciones por delitos contra la salud, 10 por robo, siete por violencia familiar, dos por homicidio, dos m\u00e1s por secuestro, entre otros.<\/p>\n\n\n\n<p>Asimismo, \u00d3scar Montes de Oca se\u00f1al\u00f3 que de las 22 vinculaciones a proceso obtenidas, en 17 el juez de control dict\u00f3 la medida cautelar de prisi\u00f3n preventiva oficiosa. Tambi\u00e9n se realizaron dos cateos y hubo dos sentencias condenatorias por el delito de robo.<\/p>\n\n\n\n<p>Con estas acciones, la Fiscal\u00eda General del Estado de Quintana Roo cumple con su obligaci\u00f3n constitucional de investigar, capturar y procesar a los probables participantes de hechos delictivos, alcanzar la procuraci\u00f3n de justicia en favor de las v\u00edctimas del delito, tal como lo encomienda la Gobernadora Mara Lezama.<\/p>\n\n\n\n<figure class=\"wp-block-image size-large\"><img loading=\"lazy\" decoding=\"async\" width=\"1024\" height=\"576\" src=\"http:\/\/vertienteglobal.com\/wp-content\/uploads\/2023\/01\/IMG-20230118-WA0185-1024x576.jpg\" alt=\"\" class=\"wp-image-212593\" srcset=\"http:\/\/vertienteglobal.com\/wp-content\/uploads\/2023\/01\/IMG-20230118-WA0185-1024x576.jpg 1024w, http:\/\/vertienteglobal.com\/wp-content\/uploads\/2023\/01\/IMG-20230118-WA0185-300x169.jpg 300w, http:\/\/vertienteglobal.com\/wp-content\/uploads\/2023\/01\/IMG-20230118-WA0185-150x84.jpg 150w, http:\/\/vertienteglobal.com\/wp-content\/uploads\/2023\/01\/IMG-20230118-WA0185-768x432.jpg 768w, http:\/\/vertienteglobal.com\/wp-content\/uploads\/2023\/01\/IMG-20230118-WA0185.jpg 1280w\" sizes=\"auto, (max-width: 1024px) 100vw, 1024px\" \/><\/figure>\n\n\n\n<figure class=\"wp-block-image size-large\"><img loading=\"lazy\" decoding=\"async\" width=\"1024\" height=\"576\" src=\"http:\/\/vertienteglobal.com\/wp-content\/uploads\/2023\/01\/IMG-20230118-WA0184-1024x576.jpg\" alt=\"\" class=\"wp-image-212594\" srcset=\"http:\/\/vertienteglobal.com\/wp-content\/uploads\/2023\/01\/IMG-20230118-WA0184-1024x576.jpg 1024w, http:\/\/vertienteglobal.com\/wp-content\/uploads\/2023\/01\/IMG-20230118-WA0184-300x169.jpg 300w, http:\/\/vertienteglobal.com\/wp-content\/uploads\/2023\/01\/IMG-20230118-WA0184-150x84.jpg 150w, http:\/\/vertienteglobal.com\/wp-content\/uploads\/2023\/01\/IMG-20230118-WA0184-768x432.jpg 768w, http:\/\/vertienteglobal.com\/wp-content\/uploads\/2023\/01\/IMG-20230118-WA0184.jpg 1280w\" sizes=\"auto, (max-width: 1024px) 100vw, 1024px\" \/><\/figure>\n\n\n\n<figure class=\"wp-block-image size-large\"><img loading=\"lazy\" decoding=\"async\" width=\"1024\" height=\"576\" src=\"http:\/\/vertienteglobal.com\/wp-content\/uploads\/2023\/01\/IMG-20230118-WA0183-1024x576.jpg\" alt=\"\" class=\"wp-image-212595\" srcset=\"http:\/\/vertienteglobal.com\/wp-content\/uploads\/2023\/01\/IMG-20230118-WA0183-1024x576.jpg 1024w, http:\/\/vertienteglobal.com\/wp-content\/uploads\/2023\/01\/IMG-20230118-WA0183-300x169.jpg 300w, http:\/\/vertienteglobal.com\/wp-content\/uploads\/2023\/01\/IMG-20230118-WA0183-150x84.jpg 150w, http:\/\/vertienteglobal.com\/wp-content\/uploads\/2023\/01\/IMG-20230118-WA0183-768x432.jpg 768w, http:\/\/vertienteglobal.com\/wp-content\/uploads\/2023\/01\/IMG-20230118-WA0183.jpg 1280w\" sizes=\"auto, (max-width: 1024px) 100vw, 1024px\" \/><\/figure>\n","protected":false},"excerpt":{"rendered":"<p>(Redaccion) Sostiene el Fiscal General, \u00d3scar Montes de Oca, que 128 personas fueron puestas a disposici\u00f3n de las instancias correspondientes y 16 en cumplimiento de \u00f3rdenes de aprehensi\u00f3n De las 22 vinculaciones a proceso obtenidas, en 17 el juez de control dict\u00f3 la medida cautelar de prisi\u00f3n preventiva oficiosa Canc\u00fan, Quintana Roo, a 18 de [&hellip;]<\/p>\n","protected":false},"author":1,"featured_media":212592,"comment_status":"open","ping_status":"open","sticky":false,"template":"","format":"standard","meta":{"footnotes":""},"categories":[3],"tags":[],"class_list":["post-212591","post","type-post","status-publish","format-standard","has-post-thumbnail","hentry","category-quintana-roo","entry","has-media"],"jetpack_featured_media_url":"http:\/\/vertienteglobal.com\/wp-content\/uploads\/2023\/01\/IMG-20230118-WA0182.jpg","_links":{"self":[{"href":"http:\/\/vertienteglobal.com\/index.php?rest_route=\/wp\/v2\/posts\/212591","targetHints":{"allow":["GET"]}}],"collection":[{"href":"http:\/\/vertienteglobal.com\/index.php?rest_route=\/wp\/v2\/posts"}],"about":[{"href":"http:\/\/vertienteglobal.com\/index.php?rest_route=\/wp\/v2\/types\/post"}],"author":[{"embeddable":true,"href":"http:\/\/vertienteglobal.com\/index.php?rest_route=\/wp\/v2\/users\/1"}],"replies":[{"embeddable":true,"href":"http:\/\/vertienteglobal.com\/index.php?rest_route=%2Fwp%2Fv2%2Fcomments&post=212591"}],"version-history":[{"count":0,"href":"http:\/\/vertienteglobal.com\/index.php?rest_route=\/wp\/v2\/posts\/212591\/revisions"}],"wp:featuredmedia":[{"embeddable":true,"href":"http:\/\/vertienteglobal.com\/index.php?rest_route=\/wp\/v2\/media\/212592"}],"wp:attachment":[{"href":"http:\/\/vertienteglobal.com\/index.php?rest_route=%2Fwp%2Fv2%2Fmedia&parent=212591"}],"wp:term":[{"taxonomy":"category","embeddable":true,"href":"http:\/\/vertienteglobal.com\/index.php?rest_route=%2Fwp%2Fv2%2Fcategories&post=212591"},{"taxonomy":"post_tag","embeddable":true,"href":"http:\/\/vertienteglobal.com\/index.php?rest_route=%2Fwp%2Fv2%2Ftags&post=212591"}],"curies":[{"name":"wp","href":"https:\/\/api.w.org\/{rel}","templated":true}]}}