{"id":212581,"date":"2023-01-18T12:34:00","date_gmt":"2023-01-18T18:34:00","guid":{"rendered":"http:\/\/vertienteglobal.com\/?p=212581"},"modified":"2023-01-18T13:19:22","modified_gmt":"2023-01-18T19:19:22","slug":"ileana-canul-de-dezul-presidenta-honoraria-del-dif-tulum-recorre-la-zona-maya-cobijando-con-amor","status":"publish","type":"post","link":"http:\/\/vertienteglobal.com\/?p=212581","title":{"rendered":"Ileana Canul de Dezul, presidenta Honoraria del DIF Tulum, recorre la zona maya, cobijando con amor"},"content":{"rendered":"\n<div class=\"twitterbutton\" style=\"float: right; padding-left: 5px;\"><a href=\"http:\/\/twitter.com\/share\" class=\"twitter-share-button\" data-count=\"horizontal\" data-text=\"Ileana Canul de Dezul, presidenta Honoraria del DIF Tulum, recorre la zona maya,...\" data-via=\"https:\/\/twitter.com\/VertienteGloba1\" data-url=\"http:\/\/vertienteglobal.com\/?p=212581\" data-lang=\"es\" data-related=\"Informaci\u00f3n general:S\u00edguenos para que est\u00e9ss informado\"><\/a><\/div>\n<figure class=\"wp-block-image size-large\"><img loading=\"lazy\" decoding=\"async\" width=\"720\" height=\"480\" src=\"http:\/\/vertienteglobal.com\/wp-content\/uploads\/2023\/01\/FB_IMG_1674066290103.jpg\" alt=\"\" class=\"wp-image-212582\" srcset=\"http:\/\/vertienteglobal.com\/wp-content\/uploads\/2023\/01\/FB_IMG_1674066290103.jpg 720w, http:\/\/vertienteglobal.com\/wp-content\/uploads\/2023\/01\/FB_IMG_1674066290103-300x200.jpg 300w, http:\/\/vertienteglobal.com\/wp-content\/uploads\/2023\/01\/FB_IMG_1674066290103-150x100.jpg 150w\" sizes=\"auto, (max-width: 720px) 100vw, 720px\" \/><\/figure>\n\n\n\n<p>(Redaccion)<\/p>\n\n\n\n<p>Informo que en esta ocasi\u00f3n visitaron la Zona Maya privilegiando a la comunidad de Chanchen Palmar, Yaxch\u00e9, Hondzonot, Chanchen primero, Sahcab Mucuy, San Pedro y San Juan de Dios<\/p>\n\n\n\n<p>Tulum, Quintana Roo 18 de enero 2023.- La presidenta del DIF Tulum Ileana Canul de Dzul realiz\u00f3 un recorrido por la zona maya beneficiando a los adultos mayores, ni\u00f1os y personas con discapacidad, con la entrega de cobijas a trav\u00e9s del programa \u00abCobijando con Amor\u00bb, una cobija que servir\u00e1 como abrigo durante las bajas temperaturas.<\/p>\n\n\n\n<p>Y es que el Sistema DIF Tulum tiene como prop\u00f3sito generar mayores cambios para quienes m\u00e1s lo necesitan, a trav\u00e9s de diversas campa\u00f1as de solidaridad y ayuda humanitaria a trav\u00e9s de la coordinaci\u00f3n de atenci\u00f3n ciudadana,como la donaci\u00f3n de cobijas.<\/p>\n\n\n\n<p>Informo que en esta ocasi\u00f3n visitaron la Zona Maya privilegiando a la comunidad de Chanchen Palmar, Yaxch\u00e9, Hondzonot, Chanchen primero, Sahcab Mucuy, San Pedro y San Juan de Dios. #SirviendoConAmor. <\/p>\n\n\n\n<figure class=\"wp-block-image size-large\"><img loading=\"lazy\" decoding=\"async\" width=\"720\" height=\"480\" src=\"http:\/\/vertienteglobal.com\/wp-content\/uploads\/2023\/01\/FB_IMG_1674066293565.jpg\" alt=\"\" class=\"wp-image-212583\" srcset=\"http:\/\/vertienteglobal.com\/wp-content\/uploads\/2023\/01\/FB_IMG_1674066293565.jpg 720w, http:\/\/vertienteglobal.com\/wp-content\/uploads\/2023\/01\/FB_IMG_1674066293565-300x200.jpg 300w, http:\/\/vertienteglobal.com\/wp-content\/uploads\/2023\/01\/FB_IMG_1674066293565-150x100.jpg 150w\" sizes=\"auto, (max-width: 720px) 100vw, 720px\" \/><\/figure>\n\n\n\n<figure class=\"wp-block-image size-large\"><img loading=\"lazy\" decoding=\"async\" width=\"720\" height=\"480\" src=\"http:\/\/vertienteglobal.com\/wp-content\/uploads\/2023\/01\/FB_IMG_1674066300845.jpg\" alt=\"\" class=\"wp-image-212584\" srcset=\"http:\/\/vertienteglobal.com\/wp-content\/uploads\/2023\/01\/FB_IMG_1674066300845.jpg 720w, http:\/\/vertienteglobal.com\/wp-content\/uploads\/2023\/01\/FB_IMG_1674066300845-300x200.jpg 300w, http:\/\/vertienteglobal.com\/wp-content\/uploads\/2023\/01\/FB_IMG_1674066300845-150x100.jpg 150w\" sizes=\"auto, (max-width: 720px) 100vw, 720px\" \/><\/figure>\n\n\n\n<figure class=\"wp-block-image size-large\"><img loading=\"lazy\" decoding=\"async\" width=\"720\" height=\"480\" src=\"http:\/\/vertienteglobal.com\/wp-content\/uploads\/2023\/01\/FB_IMG_1674066304201.jpg\" alt=\"\" class=\"wp-image-212585\" srcset=\"http:\/\/vertienteglobal.com\/wp-content\/uploads\/2023\/01\/FB_IMG_1674066304201.jpg 720w, http:\/\/vertienteglobal.com\/wp-content\/uploads\/2023\/01\/FB_IMG_1674066304201-300x200.jpg 300w, http:\/\/vertienteglobal.com\/wp-content\/uploads\/2023\/01\/FB_IMG_1674066304201-150x100.jpg 150w\" sizes=\"auto, (max-width: 720px) 100vw, 720px\" \/><\/figure>\n\n\n\n<figure class=\"wp-block-image size-large\"><img loading=\"lazy\" decoding=\"async\" width=\"720\" height=\"480\" src=\"http:\/\/vertienteglobal.com\/wp-content\/uploads\/2023\/01\/FB_IMG_1674066318338.jpg\" alt=\"\" class=\"wp-image-212586\" srcset=\"http:\/\/vertienteglobal.com\/wp-content\/uploads\/2023\/01\/FB_IMG_1674066318338.jpg 720w, http:\/\/vertienteglobal.com\/wp-content\/uploads\/2023\/01\/FB_IMG_1674066318338-300x200.jpg 300w, http:\/\/vertienteglobal.com\/wp-content\/uploads\/2023\/01\/FB_IMG_1674066318338-150x100.jpg 150w\" sizes=\"auto, (max-width: 720px) 100vw, 720px\" \/><\/figure>\n\n\n\n<figure class=\"wp-block-image size-large\"><img loading=\"lazy\" decoding=\"async\" width=\"720\" height=\"480\" src=\"http:\/\/vertienteglobal.com\/wp-content\/uploads\/2023\/01\/FB_IMG_1674066326712.jpg\" alt=\"\" class=\"wp-image-212587\" srcset=\"http:\/\/vertienteglobal.com\/wp-content\/uploads\/2023\/01\/FB_IMG_1674066326712.jpg 720w, http:\/\/vertienteglobal.com\/wp-content\/uploads\/2023\/01\/FB_IMG_1674066326712-300x200.jpg 300w, http:\/\/vertienteglobal.com\/wp-content\/uploads\/2023\/01\/FB_IMG_1674066326712-150x100.jpg 150w\" sizes=\"auto, (max-width: 720px) 100vw, 720px\" \/><\/figure>\n\n\n\n<figure class=\"wp-block-image size-large\"><img loading=\"lazy\" decoding=\"async\" width=\"720\" height=\"480\" src=\"http:\/\/vertienteglobal.com\/wp-content\/uploads\/2023\/01\/FB_IMG_1674066314183.jpg\" alt=\"\" class=\"wp-image-212588\" srcset=\"http:\/\/vertienteglobal.com\/wp-content\/uploads\/2023\/01\/FB_IMG_1674066314183.jpg 720w, http:\/\/vertienteglobal.com\/wp-content\/uploads\/2023\/01\/FB_IMG_1674066314183-300x200.jpg 300w, http:\/\/vertienteglobal.com\/wp-content\/uploads\/2023\/01\/FB_IMG_1674066314183-150x100.jpg 150w\" sizes=\"auto, (max-width: 720px) 100vw, 720px\" \/><\/figure>\n\n\n\n<figure class=\"wp-block-image size-large\"><img loading=\"lazy\" decoding=\"async\" width=\"720\" height=\"480\" src=\"http:\/\/vertienteglobal.com\/wp-content\/uploads\/2023\/01\/FB_IMG_1674066322613.jpg\" alt=\"\" class=\"wp-image-212589\" srcset=\"http:\/\/vertienteglobal.com\/wp-content\/uploads\/2023\/01\/FB_IMG_1674066322613.jpg 720w, http:\/\/vertienteglobal.com\/wp-content\/uploads\/2023\/01\/FB_IMG_1674066322613-300x200.jpg 300w, http:\/\/vertienteglobal.com\/wp-content\/uploads\/2023\/01\/FB_IMG_1674066322613-150x100.jpg 150w\" sizes=\"auto, (max-width: 720px) 100vw, 720px\" \/><\/figure>\n","protected":false},"excerpt":{"rendered":"<p>(Redaccion) Informo que en esta ocasi\u00f3n visitaron la Zona Maya privilegiando a la comunidad de Chanchen Palmar, Yaxch\u00e9, Hondzonot, Chanchen primero, Sahcab Mucuy, San Pedro y San Juan de Dios Tulum, Quintana Roo 18 de enero 2023.- La presidenta del DIF Tulum Ileana Canul de Dzul realiz\u00f3 un recorrido por la zona maya beneficiando a [&hellip;]<\/p>\n","protected":false},"author":1,"featured_media":212583,"comment_status":"open","ping_status":"open","sticky":false,"template":"","format":"standard","meta":{"footnotes":""},"categories":[3],"tags":[],"class_list":["post-212581","post","type-post","status-publish","format-standard","has-post-thumbnail","hentry","category-quintana-roo","entry","has-media"],"jetpack_featured_media_url":"http:\/\/vertienteglobal.com\/wp-content\/uploads\/2023\/01\/FB_IMG_1674066293565.jpg","_links":{"self":[{"href":"http:\/\/vertienteglobal.com\/index.php?rest_route=\/wp\/v2\/posts\/212581","targetHints":{"allow":["GET"]}}],"collection":[{"href":"http:\/\/vertienteglobal.com\/index.php?rest_route=\/wp\/v2\/posts"}],"about":[{"href":"http:\/\/vertienteglobal.com\/index.php?rest_route=\/wp\/v2\/types\/post"}],"author":[{"embeddable":true,"href":"http:\/\/vertienteglobal.com\/index.php?rest_route=\/wp\/v2\/users\/1"}],"replies":[{"embeddable":true,"href":"http:\/\/vertienteglobal.com\/index.php?rest_route=%2Fwp%2Fv2%2Fcomments&post=212581"}],"version-history":[{"count":0,"href":"http:\/\/vertienteglobal.com\/index.php?rest_route=\/wp\/v2\/posts\/212581\/revisions"}],"wp:featuredmedia":[{"embeddable":true,"href":"http:\/\/vertienteglobal.com\/index.php?rest_route=\/wp\/v2\/media\/212583"}],"wp:attachment":[{"href":"http:\/\/vertienteglobal.com\/index.php?rest_route=%2Fwp%2Fv2%2Fmedia&parent=212581"}],"wp:term":[{"taxonomy":"category","embeddable":true,"href":"http:\/\/vertienteglobal.com\/index.php?rest_route=%2Fwp%2Fv2%2Fcategories&post=212581"},{"taxonomy":"post_tag","embeddable":true,"href":"http:\/\/vertienteglobal.com\/index.php?rest_route=%2Fwp%2Fv2%2Ftags&post=212581"}],"curies":[{"name":"wp","href":"https:\/\/api.w.org\/{rel}","templated":true}]}}