{"id":212552,"date":"2023-01-18T12:02:00","date_gmt":"2023-01-18T18:02:00","guid":{"rendered":"http:\/\/vertienteglobal.com\/?p=212552"},"modified":"2023-01-18T12:09:43","modified_gmt":"2023-01-18T18:09:43","slug":"redoblar-esfuerzos-para-que-quintana-roo-siga-siendo-un-ejemplo-de-conservacion-ambiental-sema","status":"publish","type":"post","link":"http:\/\/vertienteglobal.com\/?p=212552","title":{"rendered":"Redoblar esfuerzos para que Quintana Roo siga siendo un ejemplo de conservaci\u00f3n ambiental: SEMA"},"content":{"rendered":"\n<div class=\"twitterbutton\" style=\"float: right; padding-left: 5px;\"><a href=\"http:\/\/twitter.com\/share\" class=\"twitter-share-button\" data-count=\"horizontal\" data-text=\"Redoblar esfuerzos para que Quintana Roo siga siendo un ejemplo de conservaci\u00f3n...\" data-via=\"https:\/\/twitter.com\/VertienteGloba1\" data-url=\"http:\/\/vertienteglobal.com\/?p=212552\" data-lang=\"es\" data-related=\"Informaci\u00f3n general:S\u00edguenos para que est\u00e9ss informado\"><\/a><\/div>\n<figure class=\"wp-block-image size-large\"><img loading=\"lazy\" decoding=\"async\" width=\"1024\" height=\"577\" src=\"http:\/\/vertienteglobal.com\/wp-content\/uploads\/2023\/01\/SEMA-Esfuerzo-01-1024x577.jpeg\" alt=\"\" class=\"wp-image-212553\" srcset=\"http:\/\/vertienteglobal.com\/wp-content\/uploads\/2023\/01\/SEMA-Esfuerzo-01-1024x577.jpeg 1024w, http:\/\/vertienteglobal.com\/wp-content\/uploads\/2023\/01\/SEMA-Esfuerzo-01-300x169.jpeg 300w, http:\/\/vertienteglobal.com\/wp-content\/uploads\/2023\/01\/SEMA-Esfuerzo-01-150x85.jpeg 150w, http:\/\/vertienteglobal.com\/wp-content\/uploads\/2023\/01\/SEMA-Esfuerzo-01-768x433.jpeg 768w, http:\/\/vertienteglobal.com\/wp-content\/uploads\/2023\/01\/SEMA-Esfuerzo-01.jpeg 1223w\" sizes=\"auto, (max-width: 1024px) 100vw, 1024px\" \/><\/figure>\n\n\n\n<p>(Redaccion)<\/p>\n\n\n\n<p>Dan a conocer acciones en favor del medio ambiente en el Sexto Foro Estatal de Educaci\u00f3n Ambiental<\/p>\n\n\n\n<p>Canc\u00fan, Quintana Roo 18 de enero 2023.- La titular de la Secretar\u00eda de Ecolog\u00eda Medio Ambiente (SEMA) Huguette Hern\u00e1ndez G\u00f3mez exhort\u00f3 a no bajar la guardia y redoblar esfuerzos para que el estado siga siendo un ejemplo de conservaci\u00f3n y reiter\u00f3 que, en el marco del Nuevo Acuerdo por el Bienestar y Desarrollo de Quintana Roo, se impulsan acciones y campa\u00f1as de educaci\u00f3n ambiental a nivel interinstitucional e intersectorial.<\/p>\n\n\n\n<p>Durante la inauguraci\u00f3n del Sexto Foro Estatal de Educaci\u00f3n Ambiental organizado por el Grupo Especializado de Trabajo en Educaci\u00f3n, Comunicaci\u00f3n y Cultura del Agua (GETECCA), la titular de la SEMA, Hern\u00e1ndez G\u00f3mez a nombre de la gobernadora Mara Lezama Espinosa extendi\u00f3 un reconocimiento al esfuerzo que realizan los integrantes para impulsar una cultura del agua acorde con la realidad hidrol\u00f3gica de la Cuenca de la Pen\u00ednsula de Yucat\u00e1n.<\/p>\n\n\n\n<p>Reconoci\u00f3 que en el caso de Quintana Roo el m\u00e1ximo \u00f3rgano de consulta es el Consejo Estatal de Educaci\u00f3n Ambiental que contribuye al fortalecimiento de la gobernanza ambiental, teniendo como eje rector el Plan Estatal de Educaci\u00f3n Ambiental, instrumento que establece el marco institucional para los programas e iniciativas encaminadas a la consolidaci\u00f3n de una cultura ambiental.<\/p>\n\n\n\n<p>Durante el foro se imparti\u00f3 conferencia de Leticia G\u00f3mez Mendoza del Colegio de Geograf\u00eda de la UNAM sobre los \u201cEfectos del cambio clim\u00e1tico sobre el agua\u201d y el personal de SEMA expuso el Programa Estatal del Sistema de Manejo Ambiental y Panel Herramientas para difundir la educaci\u00f3n ambiental. Presentaron las c\u00e1psulas ambientales \u201cEducando para la Acci\u00f3n\u201d.<\/p>\n\n\n\n<p>Participaron en el Foro, Gonzalo Merediz Alonso, Presidente del Consejo de Cuenca Pen\u00ednsula de Yucat\u00e1n; Juan Ram\u00f3n D\u00edaz Calder\u00f3n, Subdirector de Consejos de Cuenca y Atenci\u00f3n a Emergencias; Erika Ram\u00edrez M\u00e9ndez, Directora Local de la CONAGUA en Quintana Roo y secretaria t\u00e9cnica del GETECCA y Alejandra Mayorga Rodr\u00edguez, coordinadora del GETECCA de Quintana Roo<\/p>\n","protected":false},"excerpt":{"rendered":"<p>(Redaccion) Dan a conocer acciones en favor del medio ambiente en el Sexto Foro Estatal de Educaci\u00f3n Ambiental Canc\u00fan, Quintana Roo 18 de enero 2023.- La titular de la Secretar\u00eda de Ecolog\u00eda Medio Ambiente (SEMA) Huguette Hern\u00e1ndez G\u00f3mez exhort\u00f3 a no bajar la guardia y redoblar esfuerzos para que el estado siga siendo un ejemplo [&hellip;]<\/p>\n","protected":false},"author":1,"featured_media":212553,"comment_status":"open","ping_status":"open","sticky":false,"template":"","format":"standard","meta":{"footnotes":""},"categories":[3],"tags":[],"class_list":["post-212552","post","type-post","status-publish","format-standard","has-post-thumbnail","hentry","category-quintana-roo","entry","has-media"],"jetpack_featured_media_url":"http:\/\/vertienteglobal.com\/wp-content\/uploads\/2023\/01\/SEMA-Esfuerzo-01.jpeg","_links":{"self":[{"href":"http:\/\/vertienteglobal.com\/index.php?rest_route=\/wp\/v2\/posts\/212552","targetHints":{"allow":["GET"]}}],"collection":[{"href":"http:\/\/vertienteglobal.com\/index.php?rest_route=\/wp\/v2\/posts"}],"about":[{"href":"http:\/\/vertienteglobal.com\/index.php?rest_route=\/wp\/v2\/types\/post"}],"author":[{"embeddable":true,"href":"http:\/\/vertienteglobal.com\/index.php?rest_route=\/wp\/v2\/users\/1"}],"replies":[{"embeddable":true,"href":"http:\/\/vertienteglobal.com\/index.php?rest_route=%2Fwp%2Fv2%2Fcomments&post=212552"}],"version-history":[{"count":0,"href":"http:\/\/vertienteglobal.com\/index.php?rest_route=\/wp\/v2\/posts\/212552\/revisions"}],"wp:featuredmedia":[{"embeddable":true,"href":"http:\/\/vertienteglobal.com\/index.php?rest_route=\/wp\/v2\/media\/212553"}],"wp:attachment":[{"href":"http:\/\/vertienteglobal.com\/index.php?rest_route=%2Fwp%2Fv2%2Fmedia&parent=212552"}],"wp:term":[{"taxonomy":"category","embeddable":true,"href":"http:\/\/vertienteglobal.com\/index.php?rest_route=%2Fwp%2Fv2%2Fcategories&post=212552"},{"taxonomy":"post_tag","embeddable":true,"href":"http:\/\/vertienteglobal.com\/index.php?rest_route=%2Fwp%2Fv2%2Ftags&post=212552"}],"curies":[{"name":"wp","href":"https:\/\/api.w.org\/{rel}","templated":true}]}}