{"id":212521,"date":"2023-01-17T21:52:00","date_gmt":"2023-01-18T03:52:00","guid":{"rendered":"http:\/\/vertienteglobal.com\/?p=212521"},"modified":"2023-01-17T20:09:06","modified_gmt":"2023-01-18T02:09:06","slug":"apple-presenta-nuevas-macbook-pro-con-chips-m2-pro-y-m2-max","status":"publish","type":"post","link":"http:\/\/vertienteglobal.com\/?p=212521","title":{"rendered":"Apple presenta nuevas MacBook Pro con chips M2 Pro y M2 Max"},"content":{"rendered":"\n<div class=\"twitterbutton\" style=\"float: right; padding-left: 5px;\"><a href=\"http:\/\/twitter.com\/share\" class=\"twitter-share-button\" data-count=\"horizontal\" data-text=\"Apple presenta nuevas MacBook Pro con chips M2 Pro y M2 Max\" data-via=\"https:\/\/twitter.com\/VertienteGloba1\" data-url=\"http:\/\/vertienteglobal.com\/?p=212521\" data-lang=\"es\" data-related=\"Informaci\u00f3n general:S\u00edguenos para que est\u00e9ss informado\"><\/a><\/div>\n<figure class=\"wp-block-image size-large\"><img loading=\"lazy\" decoding=\"async\" width=\"1024\" height=\"683\" src=\"http:\/\/vertienteglobal.com\/wp-content\/uploads\/2023\/01\/196786.jpg\" alt=\"\" class=\"wp-image-212522\" srcset=\"http:\/\/vertienteglobal.com\/wp-content\/uploads\/2023\/01\/196786.jpg 1024w, http:\/\/vertienteglobal.com\/wp-content\/uploads\/2023\/01\/196786-300x200.jpg 300w, http:\/\/vertienteglobal.com\/wp-content\/uploads\/2023\/01\/196786-150x100.jpg 150w, http:\/\/vertienteglobal.com\/wp-content\/uploads\/2023\/01\/196786-768x512.jpg 768w\" sizes=\"auto, (max-width: 1024px) 100vw, 1024px\" \/><\/figure>\n\n\n\n<p>(Redacci\u00f3n)<\/p>\n\n\n\n<p>Se espera que la MacBook Pro de 14 pulgadas con M2 Pro tenga un costo inicial de mil 999 d\u00f3lares, mientras que el modelo de 16 pulgadas podr\u00eda costar 2 mil 499 d\u00f3lares<\/p>\n\n\n\n<p>Ciudad de M\u00e9xico 17 de enero 2023.-Apple anunci\u00f3 el lanzamiento de sus nuevas MacBook Pro de 14 y 16 pulgadas, con sus \u00faltimos chips M2 Pro y Max.<\/p>\n\n\n\n<p>De acuerdo a la compa\u00f1\u00eda, el modelo M2 Pro se lanzar\u00e1 con una CPU de 12 n\u00facleos, una GPU de hasta 19 n\u00facleos y hasta 32 GB de memoria unificada, mientras que el M2 Max incluye hasta 38 n\u00facleos de potencia de GPU y admite hasta 96 GB de memoria unificada.<\/p>\n\n\n\n<p>Se espera que la MacBook Pro de 14 pulgadas con M2 Pro tenga un costo inicial de mil 999 d\u00f3lares, mientras que el modelo de 16 pulgadas podr\u00eda costar 2 mil 499 d\u00f3lares.<\/p>\n\n\n\n<p>Los modelos ya est\u00e1n disponibles para ordenar en l\u00ednea y comenzar\u00e1n a enviarse y llegar a las tiendas de Apple el 24 de enero.(Fuente: El Universal)<\/p>\n","protected":false},"excerpt":{"rendered":"<p>(Redacci\u00f3n) Se espera que la MacBook Pro de 14 pulgadas con M2 Pro tenga un costo inicial de mil 999 d\u00f3lares, mientras que el modelo de 16 pulgadas podr\u00eda costar 2 mil 499 d\u00f3lares Ciudad de M\u00e9xico 17 de enero 2023.-Apple anunci\u00f3 el lanzamiento de sus nuevas MacBook Pro de 14 y 16 pulgadas, con [&hellip;]<\/p>\n","protected":false},"author":1,"featured_media":212522,"comment_status":"open","ping_status":"open","sticky":false,"template":"","format":"standard","meta":{"footnotes":""},"categories":[8],"tags":[],"class_list":["post-212521","post","type-post","status-publish","format-standard","has-post-thumbnail","hentry","category-pais","entry","has-media"],"jetpack_featured_media_url":"http:\/\/vertienteglobal.com\/wp-content\/uploads\/2023\/01\/196786.jpg","_links":{"self":[{"href":"http:\/\/vertienteglobal.com\/index.php?rest_route=\/wp\/v2\/posts\/212521","targetHints":{"allow":["GET"]}}],"collection":[{"href":"http:\/\/vertienteglobal.com\/index.php?rest_route=\/wp\/v2\/posts"}],"about":[{"href":"http:\/\/vertienteglobal.com\/index.php?rest_route=\/wp\/v2\/types\/post"}],"author":[{"embeddable":true,"href":"http:\/\/vertienteglobal.com\/index.php?rest_route=\/wp\/v2\/users\/1"}],"replies":[{"embeddable":true,"href":"http:\/\/vertienteglobal.com\/index.php?rest_route=%2Fwp%2Fv2%2Fcomments&post=212521"}],"version-history":[{"count":0,"href":"http:\/\/vertienteglobal.com\/index.php?rest_route=\/wp\/v2\/posts\/212521\/revisions"}],"wp:featuredmedia":[{"embeddable":true,"href":"http:\/\/vertienteglobal.com\/index.php?rest_route=\/wp\/v2\/media\/212522"}],"wp:attachment":[{"href":"http:\/\/vertienteglobal.com\/index.php?rest_route=%2Fwp%2Fv2%2Fmedia&parent=212521"}],"wp:term":[{"taxonomy":"category","embeddable":true,"href":"http:\/\/vertienteglobal.com\/index.php?rest_route=%2Fwp%2Fv2%2Fcategories&post=212521"},{"taxonomy":"post_tag","embeddable":true,"href":"http:\/\/vertienteglobal.com\/index.php?rest_route=%2Fwp%2Fv2%2Ftags&post=212521"}],"curies":[{"name":"wp","href":"https:\/\/api.w.org\/{rel}","templated":true}]}}