{"id":212434,"date":"2023-01-17T09:24:00","date_gmt":"2023-01-17T15:24:00","guid":{"rendered":"http:\/\/vertienteglobal.com\/?p=212434"},"modified":"2023-01-17T15:50:07","modified_gmt":"2023-01-17T21:50:07","slug":"alrededor-de-55-mil-633-estudiantes-de-nivel-medio-superior-retornan-a-las-aulas-seq","status":"publish","type":"post","link":"http:\/\/vertienteglobal.com\/?p=212434","title":{"rendered":"Alrededor de 55 mil 633 estudiantes de nivel medio superior retornan a las aulas: SEQ"},"content":{"rendered":"\n<div class=\"twitterbutton\" style=\"float: right; padding-left: 5px;\"><a href=\"http:\/\/twitter.com\/share\" class=\"twitter-share-button\" data-count=\"horizontal\" data-text=\"Alrededor de 55 mil 633 estudiantes de nivel medio superior retornan a las aulas...\" data-via=\"https:\/\/twitter.com\/VertienteGloba1\" data-url=\"http:\/\/vertienteglobal.com\/?p=212434\" data-lang=\"es\" data-related=\"Informaci\u00f3n general:S\u00edguenos para que est\u00e9ss informado\"><\/a><\/div>\n<figure class=\"wp-block-image size-large\"><img loading=\"lazy\" decoding=\"async\" width=\"585\" height=\"352\" src=\"http:\/\/vertienteglobal.com\/wp-content\/uploads\/2023\/01\/SEQ-MedioSuperior-02-585x352-1.jpeg\" alt=\"\" class=\"wp-image-212435\" srcset=\"http:\/\/vertienteglobal.com\/wp-content\/uploads\/2023\/01\/SEQ-MedioSuperior-02-585x352-1.jpeg 585w, http:\/\/vertienteglobal.com\/wp-content\/uploads\/2023\/01\/SEQ-MedioSuperior-02-585x352-1-300x181.jpeg 300w, http:\/\/vertienteglobal.com\/wp-content\/uploads\/2023\/01\/SEQ-MedioSuperior-02-585x352-1-150x90.jpeg 150w\" sizes=\"auto, (max-width: 585px) 100vw, 585px\" \/><\/figure>\n\n\n\n<p>(Redaccion)<\/p>\n\n\n\n<p>COBAQROO es el primer subsistema que inicia clases del semestre B<\/p>\n\n\n\n<p>Chetumal, Quintana Roo 17 de enero 2023.- Para contribuir en la formaci\u00f3n profesional a trav\u00e9s de una educaci\u00f3n de calidad, el pasado lunes los Subsistemas de Educaci\u00f3n Media Superior iniciaron clases correspondientes al Semestre B del ciclo escolar 2022-2023, siendo el Colegio de Bachilleres el primero en hacerlo.<\/p>\n\n\n\n<p>Como parte del Nuevo Acuerdo por el Bienestar y Desarrollo de Quintana Roo que impulsa la gobernadora Mara Lezama Espinosa, la prioridad es que todos los ni\u00f1os, ni\u00f1as, j\u00f3venes y adolescentes, tengan un lugar asegurado para estudiar, contribuyendo as\u00ed en su formaci\u00f3n profesional a trav\u00e9s de una educaci\u00f3n de calidad.<\/p>\n\n\n\n<p>El segundo subsistema en abrir sus puertas ser\u00e1 el Telebachillerato Comunitario el pr\u00f3ximo 23 de enero; DGETI y DGETACyM el 1 de febrero; la Escuela \u201cEva S\u00e1mano de L\u00f3pez Mateos\u201d y el CECYTE el 7 de febrero; el Centro de Estudios de Bachillerato (CEB) de Felipe Carrillo Puerto y Bacalar el 13 de febrero y el CONALEP el 27 de febrero.<\/p>\n\n\n\n<p>El total aproximado de alumnos y alumnas que estudiar\u00e1n el semestre B es de 55 mil 633, debido a que los subsistemas todav\u00eda se encuentran en periodo de inscripciones, por lo que la cifra tendr\u00eda variaciones.<\/p>\n\n\n\n<figure class=\"wp-block-image size-large\"><img loading=\"lazy\" decoding=\"async\" width=\"1024\" height=\"472\" src=\"http:\/\/vertienteglobal.com\/wp-content\/uploads\/2023\/01\/SEQ-MedioSuperior-01.jpeg\" alt=\"\" class=\"wp-image-212436\" srcset=\"http:\/\/vertienteglobal.com\/wp-content\/uploads\/2023\/01\/SEQ-MedioSuperior-01.jpeg 1024w, http:\/\/vertienteglobal.com\/wp-content\/uploads\/2023\/01\/SEQ-MedioSuperior-01-300x138.jpeg 300w, http:\/\/vertienteglobal.com\/wp-content\/uploads\/2023\/01\/SEQ-MedioSuperior-01-150x69.jpeg 150w, http:\/\/vertienteglobal.com\/wp-content\/uploads\/2023\/01\/SEQ-MedioSuperior-01-768x354.jpeg 768w\" sizes=\"auto, (max-width: 1024px) 100vw, 1024px\" \/><\/figure>\n\n\n\n<figure class=\"wp-block-image size-large\"><img loading=\"lazy\" decoding=\"async\" width=\"585\" height=\"439\" src=\"http:\/\/vertienteglobal.com\/wp-content\/uploads\/2023\/01\/SEQ-MedioSuperior-03-585x439-1.jpeg\" alt=\"\" class=\"wp-image-212437\" srcset=\"http:\/\/vertienteglobal.com\/wp-content\/uploads\/2023\/01\/SEQ-MedioSuperior-03-585x439-1.jpeg 585w, http:\/\/vertienteglobal.com\/wp-content\/uploads\/2023\/01\/SEQ-MedioSuperior-03-585x439-1-300x225.jpeg 300w, http:\/\/vertienteglobal.com\/wp-content\/uploads\/2023\/01\/SEQ-MedioSuperior-03-585x439-1-150x113.jpeg 150w\" sizes=\"auto, (max-width: 585px) 100vw, 585px\" \/><\/figure>\n","protected":false},"excerpt":{"rendered":"<p>(Redaccion) COBAQROO es el primer subsistema que inicia clases del semestre B Chetumal, Quintana Roo 17 de enero 2023.- Para contribuir en la formaci\u00f3n profesional a trav\u00e9s de una educaci\u00f3n de calidad, el pasado lunes los Subsistemas de Educaci\u00f3n Media Superior iniciaron clases correspondientes al Semestre B del ciclo escolar 2022-2023, siendo el Colegio de [&hellip;]<\/p>\n","protected":false},"author":1,"featured_media":212435,"comment_status":"open","ping_status":"open","sticky":false,"template":"","format":"standard","meta":{"footnotes":""},"categories":[9,3],"tags":[],"class_list":["post-212434","post","type-post","status-publish","format-standard","has-post-thumbnail","hentry","category-educacion","category-quintana-roo","entry","has-media"],"jetpack_featured_media_url":"http:\/\/vertienteglobal.com\/wp-content\/uploads\/2023\/01\/SEQ-MedioSuperior-02-585x352-1.jpeg","_links":{"self":[{"href":"http:\/\/vertienteglobal.com\/index.php?rest_route=\/wp\/v2\/posts\/212434","targetHints":{"allow":["GET"]}}],"collection":[{"href":"http:\/\/vertienteglobal.com\/index.php?rest_route=\/wp\/v2\/posts"}],"about":[{"href":"http:\/\/vertienteglobal.com\/index.php?rest_route=\/wp\/v2\/types\/post"}],"author":[{"embeddable":true,"href":"http:\/\/vertienteglobal.com\/index.php?rest_route=\/wp\/v2\/users\/1"}],"replies":[{"embeddable":true,"href":"http:\/\/vertienteglobal.com\/index.php?rest_route=%2Fwp%2Fv2%2Fcomments&post=212434"}],"version-history":[{"count":0,"href":"http:\/\/vertienteglobal.com\/index.php?rest_route=\/wp\/v2\/posts\/212434\/revisions"}],"wp:featuredmedia":[{"embeddable":true,"href":"http:\/\/vertienteglobal.com\/index.php?rest_route=\/wp\/v2\/media\/212435"}],"wp:attachment":[{"href":"http:\/\/vertienteglobal.com\/index.php?rest_route=%2Fwp%2Fv2%2Fmedia&parent=212434"}],"wp:term":[{"taxonomy":"category","embeddable":true,"href":"http:\/\/vertienteglobal.com\/index.php?rest_route=%2Fwp%2Fv2%2Fcategories&post=212434"},{"taxonomy":"post_tag","embeddable":true,"href":"http:\/\/vertienteglobal.com\/index.php?rest_route=%2Fwp%2Fv2%2Ftags&post=212434"}],"curies":[{"name":"wp","href":"https:\/\/api.w.org\/{rel}","templated":true}]}}