{"id":212293,"date":"2023-01-15T20:30:24","date_gmt":"2023-01-16T02:30:24","guid":{"rendered":"http:\/\/vertienteglobal.com\/?p=212293"},"modified":"2023-01-16T00:32:46","modified_gmt":"2023-01-16T06:32:46","slug":"quintana-roo-promovera-diversificacion-turistica-en-fitur-2023","status":"publish","type":"post","link":"http:\/\/vertienteglobal.com\/?p=212293","title":{"rendered":"Quintana Roo promover\u00e1 diversificaci\u00f3n tur\u00edstica en Fitur 2023"},"content":{"rendered":"\n<div class=\"twitterbutton\" style=\"float: right; padding-left: 5px;\"><a href=\"http:\/\/twitter.com\/share\" class=\"twitter-share-button\" data-count=\"horizontal\" data-text=\"Quintana Roo promover\u00e1 diversificaci\u00f3n tur\u00edstica en Fitur 2023\" data-via=\"https:\/\/twitter.com\/VertienteGloba1\" data-url=\"http:\/\/vertienteglobal.com\/?p=212293\" data-lang=\"es\" data-related=\"Informaci\u00f3n general:S\u00edguenos para que est\u00e9ss informado\"><\/a><\/div>\n<figure class=\"wp-block-image size-large\"><img loading=\"lazy\" decoding=\"async\" width=\"585\" height=\"365\" src=\"http:\/\/vertienteglobal.com\/wp-content\/uploads\/2023\/01\/Fitur-2023-2023-3-585x365-1.jpeg\" alt=\"\" class=\"wp-image-212294\" srcset=\"http:\/\/vertienteglobal.com\/wp-content\/uploads\/2023\/01\/Fitur-2023-2023-3-585x365-1.jpeg 585w, http:\/\/vertienteglobal.com\/wp-content\/uploads\/2023\/01\/Fitur-2023-2023-3-585x365-1-300x187.jpeg 300w, http:\/\/vertienteglobal.com\/wp-content\/uploads\/2023\/01\/Fitur-2023-2023-3-585x365-1-150x94.jpeg 150w\" sizes=\"auto, (max-width: 585px) 100vw, 585px\" \/><\/figure>\n\n\n\n<p>(Redaccion)<\/p>\n\n\n\n<p>Este evento internacional re\u00fane a m\u00e1s de ocho mil expositores, entre empresas, operadores tur\u00edsticos, hoteles y aerol\u00edneas donde se promocionar\u00e1 nuestro estado<\/p>\n\n\n\n<p>Chetumal., Quintana Roo 15 de enero 2023.- La gobernadora Mara Lezama Espinosa encabezar\u00e1 la delegaci\u00f3n de Quintana Roo que participar\u00e1 en la Feria Internacional de Turismo (Fitur) 2023 en Madrid, Espa\u00f1a, en la que desarrollar\u00e1 una intensa agenda que contempla la promoci\u00f3n y difusi\u00f3n de la actividad tur\u00edstica de todos sus destinos, sus 11 municipios enmarcados en un nuevo modelo de desarrollo que generar\u00e1 prosperidad compartida.<\/p>\n\n\n\n<p>La FITUR se realiza del 18 al 22 de enero y re\u00fane a m\u00e1s de ocho mil 360 expositores entre empresas, destinos, operadores tur\u00edsticos, hoteles y aerol\u00edneas; es el punto de encuentro global de m\u00e1s de 82 mil profesionales del turismo y durante el fin de semana, m\u00e1s de 30 mil asistentes de p\u00fablico en general.<\/p>\n\n\n\n<p>El \u00e1rea que ocupar\u00e1 el Caribe Mexicano estar\u00e1 instalada en el pabell\u00f3n de M\u00e9xico, el m\u00e1s grande de los pa\u00edses de Am\u00e9rica Latina con un \u00e1rea de mil 111 metros cuadrados, contempla espacios de promoci\u00f3n, de difusi\u00f3n, actividades, negocios, para mayoristas y tour operadores de las grandes cadenas de turisteros.<\/p>\n\n\n\n<p>Parte esencial de las actividades es la proyecci\u00f3n de los nuevos planes de desarrollo del turismo, como las acciones detonadoras del Gobierno de M\u00e9xico con el Tren Maya, mejoramiento de zonas arqueol\u00f3gicas, infraestructura, bajo el esquema de colaboraci\u00f3n conjunta con base en el Nuevo Acuerdo por el Bienestar y Desarrollo, y en la Agenda para el Desarrollo Tur\u00edstico Sustentable.<\/p>\n\n\n\n<p>En este evento anual que celebra su 43 edici\u00f3n, todos los destinos tur\u00edsticos de Quintana Roo ser\u00e1n promocionados, considerando una mayor atracci\u00f3n del turismo de Espa\u00f1a, que es el sexto mercado estrat\u00e9gico para Quintana Roo, s\u00f3lo despu\u00e9s de Estados Unidos, Canad\u00e1, Reino Unido, Colombia y Argentina.<\/p>\n\n\n\n<p>La gobernadora Mara Lezama atender\u00e1 una amplia agenda que contempla, entre muchas m\u00e1s, la III edici\u00f3n de los premios \u201cTravellers Awards\u201d, reuniones con CEOs, embajadores, visitas de vinculaci\u00f3n empresarial.<\/p>\n\n\n\n<figure class=\"wp-block-image size-large\"><img loading=\"lazy\" decoding=\"async\" width=\"585\" height=\"390\" src=\"http:\/\/vertienteglobal.com\/wp-content\/uploads\/2023\/01\/Fitur-2023-2023-1-585x390-1.jpeg\" alt=\"\" class=\"wp-image-212295\" srcset=\"http:\/\/vertienteglobal.com\/wp-content\/uploads\/2023\/01\/Fitur-2023-2023-1-585x390-1.jpeg 585w, http:\/\/vertienteglobal.com\/wp-content\/uploads\/2023\/01\/Fitur-2023-2023-1-585x390-1-300x200.jpeg 300w, http:\/\/vertienteglobal.com\/wp-content\/uploads\/2023\/01\/Fitur-2023-2023-1-585x390-1-150x100.jpeg 150w\" sizes=\"auto, (max-width: 585px) 100vw, 585px\" \/><\/figure>\n\n\n\n<figure class=\"wp-block-image size-large\"><img loading=\"lazy\" decoding=\"async\" width=\"585\" height=\"307\" src=\"http:\/\/vertienteglobal.com\/wp-content\/uploads\/2023\/01\/Fitur-2023-2023-4-585x307-1.jpeg\" alt=\"\" class=\"wp-image-212296\" srcset=\"http:\/\/vertienteglobal.com\/wp-content\/uploads\/2023\/01\/Fitur-2023-2023-4-585x307-1.jpeg 585w, http:\/\/vertienteglobal.com\/wp-content\/uploads\/2023\/01\/Fitur-2023-2023-4-585x307-1-300x157.jpeg 300w, http:\/\/vertienteglobal.com\/wp-content\/uploads\/2023\/01\/Fitur-2023-2023-4-585x307-1-150x79.jpeg 150w\" sizes=\"auto, (max-width: 585px) 100vw, 585px\" \/><\/figure>\n\n\n\n<figure class=\"wp-block-image size-large\"><img loading=\"lazy\" decoding=\"async\" width=\"585\" height=\"390\" src=\"http:\/\/vertienteglobal.com\/wp-content\/uploads\/2023\/01\/Fitur-2023-2023-2-585x390-1.jpeg\" alt=\"\" class=\"wp-image-212297\" srcset=\"http:\/\/vertienteglobal.com\/wp-content\/uploads\/2023\/01\/Fitur-2023-2023-2-585x390-1.jpeg 585w, http:\/\/vertienteglobal.com\/wp-content\/uploads\/2023\/01\/Fitur-2023-2023-2-585x390-1-300x200.jpeg 300w, http:\/\/vertienteglobal.com\/wp-content\/uploads\/2023\/01\/Fitur-2023-2023-2-585x390-1-150x100.jpeg 150w\" sizes=\"auto, (max-width: 585px) 100vw, 585px\" \/><\/figure>\n","protected":false},"excerpt":{"rendered":"<p>(Redaccion) Este evento internacional re\u00fane a m\u00e1s de ocho mil expositores, entre empresas, operadores tur\u00edsticos, hoteles y aerol\u00edneas donde se promocionar\u00e1 nuestro estado Chetumal., Quintana Roo 15 de enero 2023.- La gobernadora Mara Lezama Espinosa encabezar\u00e1 la delegaci\u00f3n de Quintana Roo que participar\u00e1 en la Feria Internacional de Turismo (Fitur) 2023 en Madrid, Espa\u00f1a, en [&hellip;]<\/p>\n","protected":false},"author":1,"featured_media":212294,"comment_status":"open","ping_status":"open","sticky":false,"template":"","format":"standard","meta":{"footnotes":""},"categories":[3],"tags":[],"class_list":["post-212293","post","type-post","status-publish","format-standard","has-post-thumbnail","hentry","category-quintana-roo","entry","has-media"],"jetpack_featured_media_url":"http:\/\/vertienteglobal.com\/wp-content\/uploads\/2023\/01\/Fitur-2023-2023-3-585x365-1.jpeg","_links":{"self":[{"href":"http:\/\/vertienteglobal.com\/index.php?rest_route=\/wp\/v2\/posts\/212293","targetHints":{"allow":["GET"]}}],"collection":[{"href":"http:\/\/vertienteglobal.com\/index.php?rest_route=\/wp\/v2\/posts"}],"about":[{"href":"http:\/\/vertienteglobal.com\/index.php?rest_route=\/wp\/v2\/types\/post"}],"author":[{"embeddable":true,"href":"http:\/\/vertienteglobal.com\/index.php?rest_route=\/wp\/v2\/users\/1"}],"replies":[{"embeddable":true,"href":"http:\/\/vertienteglobal.com\/index.php?rest_route=%2Fwp%2Fv2%2Fcomments&post=212293"}],"version-history":[{"count":0,"href":"http:\/\/vertienteglobal.com\/index.php?rest_route=\/wp\/v2\/posts\/212293\/revisions"}],"wp:featuredmedia":[{"embeddable":true,"href":"http:\/\/vertienteglobal.com\/index.php?rest_route=\/wp\/v2\/media\/212294"}],"wp:attachment":[{"href":"http:\/\/vertienteglobal.com\/index.php?rest_route=%2Fwp%2Fv2%2Fmedia&parent=212293"}],"wp:term":[{"taxonomy":"category","embeddable":true,"href":"http:\/\/vertienteglobal.com\/index.php?rest_route=%2Fwp%2Fv2%2Fcategories&post=212293"},{"taxonomy":"post_tag","embeddable":true,"href":"http:\/\/vertienteglobal.com\/index.php?rest_route=%2Fwp%2Fv2%2Ftags&post=212293"}],"curies":[{"name":"wp","href":"https:\/\/api.w.org\/{rel}","templated":true}]}}