{"id":212285,"date":"2023-01-14T20:52:00","date_gmt":"2023-01-15T02:52:00","guid":{"rendered":"http:\/\/vertienteglobal.com\/?p=212285"},"modified":"2023-01-14T23:54:58","modified_gmt":"2023-01-15T05:54:58","slug":"claudia-sheinbaum-y-adan-augusto-se-reunen-con-gobernadores-de-morena","status":"publish","type":"post","link":"http:\/\/vertienteglobal.com\/?p=212285","title":{"rendered":"Claudia Sheinbaum y Ad\u00e1n Augusto se re\u00fanen con gobernadores de Morena"},"content":{"rendered":"\n<div class=\"twitterbutton\" style=\"float: right; padding-left: 5px;\"><a href=\"http:\/\/twitter.com\/share\" class=\"twitter-share-button\" data-count=\"horizontal\" data-text=\"Claudia Sheinbaum y Ad\u00e1n Augusto se re\u00fanen con gobernadores de Morena\" data-via=\"https:\/\/twitter.com\/VertienteGloba1\" data-url=\"http:\/\/vertienteglobal.com\/?p=212285\" data-lang=\"es\" data-related=\"Informaci\u00f3n general:S\u00edguenos para que est\u00e9ss informado\"><\/a><\/div>\n<figure class=\"wp-block-image size-large\"><img loading=\"lazy\" decoding=\"async\" width=\"1021\" height=\"609\" src=\"http:\/\/vertienteglobal.com\/wp-content\/uploads\/2023\/01\/1253063xeu202301141928542.jpg\" alt=\"\" class=\"wp-image-212287\" srcset=\"http:\/\/vertienteglobal.com\/wp-content\/uploads\/2023\/01\/1253063xeu202301141928542.jpg 1021w, http:\/\/vertienteglobal.com\/wp-content\/uploads\/2023\/01\/1253063xeu202301141928542-300x179.jpg 300w, http:\/\/vertienteglobal.com\/wp-content\/uploads\/2023\/01\/1253063xeu202301141928542-150x89.jpg 150w, http:\/\/vertienteglobal.com\/wp-content\/uploads\/2023\/01\/1253063xeu202301141928542-768x458.jpg 768w\" sizes=\"auto, (max-width: 1021px) 100vw, 1021px\" \/><\/figure>\n\n\n\n<p>(Redaccion)<\/p>\n\n\n\n<p>La mandataria capitalina inform\u00f3 que la reuni\u00f3n celebrada en el sal\u00f3n Abascal del conjunto Bucareli, da continuidad al di\u00e1logo entre las partes, a fin de buscar rutas de trabajo que den soluci\u00f3n a la problem\u00e1tica en la regi\u00f3n<\/p>\n\n\n\n<p>Ciudad de M\u00e9xico 14 de enero 2023.-Este s\u00e1bado 14 de enero la jefa de Gobierno, Claudia Sheinbaum, se reuni\u00f3 con el secretario de Gobernaci\u00f3n, Ad\u00e1n Augusto, los gobernadores de Morena; el presidente del partido, Mario Delgado; y la secretaria general del partido, Citlalli Hern\u00e1ndez.<\/p>\n\n\n\n<p>A trav\u00e9s de redes sociales, la mandataria capitalina inform\u00f3 que la reuni\u00f3n celebrada en el sal\u00f3n Abascal del conjunto Bucareli, da continuidad al di\u00e1logo entre las partes, a fin de buscar rutas de trabajo que den soluci\u00f3n a la problem\u00e1tica en la regi\u00f3n.<\/p>\n\n\n\n<p>En la reuni\u00f3n donde estuvo el gobernador del estado de Sonora, Alfonso Durazo, e integrantes del Sindicato Minero de la Secci\u00f3n 65 de Cananea, se refrend\u00f3 la visi\u00f3n de Morena, al ser un Gobierno de puertas abiertas al di\u00e1logo.<\/p>\n\n\n\n<p>\u00abCon ello, se refrenda la visi\u00f3n de ser un gobierno de puertas abiertas al di\u00e1logo, y de la b\u00fasqueda de acuerdos y soluciones en aras del bienestar de la poblaci\u00f3n\u00bb, expuso Ad\u00e1n Augusto.<\/p>\n\n\n\n<p>Durante la reuni\u00f3n estuvieron presentes el subsecretario de Desarrollo Democr\u00e1tico, Participaci\u00f3n Social y Asuntos Religiosos, C\u00e9sar Y\u00e1\u00f1ez Centeno Cabrera, as\u00ed como los directores generales del Seguro Social, Zo\u00e9 Robledo; y del Instituto del Fondo Nacional de la Vivienda para los Trabajadores (Infonavit), Carlos Mart\u00ednez Vel\u00e1zquez.<\/p>\n\n\n\n<p>Asimismo, el titular de la Unidad para la Defensa de los Derechos Humanos, Enrique Irazoque Palazuelos; y el coordinador de Seguimiento de la Planeaci\u00f3n Institucional de la Secretar\u00eda de Gobernaci\u00f3n, Miguel \u00c1ngel Chico Herrera.<\/p>\n","protected":false},"excerpt":{"rendered":"<p>(Redaccion) La mandataria capitalina inform\u00f3 que la reuni\u00f3n celebrada en el sal\u00f3n Abascal del conjunto Bucareli, da continuidad al di\u00e1logo entre las partes, a fin de buscar rutas de trabajo que den soluci\u00f3n a la problem\u00e1tica en la regi\u00f3n Ciudad de M\u00e9xico 14 de enero 2023.-Este s\u00e1bado 14 de enero la jefa de Gobierno, Claudia [&hellip;]<\/p>\n","protected":false},"author":1,"featured_media":212287,"comment_status":"open","ping_status":"open","sticky":false,"template":"","format":"standard","meta":{"footnotes":""},"categories":[8],"tags":[],"class_list":["post-212285","post","type-post","status-publish","format-standard","has-post-thumbnail","hentry","category-pais","entry","has-media"],"jetpack_featured_media_url":"http:\/\/vertienteglobal.com\/wp-content\/uploads\/2023\/01\/1253063xeu202301141928542.jpg","_links":{"self":[{"href":"http:\/\/vertienteglobal.com\/index.php?rest_route=\/wp\/v2\/posts\/212285","targetHints":{"allow":["GET"]}}],"collection":[{"href":"http:\/\/vertienteglobal.com\/index.php?rest_route=\/wp\/v2\/posts"}],"about":[{"href":"http:\/\/vertienteglobal.com\/index.php?rest_route=\/wp\/v2\/types\/post"}],"author":[{"embeddable":true,"href":"http:\/\/vertienteglobal.com\/index.php?rest_route=\/wp\/v2\/users\/1"}],"replies":[{"embeddable":true,"href":"http:\/\/vertienteglobal.com\/index.php?rest_route=%2Fwp%2Fv2%2Fcomments&post=212285"}],"version-history":[{"count":0,"href":"http:\/\/vertienteglobal.com\/index.php?rest_route=\/wp\/v2\/posts\/212285\/revisions"}],"wp:featuredmedia":[{"embeddable":true,"href":"http:\/\/vertienteglobal.com\/index.php?rest_route=\/wp\/v2\/media\/212287"}],"wp:attachment":[{"href":"http:\/\/vertienteglobal.com\/index.php?rest_route=%2Fwp%2Fv2%2Fmedia&parent=212285"}],"wp:term":[{"taxonomy":"category","embeddable":true,"href":"http:\/\/vertienteglobal.com\/index.php?rest_route=%2Fwp%2Fv2%2Fcategories&post=212285"},{"taxonomy":"post_tag","embeddable":true,"href":"http:\/\/vertienteglobal.com\/index.php?rest_route=%2Fwp%2Fv2%2Ftags&post=212285"}],"curies":[{"name":"wp","href":"https:\/\/api.w.org\/{rel}","templated":true}]}}