{"id":212086,"date":"2023-01-10T13:52:00","date_gmt":"2023-01-10T19:52:00","guid":{"rendered":"http:\/\/vertienteglobal.com\/?p=212086"},"modified":"2023-01-10T15:08:56","modified_gmt":"2023-01-10T21:08:56","slug":"destaca-fge-quintana-roo-detencion-de-123-personas-por-las-diferentes-corporaciones-de-seguridad-en-la-semana-del-2-al-8-de-enero-de-2023","status":"publish","type":"post","link":"http:\/\/vertienteglobal.com\/?p=212086","title":{"rendered":"Destaca FGE Quintana Roo detenci\u00f3n de 123 personas por las diferentes corporaciones de seguridad en la semana del 2 al 8 de enero de 2023"},"content":{"rendered":"\n<div class=\"twitterbutton\" style=\"float: right; padding-left: 5px;\"><a href=\"http:\/\/twitter.com\/share\" class=\"twitter-share-button\" data-count=\"horizontal\" data-text=\"Destaca FGE Quintana Roo detenci\u00f3n de 123 personas por las diferentes corporaci...\" data-via=\"https:\/\/twitter.com\/VertienteGloba1\" data-url=\"http:\/\/vertienteglobal.com\/?p=212086\" data-lang=\"es\" data-related=\"Informaci\u00f3n general:S\u00edguenos para que est\u00e9ss informado\"><\/a><\/div>\n<figure class=\"wp-block-image size-large\"><img loading=\"lazy\" decoding=\"async\" width=\"1024\" height=\"683\" src=\"http:\/\/vertienteglobal.com\/wp-content\/uploads\/2023\/01\/IMG-20230110-WA0132-1024x683.jpg\" alt=\"\" class=\"wp-image-212087\" srcset=\"http:\/\/vertienteglobal.com\/wp-content\/uploads\/2023\/01\/IMG-20230110-WA0132-1024x683.jpg 1024w, http:\/\/vertienteglobal.com\/wp-content\/uploads\/2023\/01\/IMG-20230110-WA0132-300x200.jpg 300w, http:\/\/vertienteglobal.com\/wp-content\/uploads\/2023\/01\/IMG-20230110-WA0132-150x100.jpg 150w, http:\/\/vertienteglobal.com\/wp-content\/uploads\/2023\/01\/IMG-20230110-WA0132-768x512.jpg 768w, http:\/\/vertienteglobal.com\/wp-content\/uploads\/2023\/01\/IMG-20230110-WA0132.jpg 1280w\" sizes=\"auto, (max-width: 1024px) 100vw, 1024px\" \/><\/figure>\n\n\n\n<p>(Redaccion)<\/p>\n\n\n\n<p>De los 123 asegurados, 113 se llevaron a cabo en flagrancia del delito y 10 en cumplimiento de \u00f3rdenes de aprehensi\u00f3n<\/p>\n\n\n\n<p>El Fiscal General \u00d3scar Montes de Oca resalt\u00f3 la detenci\u00f3n de tres personas probablemente relacionadas con un feminicidio cometido a finales del a\u00f1o pasado en Chetumal<\/p>\n\n\n\n<p>Canc\u00fan, Quintana Roo, a 10 de enero de 2023. El titular de la Fiscal\u00eda General del Estado, \u00d3scar Montes de Oca, inform\u00f3 que en la semana del 2 al 8 de enero, a trav\u00e9s de las distintas corporaciones de seguridad, se logr\u00f3 la detenci\u00f3n de 123 personas, adem\u00e1s de 19 vinculaciones a proceso y dos sentencias condenatorias: una por homicidio y otra por robo.<\/p>\n\n\n\n<p>Al respecto, abund\u00f3 en que de las 123 detenciones, 113 se llevaron a cabo en flagrancia del delito y 10 en cumplimiento de \u00f3rdenes de aprehensi\u00f3n; 32 de las detenciones fueron por delitos contra la salud, cuatro por violencia familiar, dos por homicidio, dos por feminicidio y uno por extorsi\u00f3n, entre otras.<\/p>\n\n\n\n<p>Asimismo, la Fiscal\u00eda General del Estado de Quintana Roo consigui\u00f3 19 vinculaciones a proceso, de las cuales en 16 la autoridad correspondiente dict\u00f3 la medida cautelar de prisi\u00f3n preventiva oficiosa. Adem\u00e1s se llevaron a cabo tres cateos.<\/p>\n\n\n\n<p>En el rubro de las sentencias \u00d3scar Montes de Oca se\u00f1al\u00f3 que las dos obtenidas durante la semana anterior, una fue por homicidio, con pena de 32 a\u00f1os de prisi\u00f3n y la otra por robo con pena de siete a\u00f1os de c\u00e1rcel.<\/p>\n\n\n\n<p>Por otra parte, el Fiscal General destac\u00f3 la detenci\u00f3n de tres personas probablemente relacionadas con un feminicidio cometido a finales del a\u00f1o pasado en la capital del Estado. \u201cEsto se pudo lograr con la labores de investigaci\u00f3n tradicionales y tecnol\u00f3gicas, pudimos determinar que participaron dos personas en inicio, las cuales se ocultaron en Canc\u00fan, se hicieron las maniobras de b\u00fasqueda, se cont\u00f3 con el C5 y finalmente se les pudo detener y a una tercera en Chetumal\u201d.<\/p>\n\n\n\n<p>De igual forma, Montes de Oca destac\u00f3 la colaboraci\u00f3n de la FGE Quintana Roo con su hom\u00f3loga de Baja California Norte para cumplimentar la orden de aprehensi\u00f3n contra de un sujeto buscado por pederastia en agravio de 14 alumnos de una escuela primaria de Mexicali.<\/p>\n\n\n\n<p>Agreg\u00f3 que a trav\u00e9s de Justicia Alternativa se recuperaron m\u00e1s de 81 millones de pesos a favor de las v\u00edctimas. Explico que esta modalidad se aplica en casos de violencia estrictamente patrimoniales, a trav\u00e9s de convenios reparatorios del da\u00f1o.<\/p>\n\n\n\n<p>Lo anterior tiene la ventaja de evitar todo un procedimiento penal que es un desgaste para los involucrados y para las instituciones; \u201ceste tipo de justicia alternativa que est\u00e1 contemplado en la ley, permite que se concilien las partes y lleguen a acuerdos y se devuelvan el dinero o la afectaci\u00f3n del da\u00f1o que se haya causado; esto quita mucha presi\u00f3n a la Fiscal\u00eda en cuanto a n\u00famero de expedientes\u201d, puntualiz\u00f3.<\/p>\n\n\n\n<p>Las acciones llevadas a cabo fueron en coordinaci\u00f3n con el Grupo de Coordinaci\u00f3n para la Construcci\u00f3n de Paz y Seguridad de Quintana Roo, que preside la Gobernadora Mara Lezama.<\/p>\n\n\n\n<figure class=\"wp-block-image size-large\"><img loading=\"lazy\" decoding=\"async\" width=\"1024\" height=\"576\" src=\"http:\/\/vertienteglobal.com\/wp-content\/uploads\/2023\/01\/IMG-20230110-WA0134-1024x576.jpg\" alt=\"\" class=\"wp-image-212088\" srcset=\"http:\/\/vertienteglobal.com\/wp-content\/uploads\/2023\/01\/IMG-20230110-WA0134-1024x576.jpg 1024w, http:\/\/vertienteglobal.com\/wp-content\/uploads\/2023\/01\/IMG-20230110-WA0134-300x169.jpg 300w, http:\/\/vertienteglobal.com\/wp-content\/uploads\/2023\/01\/IMG-20230110-WA0134-150x84.jpg 150w, http:\/\/vertienteglobal.com\/wp-content\/uploads\/2023\/01\/IMG-20230110-WA0134-768x432.jpg 768w, http:\/\/vertienteglobal.com\/wp-content\/uploads\/2023\/01\/IMG-20230110-WA0134.jpg 1280w\" sizes=\"auto, (max-width: 1024px) 100vw, 1024px\" \/><\/figure>\n\n\n\n<figure class=\"wp-block-image size-large\"><img loading=\"lazy\" decoding=\"async\" width=\"1024\" height=\"576\" src=\"http:\/\/vertienteglobal.com\/wp-content\/uploads\/2023\/01\/IMG-20230110-WA0133-1024x576.jpg\" alt=\"\" class=\"wp-image-212089\" srcset=\"http:\/\/vertienteglobal.com\/wp-content\/uploads\/2023\/01\/IMG-20230110-WA0133-1024x576.jpg 1024w, http:\/\/vertienteglobal.com\/wp-content\/uploads\/2023\/01\/IMG-20230110-WA0133-300x169.jpg 300w, http:\/\/vertienteglobal.com\/wp-content\/uploads\/2023\/01\/IMG-20230110-WA0133-150x84.jpg 150w, http:\/\/vertienteglobal.com\/wp-content\/uploads\/2023\/01\/IMG-20230110-WA0133-768x432.jpg 768w, http:\/\/vertienteglobal.com\/wp-content\/uploads\/2023\/01\/IMG-20230110-WA0133.jpg 1280w\" sizes=\"auto, (max-width: 1024px) 100vw, 1024px\" \/><\/figure>\n","protected":false},"excerpt":{"rendered":"<p>(Redaccion) De los 123 asegurados, 113 se llevaron a cabo en flagrancia del delito y 10 en cumplimiento de \u00f3rdenes de aprehensi\u00f3n El Fiscal General \u00d3scar Montes de Oca resalt\u00f3 la detenci\u00f3n de tres personas probablemente relacionadas con un feminicidio cometido a finales del a\u00f1o pasado en Chetumal Canc\u00fan, Quintana Roo, a 10 de enero [&hellip;]<\/p>\n","protected":false},"author":1,"featured_media":212087,"comment_status":"open","ping_status":"open","sticky":false,"template":"","format":"standard","meta":{"footnotes":""},"categories":[3],"tags":[],"class_list":["post-212086","post","type-post","status-publish","format-standard","has-post-thumbnail","hentry","category-quintana-roo","entry","has-media"],"jetpack_featured_media_url":"http:\/\/vertienteglobal.com\/wp-content\/uploads\/2023\/01\/IMG-20230110-WA0132.jpg","_links":{"self":[{"href":"http:\/\/vertienteglobal.com\/index.php?rest_route=\/wp\/v2\/posts\/212086","targetHints":{"allow":["GET"]}}],"collection":[{"href":"http:\/\/vertienteglobal.com\/index.php?rest_route=\/wp\/v2\/posts"}],"about":[{"href":"http:\/\/vertienteglobal.com\/index.php?rest_route=\/wp\/v2\/types\/post"}],"author":[{"embeddable":true,"href":"http:\/\/vertienteglobal.com\/index.php?rest_route=\/wp\/v2\/users\/1"}],"replies":[{"embeddable":true,"href":"http:\/\/vertienteglobal.com\/index.php?rest_route=%2Fwp%2Fv2%2Fcomments&post=212086"}],"version-history":[{"count":0,"href":"http:\/\/vertienteglobal.com\/index.php?rest_route=\/wp\/v2\/posts\/212086\/revisions"}],"wp:featuredmedia":[{"embeddable":true,"href":"http:\/\/vertienteglobal.com\/index.php?rest_route=\/wp\/v2\/media\/212087"}],"wp:attachment":[{"href":"http:\/\/vertienteglobal.com\/index.php?rest_route=%2Fwp%2Fv2%2Fmedia&parent=212086"}],"wp:term":[{"taxonomy":"category","embeddable":true,"href":"http:\/\/vertienteglobal.com\/index.php?rest_route=%2Fwp%2Fv2%2Fcategories&post=212086"},{"taxonomy":"post_tag","embeddable":true,"href":"http:\/\/vertienteglobal.com\/index.php?rest_route=%2Fwp%2Fv2%2Ftags&post=212086"}],"curies":[{"name":"wp","href":"https:\/\/api.w.org\/{rel}","templated":true}]}}