{"id":211906,"date":"2023-01-08T17:54:09","date_gmt":"2023-01-08T23:54:09","guid":{"rendered":"http:\/\/vertienteglobal.com\/?p=211906"},"modified":"2023-01-09T04:56:34","modified_gmt":"2023-01-09T10:56:34","slug":"la-feria-navidena-se-queda-una-semana-mas-en-todas-las-sedes-de-solidaridad","status":"publish","type":"post","link":"http:\/\/vertienteglobal.com\/?p=211906","title":{"rendered":"\u00abLa Feria Navide\u00f1a se queda una semana m\u00e1s en todas las sedes de Solidaridad"},"content":{"rendered":"\n<div class=\"twitterbutton\" style=\"float: right; padding-left: 5px;\"><a href=\"http:\/\/twitter.com\/share\" class=\"twitter-share-button\" data-count=\"horizontal\" data-text=\"\u00abLa Feria Navide\u00f1a se queda una semana m\u00e1s en todas las sedes de Solidaridad\" data-via=\"https:\/\/twitter.com\/VertienteGloba1\" data-url=\"http:\/\/vertienteglobal.com\/?p=211906\" data-lang=\"es\" data-related=\"Informaci\u00f3n general:S\u00edguenos para que est\u00e9ss informado\"><\/a><\/div>\n<figure class=\"wp-block-image size-large\"><img loading=\"lazy\" decoding=\"async\" width=\"1024\" height=\"682\" src=\"http:\/\/vertienteglobal.com\/wp-content\/uploads\/2023\/01\/IMG-20230108-WA0180-1024x682.jpg\" alt=\"\" class=\"wp-image-211907\" srcset=\"http:\/\/vertienteglobal.com\/wp-content\/uploads\/2023\/01\/IMG-20230108-WA0180-1024x682.jpg 1024w, http:\/\/vertienteglobal.com\/wp-content\/uploads\/2023\/01\/IMG-20230108-WA0180-300x200.jpg 300w, http:\/\/vertienteglobal.com\/wp-content\/uploads\/2023\/01\/IMG-20230108-WA0180-150x100.jpg 150w, http:\/\/vertienteglobal.com\/wp-content\/uploads\/2023\/01\/IMG-20230108-WA0180-768x512.jpg 768w, http:\/\/vertienteglobal.com\/wp-content\/uploads\/2023\/01\/IMG-20230108-WA0180.jpg 1280w\" sizes=\"auto, (max-width: 1024px) 100vw, 1024px\" \/><\/figure>\n\n\n\n<p>(Redaccion)<\/p>\n\n\n\n<p>Lili Campos llev\u00f3 con tradicional Rosca de Reyes en Puerto Aventuras<\/p>\n\n\n\n<p>Playa del Carmen, Solidaridad, 8 de enero del 2023.- Con motivo del D\u00eda de Reyes y con la asistencia de m\u00e1s de 2 mil personas, el gobierno de Lili Campos comparti\u00f3 una rosca de reyes de 45 metros en la alcald\u00eda de Puerto Aventuras, completando la diversi\u00f3n con un festival para la sana convivencia entre las familias solidarenses.<\/p>\n\n\n\n<p>Lili Campos llev\u00f3 diversi\u00f3n a ni\u00f1as y ni\u00f1os de Puerto Aventuras con el show de \u201cPlim Plim\u201d y anunci\u00f3 que la Feria Navide\u00f1a se quedar\u00e1 una semana m\u00e1s en todas sus sedes y con todas las actividades gratuitas para el disfrute de los solidarenses.<\/p>\n\n\n\n<p>En compa\u00f1\u00eda de su familia y amigos, ni\u00f1as y ni\u00f1os recibieron juguetes por parte del DIF municipal, los que fueron recabados en su campa\u00f1a de donaci\u00f3n \u201cLa Casa del Juguete\u201d. Adem\u00e1s, degustaron rosca y chocolate caliente. Cabe resaltar que la rosca fue preparada por estudiantes de Universidad Viscaya.<\/p>\n\n\n\n<p>Para este domingo, la presidenta acudi\u00f3 a la feria Navide\u00f1a de la avenida CTM, para disfrutar y convivir junto a familias solidarenses de la pista de hielo y las diferentes actividades que se ofrecen a toda la poblaci\u00f3n de forma gratuita. Ah\u00ed les mencion\u00f3 que esto tiene la finalidad de seguir ofreciendo espacios que contin\u00faen fortaleciendo el tejido social y as\u00ed garantizar el sano desarrollo desde los hogares.<\/p>\n\n\n\n<figure class=\"wp-block-image size-large\"><img loading=\"lazy\" decoding=\"async\" width=\"1024\" height=\"682\" src=\"http:\/\/vertienteglobal.com\/wp-content\/uploads\/2023\/01\/IMG-20230108-WA0179-1024x682.jpg\" alt=\"\" class=\"wp-image-211908\" srcset=\"http:\/\/vertienteglobal.com\/wp-content\/uploads\/2023\/01\/IMG-20230108-WA0179-1024x682.jpg 1024w, http:\/\/vertienteglobal.com\/wp-content\/uploads\/2023\/01\/IMG-20230108-WA0179-300x200.jpg 300w, http:\/\/vertienteglobal.com\/wp-content\/uploads\/2023\/01\/IMG-20230108-WA0179-150x100.jpg 150w, http:\/\/vertienteglobal.com\/wp-content\/uploads\/2023\/01\/IMG-20230108-WA0179-768x512.jpg 768w, http:\/\/vertienteglobal.com\/wp-content\/uploads\/2023\/01\/IMG-20230108-WA0179.jpg 1280w\" sizes=\"auto, (max-width: 1024px) 100vw, 1024px\" \/><\/figure>\n\n\n\n<figure class=\"wp-block-image size-large\"><img loading=\"lazy\" decoding=\"async\" width=\"1024\" height=\"682\" src=\"http:\/\/vertienteglobal.com\/wp-content\/uploads\/2023\/01\/IMG-20230108-WA0181-1024x682.jpg\" alt=\"\" class=\"wp-image-211909\" srcset=\"http:\/\/vertienteglobal.com\/wp-content\/uploads\/2023\/01\/IMG-20230108-WA0181-1024x682.jpg 1024w, http:\/\/vertienteglobal.com\/wp-content\/uploads\/2023\/01\/IMG-20230108-WA0181-300x200.jpg 300w, http:\/\/vertienteglobal.com\/wp-content\/uploads\/2023\/01\/IMG-20230108-WA0181-150x100.jpg 150w, http:\/\/vertienteglobal.com\/wp-content\/uploads\/2023\/01\/IMG-20230108-WA0181-768x512.jpg 768w, http:\/\/vertienteglobal.com\/wp-content\/uploads\/2023\/01\/IMG-20230108-WA0181.jpg 1280w\" sizes=\"auto, (max-width: 1024px) 100vw, 1024px\" \/><\/figure>\n\n\n\n<figure class=\"wp-block-image size-large\"><img loading=\"lazy\" decoding=\"async\" width=\"693\" height=\"724\" src=\"http:\/\/vertienteglobal.com\/wp-content\/uploads\/2023\/01\/IMG-20230108-WA0183.jpg\" alt=\"\" class=\"wp-image-211910\" srcset=\"http:\/\/vertienteglobal.com\/wp-content\/uploads\/2023\/01\/IMG-20230108-WA0183.jpg 693w, http:\/\/vertienteglobal.com\/wp-content\/uploads\/2023\/01\/IMG-20230108-WA0183-287x300.jpg 287w, http:\/\/vertienteglobal.com\/wp-content\/uploads\/2023\/01\/IMG-20230108-WA0183-144x150.jpg 144w\" sizes=\"auto, (max-width: 693px) 100vw, 693px\" \/><\/figure>\n","protected":false},"excerpt":{"rendered":"<p>(Redaccion) Lili Campos llev\u00f3 con tradicional Rosca de Reyes en Puerto Aventuras Playa del Carmen, Solidaridad, 8 de enero del 2023.- Con motivo del D\u00eda de Reyes y con la asistencia de m\u00e1s de 2 mil personas, el gobierno de Lili Campos comparti\u00f3 una rosca de reyes de 45 metros en la alcald\u00eda de Puerto [&hellip;]<\/p>\n","protected":false},"author":1,"featured_media":211907,"comment_status":"open","ping_status":"open","sticky":false,"template":"","format":"standard","meta":{"footnotes":""},"categories":[3],"tags":[],"class_list":["post-211906","post","type-post","status-publish","format-standard","has-post-thumbnail","hentry","category-quintana-roo","entry","has-media"],"jetpack_featured_media_url":"http:\/\/vertienteglobal.com\/wp-content\/uploads\/2023\/01\/IMG-20230108-WA0180.jpg","_links":{"self":[{"href":"http:\/\/vertienteglobal.com\/index.php?rest_route=\/wp\/v2\/posts\/211906","targetHints":{"allow":["GET"]}}],"collection":[{"href":"http:\/\/vertienteglobal.com\/index.php?rest_route=\/wp\/v2\/posts"}],"about":[{"href":"http:\/\/vertienteglobal.com\/index.php?rest_route=\/wp\/v2\/types\/post"}],"author":[{"embeddable":true,"href":"http:\/\/vertienteglobal.com\/index.php?rest_route=\/wp\/v2\/users\/1"}],"replies":[{"embeddable":true,"href":"http:\/\/vertienteglobal.com\/index.php?rest_route=%2Fwp%2Fv2%2Fcomments&post=211906"}],"version-history":[{"count":0,"href":"http:\/\/vertienteglobal.com\/index.php?rest_route=\/wp\/v2\/posts\/211906\/revisions"}],"wp:featuredmedia":[{"embeddable":true,"href":"http:\/\/vertienteglobal.com\/index.php?rest_route=\/wp\/v2\/media\/211907"}],"wp:attachment":[{"href":"http:\/\/vertienteglobal.com\/index.php?rest_route=%2Fwp%2Fv2%2Fmedia&parent=211906"}],"wp:term":[{"taxonomy":"category","embeddable":true,"href":"http:\/\/vertienteglobal.com\/index.php?rest_route=%2Fwp%2Fv2%2Fcategories&post=211906"},{"taxonomy":"post_tag","embeddable":true,"href":"http:\/\/vertienteglobal.com\/index.php?rest_route=%2Fwp%2Fv2%2Ftags&post=211906"}],"curies":[{"name":"wp","href":"https:\/\/api.w.org\/{rel}","templated":true}]}}