{"id":211875,"date":"2023-01-08T13:24:00","date_gmt":"2023-01-08T19:24:00","guid":{"rendered":"http:\/\/vertienteglobal.com\/?p=211875"},"modified":"2023-01-08T18:28:36","modified_gmt":"2023-01-09T00:28:36","slug":"gobierno-de-mara-lezama-firma-la-declaratoria-de-gobiernos-subnacionales-en-la-cop-15","status":"publish","type":"post","link":"http:\/\/vertienteglobal.com\/?p=211875","title":{"rendered":"Gobierno de Mara Lezama firma la Declaratoria de Gobiernos Subnacionales en la COP 15"},"content":{"rendered":"\n<div class=\"twitterbutton\" style=\"float: right; padding-left: 5px;\"><a href=\"http:\/\/twitter.com\/share\" class=\"twitter-share-button\" data-count=\"horizontal\" data-text=\"Gobierno de Mara Lezama firma la Declaratoria de Gobiernos Subnacionales en la C...\" data-via=\"https:\/\/twitter.com\/VertienteGloba1\" data-url=\"http:\/\/vertienteglobal.com\/?p=211875\" data-lang=\"es\" data-related=\"Informaci\u00f3n general:S\u00edguenos para que est\u00e9ss informado\"><\/a><\/div>\n<figure class=\"wp-block-image size-large\"><img loading=\"lazy\" decoding=\"async\" width=\"585\" height=\"845\" src=\"http:\/\/vertienteglobal.com\/wp-content\/uploads\/2023\/01\/SEMA-Declaratoria-02-585x845-1.jpeg\" alt=\"\" class=\"wp-image-211876\" srcset=\"http:\/\/vertienteglobal.com\/wp-content\/uploads\/2023\/01\/SEMA-Declaratoria-02-585x845-1.jpeg 585w, http:\/\/vertienteglobal.com\/wp-content\/uploads\/2023\/01\/SEMA-Declaratoria-02-585x845-1-208x300.jpeg 208w, http:\/\/vertienteglobal.com\/wp-content\/uploads\/2023\/01\/SEMA-Declaratoria-02-585x845-1-104x150.jpeg 104w\" sizes=\"auto, (max-width: 585px) 100vw, 585px\" \/><\/figure>\n\n\n\n<p>(Redaccion)<\/p>\n\n\n\n<p>Las y los signatarios se comprometen al cumplimiento de acciones para situar a la naturaleza en la ruta de su conservaci\u00f3n y restauraci\u00f3n al 2030<\/p>\n\n\n\n<p>Chetuma, Quintana Roo.- El gobierno del Estado que encabeza Mara Lezama Espinosa a trav\u00e9s de la Secretar\u00eda de Ecolog\u00eda y Medio Ambiente firm\u00f3 la Declaratoria de Gobiernos Subnacionales para promover acciones para la conservaci\u00f3n y el uso sustentable de la biodiversidad, en la que tambi\u00e9n participaron 27 entidades del pa\u00eds.<\/p>\n\n\n\n<p>\u201cEn la firma efectuada en el escenario de la COP 15 celebrada en Canad\u00e1, las y los signatarios reconocemos el liderazgo del gobierno de Escocia en el Proceso de Edimburgo, en el cual los gobiernos subnacionales mexicanos suscribieron la Declaraci\u00f3n de Edimburgo y elogiamos el apoyo del Gobierno Federal Mexicano como primer pa\u00eds firmante de la misma\u201d, afirm\u00f3 la secretaria de Ecolog\u00eda y Medio Ambiente, Huguette Hern\u00e1ndez.<\/p>\n\n\n\n<p>En este contexto explic\u00f3 que los gobiernos subnacionales de M\u00e9xico reconocen tambi\u00e9n la trascendencia de los procesos nacionales e internacionales para conservar y utilizar sustentablemente la biodiversidad, sobre todo en contextos como el que se vive actualmente derivado de la pandemia por COVID-19, en donde qued\u00f3 de manifiesto que las afectaciones a la naturaleza no se limitan al medio ambiente, resaltando a su vez la cooperaci\u00f3n entre jurisdicciones subnacionales como pieza clave para enfrentar las crisis globales.<\/p>\n\n\n\n<p>La adopci\u00f3n del Marco Global de Diversidad Biol\u00f3gica Posterior a 2020 por parte de los gobiernos subnacionales, ser\u00e1 fundamental para el cumplimiento de acciones m\u00e1s ambiciosas que permitan situar a la naturaleza en la ruta de su conservaci\u00f3n y restauraci\u00f3n al 2030, logrando una verdadera coexistencia arm\u00f3nica con ella al 2050.<\/p>\n\n\n\n<p>Entre los compromisos adquiridos destacan: fortalecer las capacidades t\u00e9cnicas, en coordinaci\u00f3n con los centros de investigaci\u00f3n y universidades locales, para ejecutar acciones que impulsen los cambios, con el prop\u00f3sito de alcanzar la misi\u00f3n para 2030.<\/p>\n\n\n\n<p>As\u00ed como, alinear las estrategias estatales de biodiversidad y otros instrumentos locales de planeaci\u00f3n con los compromisos nacionales para el cumplimiento del Marco Global de Diversidad Biol\u00f3gica Posterior a 2020, adem\u00e1s de fortalecer la legislaci\u00f3n subnacional, en armon\u00eda con la nacional, para garantizar la corresponsabilidad de los sectores productivos y de la sociedad en general, en la conservaci\u00f3n y el uso sustentable de la biodiversidad.<\/p>\n\n\n\n<figure class=\"wp-block-image size-large\"><img loading=\"lazy\" decoding=\"async\" width=\"1024\" height=\"634\" src=\"http:\/\/vertienteglobal.com\/wp-content\/uploads\/2023\/01\/SEMA-Declaratoria-01-1024x634.jpeg\" alt=\"\" class=\"wp-image-211877\" srcset=\"http:\/\/vertienteglobal.com\/wp-content\/uploads\/2023\/01\/SEMA-Declaratoria-01-1024x634.jpeg 1024w, http:\/\/vertienteglobal.com\/wp-content\/uploads\/2023\/01\/SEMA-Declaratoria-01-300x186.jpeg 300w, http:\/\/vertienteglobal.com\/wp-content\/uploads\/2023\/01\/SEMA-Declaratoria-01-150x93.jpeg 150w, http:\/\/vertienteglobal.com\/wp-content\/uploads\/2023\/01\/SEMA-Declaratoria-01-768x475.jpeg 768w, http:\/\/vertienteglobal.com\/wp-content\/uploads\/2023\/01\/SEMA-Declaratoria-01.jpeg 1170w\" sizes=\"auto, (max-width: 1024px) 100vw, 1024px\" \/><\/figure>\n","protected":false},"excerpt":{"rendered":"<p>(Redaccion) Las y los signatarios se comprometen al cumplimiento de acciones para situar a la naturaleza en la ruta de su conservaci\u00f3n y restauraci\u00f3n al 2030 Chetuma, Quintana Roo.- El gobierno del Estado que encabeza Mara Lezama Espinosa a trav\u00e9s de la Secretar\u00eda de Ecolog\u00eda y Medio Ambiente firm\u00f3 la Declaratoria de Gobiernos Subnacionales para [&hellip;]<\/p>\n","protected":false},"author":1,"featured_media":211877,"comment_status":"open","ping_status":"open","sticky":false,"template":"","format":"standard","meta":{"footnotes":""},"categories":[8,3,2],"tags":[],"class_list":["post-211875","post","type-post","status-publish","format-standard","has-post-thumbnail","hentry","category-pais","category-quintana-roo","category-yucatan","entry","has-media"],"jetpack_featured_media_url":"http:\/\/vertienteglobal.com\/wp-content\/uploads\/2023\/01\/SEMA-Declaratoria-01.jpeg","_links":{"self":[{"href":"http:\/\/vertienteglobal.com\/index.php?rest_route=\/wp\/v2\/posts\/211875","targetHints":{"allow":["GET"]}}],"collection":[{"href":"http:\/\/vertienteglobal.com\/index.php?rest_route=\/wp\/v2\/posts"}],"about":[{"href":"http:\/\/vertienteglobal.com\/index.php?rest_route=\/wp\/v2\/types\/post"}],"author":[{"embeddable":true,"href":"http:\/\/vertienteglobal.com\/index.php?rest_route=\/wp\/v2\/users\/1"}],"replies":[{"embeddable":true,"href":"http:\/\/vertienteglobal.com\/index.php?rest_route=%2Fwp%2Fv2%2Fcomments&post=211875"}],"version-history":[{"count":0,"href":"http:\/\/vertienteglobal.com\/index.php?rest_route=\/wp\/v2\/posts\/211875\/revisions"}],"wp:featuredmedia":[{"embeddable":true,"href":"http:\/\/vertienteglobal.com\/index.php?rest_route=\/wp\/v2\/media\/211877"}],"wp:attachment":[{"href":"http:\/\/vertienteglobal.com\/index.php?rest_route=%2Fwp%2Fv2%2Fmedia&parent=211875"}],"wp:term":[{"taxonomy":"category","embeddable":true,"href":"http:\/\/vertienteglobal.com\/index.php?rest_route=%2Fwp%2Fv2%2Fcategories&post=211875"},{"taxonomy":"post_tag","embeddable":true,"href":"http:\/\/vertienteglobal.com\/index.php?rest_route=%2Fwp%2Fv2%2Ftags&post=211875"}],"curies":[{"name":"wp","href":"https:\/\/api.w.org\/{rel}","templated":true}]}}