{"id":211649,"date":"2023-01-05T18:52:00","date_gmt":"2023-01-06T00:52:00","guid":{"rendered":"http:\/\/vertienteglobal.com\/?p=211649"},"modified":"2023-01-05T20:20:16","modified_gmt":"2023-01-06T02:20:16","slug":"la-fpmc-invita-al-festival-de-reyes-magos","status":"publish","type":"post","link":"http:\/\/vertienteglobal.com\/?p=211649","title":{"rendered":"La FPMC invita al Festival de Reyes Magos"},"content":{"rendered":"\n<div class=\"twitterbutton\" style=\"float: right; padding-left: 5px;\"><a href=\"http:\/\/twitter.com\/share\" class=\"twitter-share-button\" data-count=\"horizontal\" data-text=\"La FPMC invita al Festival de Reyes Magos\" data-via=\"https:\/\/twitter.com\/VertienteGloba1\" data-url=\"http:\/\/vertienteglobal.com\/?p=211649\" data-lang=\"es\" data-related=\"Informaci\u00f3n general:S\u00edguenos para que est\u00e9ss informado\"><\/a><\/div>\n<figure class=\"wp-block-image size-large\"><img loading=\"lazy\" decoding=\"async\" width=\"1024\" height=\"768\" src=\"http:\/\/vertienteglobal.com\/wp-content\/uploads\/2023\/01\/FPMC-FestivalReyes-1024x768.jpeg\" alt=\"\" class=\"wp-image-211650\" srcset=\"http:\/\/vertienteglobal.com\/wp-content\/uploads\/2023\/01\/FPMC-FestivalReyes-1024x768.jpeg 1024w, http:\/\/vertienteglobal.com\/wp-content\/uploads\/2023\/01\/FPMC-FestivalReyes-300x225.jpeg 300w, http:\/\/vertienteglobal.com\/wp-content\/uploads\/2023\/01\/FPMC-FestivalReyes-150x113.jpeg 150w, http:\/\/vertienteglobal.com\/wp-content\/uploads\/2023\/01\/FPMC-FestivalReyes-768x576.jpeg 768w, http:\/\/vertienteglobal.com\/wp-content\/uploads\/2023\/01\/FPMC-FestivalReyes-1536x1153.jpeg 1536w, http:\/\/vertienteglobal.com\/wp-content\/uploads\/2023\/01\/FPMC-FestivalReyes.jpeg 1599w\" sizes=\"auto, (max-width: 1024px) 100vw, 1024px\" \/><\/figure>\n\n\n\n<p>(Redaccion)<\/p>\n\n\n\n<p>Fomento de las tradiciones y la convivencia social<\/p>\n\n\n\n<p>Cozumel, Quintana Roo 05 de enero 2023.- Con el objetivo de fomentar las tradiciones, fortalecer los valores y la convivencia familiar, la Fundaci\u00f3n de Parques y Museos de Cozumel (FPMC) invita a la comunidad al \u201cFestival del D\u00eda de Reyes Magos\u201d, que se realizar\u00e1 este domingo 8 de enero, a las 5 de la tarde en el domo del parque de la colonia San Gervasio, donde habr\u00e1 rifas de regalos, m\u00fasica en vivo, show de botargas y muchas sorpresas m\u00e1s.<\/p>\n\n\n\n<p>Jos\u00e9 Luis Chac\u00f3n M\u00e9ndez, director general de la FPMC, expres\u00f3 que con el Nuevo Acuerdo para el Bienestar y Desarrollo de Quintana Roo, que impulsa la gobernadora Mara Lezama Espinosa, y con la uni\u00f3n de todas y todos los cozumele\u00f1os, se lograr\u00e1 reconstruir el tejido social. Destac\u00f3 que la FPMC ha reforzado sus actividades en los primeros 100 d\u00edas de gobierno para acercar a la comunidad sus programas y eventos en los espacios p\u00fablicos de la ciudad.<\/p>\n\n\n\n<p>Resalt\u00f3 que en el \u201cFestival de Reyes Magos\u201d las familias cozumele\u00f1as disfrutar\u00e1n de un evento divertido y de entretenimiento para personas de todas las edades.<\/p>\n\n\n\n<p>Habr\u00e1 m\u00fasica en vivo con el grupo \u201cKarim y su R\u00e1faga de Fuego\u201d, se presentar\u00e1n las alumnas del taller de Bailes Latinos, habr\u00e1 un show infantil de botargas, rifas de regalos, rosca de reyes y muchas sorpresas m\u00e1s.<\/p>\n\n\n\n<p>El director general de la FPMC reiter\u00f3 su compromiso de trabajar de la mano con el gobierno estatal para garantizar que la derrama econ\u00f3mica, generada por la actividad tur\u00edstica, beneficie a todos los cozumele\u00f1os y cozumele\u00f1as, a trav\u00e9s de los programas y actividades que lleva a cabo la instituci\u00f3n.<\/p>\n\n\n\n<p>Para finalizar, reiter\u00f3 la invitaci\u00f3n a la comunidad en general al \u201cFestival del D\u00eda de Reyes\u201d que se realizar\u00e1 el domingo 8 de enero, a las 5 de la tarde, en el domo del parque de la colonia San Gervasio.<\/p>\n","protected":false},"excerpt":{"rendered":"<p>(Redaccion) Fomento de las tradiciones y la convivencia social Cozumel, Quintana Roo 05 de enero 2023.- Con el objetivo de fomentar las tradiciones, fortalecer los valores y la convivencia familiar, la Fundaci\u00f3n de Parques y Museos de Cozumel (FPMC) invita a la comunidad al \u201cFestival del D\u00eda de Reyes Magos\u201d, que se realizar\u00e1 este domingo [&hellip;]<\/p>\n","protected":false},"author":1,"featured_media":211650,"comment_status":"open","ping_status":"open","sticky":false,"template":"","format":"standard","meta":{"footnotes":""},"categories":[3],"tags":[],"class_list":["post-211649","post","type-post","status-publish","format-standard","has-post-thumbnail","hentry","category-quintana-roo","entry","has-media"],"jetpack_featured_media_url":"http:\/\/vertienteglobal.com\/wp-content\/uploads\/2023\/01\/FPMC-FestivalReyes.jpeg","_links":{"self":[{"href":"http:\/\/vertienteglobal.com\/index.php?rest_route=\/wp\/v2\/posts\/211649","targetHints":{"allow":["GET"]}}],"collection":[{"href":"http:\/\/vertienteglobal.com\/index.php?rest_route=\/wp\/v2\/posts"}],"about":[{"href":"http:\/\/vertienteglobal.com\/index.php?rest_route=\/wp\/v2\/types\/post"}],"author":[{"embeddable":true,"href":"http:\/\/vertienteglobal.com\/index.php?rest_route=\/wp\/v2\/users\/1"}],"replies":[{"embeddable":true,"href":"http:\/\/vertienteglobal.com\/index.php?rest_route=%2Fwp%2Fv2%2Fcomments&post=211649"}],"version-history":[{"count":0,"href":"http:\/\/vertienteglobal.com\/index.php?rest_route=\/wp\/v2\/posts\/211649\/revisions"}],"wp:featuredmedia":[{"embeddable":true,"href":"http:\/\/vertienteglobal.com\/index.php?rest_route=\/wp\/v2\/media\/211650"}],"wp:attachment":[{"href":"http:\/\/vertienteglobal.com\/index.php?rest_route=%2Fwp%2Fv2%2Fmedia&parent=211649"}],"wp:term":[{"taxonomy":"category","embeddable":true,"href":"http:\/\/vertienteglobal.com\/index.php?rest_route=%2Fwp%2Fv2%2Fcategories&post=211649"},{"taxonomy":"post_tag","embeddable":true,"href":"http:\/\/vertienteglobal.com\/index.php?rest_route=%2Fwp%2Fv2%2Ftags&post=211649"}],"curies":[{"name":"wp","href":"https:\/\/api.w.org\/{rel}","templated":true}]}}