{"id":211428,"date":"2023-01-02T17:24:00","date_gmt":"2023-01-02T23:24:00","guid":{"rendered":"http:\/\/vertienteglobal.com\/?p=211428"},"modified":"2023-01-03T18:47:26","modified_gmt":"2023-01-04T00:47:26","slug":"capacitan-a-policias-estatales-para-brindar-atencion-profesional-en-quintana-roo","status":"publish","type":"post","link":"http:\/\/vertienteglobal.com\/?p=211428","title":{"rendered":"Capacitan a Polic\u00edas Estatales para brindar atenci\u00f3n profesional en Quintana Roo"},"content":{"rendered":"\n<div class=\"twitterbutton\" style=\"float: right; padding-left: 5px;\"><a href=\"http:\/\/twitter.com\/share\" class=\"twitter-share-button\" data-count=\"horizontal\" data-text=\"Capacitan a Polic\u00edas Estatales para brindar atenci\u00f3n profesional en Quintana R...\" data-via=\"https:\/\/twitter.com\/VertienteGloba1\" data-url=\"http:\/\/vertienteglobal.com\/?p=211428\" data-lang=\"es\" data-related=\"Informaci\u00f3n general:S\u00edguenos para que est\u00e9ss informado\"><\/a><\/div>\n<figure class=\"wp-block-image size-large\"><img loading=\"lazy\" decoding=\"async\" width=\"692\" height=\"360\" src=\"http:\/\/vertienteglobal.com\/wp-content\/uploads\/2023\/01\/WhatsApp-Image-2023-01-02-at-3.11.20-PM-692x360-1.jpeg\" alt=\"\" class=\"wp-image-211430\" srcset=\"http:\/\/vertienteglobal.com\/wp-content\/uploads\/2023\/01\/WhatsApp-Image-2023-01-02-at-3.11.20-PM-692x360-1.jpeg 692w, http:\/\/vertienteglobal.com\/wp-content\/uploads\/2023\/01\/WhatsApp-Image-2023-01-02-at-3.11.20-PM-692x360-1-300x156.jpeg 300w, http:\/\/vertienteglobal.com\/wp-content\/uploads\/2023\/01\/WhatsApp-Image-2023-01-02-at-3.11.20-PM-692x360-1-150x78.jpeg 150w\" sizes=\"auto, (max-width: 692px) 100vw, 692px\" \/><\/figure>\n\n\n\n<p>(Redaccion)<\/p>\n\n\n\n<p>Una de las principales prioridades para esta administraci\u00f3n, es garantizar la seguridad de todas y todos los ciudadanos<\/p>\n\n\n\n<p>Chetumal, Quintana Roo 2 de enero 2023.-A trav\u00e9s de la Secretar\u00eda de Seguridad P\u00fablica se busca tener una polic\u00eda profesional que brinde a la sociedad quintanarroense un servicio de calidad y en estricto apego a los derechos humanos.<\/p>\n\n\n\n<p>Es por lo anterior que el Departamento de Psicolog\u00eda Policial de la Academia Estatal de Seguridad P\u00fablica, imparti\u00f3 pl\u00e1ticas de Contenci\u00f3n Emocional y Comunicaci\u00f3n Asertiva a 39 elementos de la Polic\u00eda Estatal Preventiva de la Zona Norte, y a 15 elementos de la Zona Sur.<\/p>\n\n\n\n<p>Asimismo, participaron en un taller para que el elemento de esta dependencia reconozca la funci\u00f3n de la prensa, as\u00ed como sus derechos y obligaciones apegados al marco jur\u00eddico para el desempe\u00f1o de sus funciones sin reprimir o entorpecer su labor, en el que participaron 407 polic\u00edas.<\/p>\n\n\n\n<p>Dichas pl\u00e1ticas se implementaron con el objetivo de brindar las herramientas psicoemocionales necesarias a las y los elementos policiales, para que pueda ofrecer un mejor servicio a la ciudadan\u00eda, ya que las personas v\u00edctimas de eventos traum\u00e1ticos pueden experimentar desequilibrio emocional y estados cr\u00edticos, los cuales al no recibir la atenci\u00f3n adecuada pueden generar consecuencias negativas.<\/p>\n\n\n\n<p>La ciudadan\u00eda espera de sus polic\u00edas una intervenci\u00f3n oportuna, eficiente, orientadora, respetuosa, responsable y no victimizante, es por ello que a trav\u00e9s de estas capacitaciones tendr\u00e1n los conocimientos para estabilizar emocionalmente a una persona que ha sido perjudicado de un evento inesperado.<\/p>\n\n\n\n<p>La Secretar\u00eda de Seguridad P\u00fablica refrenda su compromiso de prevenir y resguardar la Paz de todas y todos los quintanarroenses.<\/p>\n\n\n\n<figure class=\"wp-block-image size-large\"><img loading=\"lazy\" decoding=\"async\" width=\"1024\" height=\"768\" src=\"http:\/\/vertienteglobal.com\/wp-content\/uploads\/2023\/01\/WhatsApp-Image-2023-01-02-at-3.11.20-PM-1-1024x768.jpeg\" alt=\"\" class=\"wp-image-211429\" srcset=\"http:\/\/vertienteglobal.com\/wp-content\/uploads\/2023\/01\/WhatsApp-Image-2023-01-02-at-3.11.20-PM-1-1024x768.jpeg 1024w, http:\/\/vertienteglobal.com\/wp-content\/uploads\/2023\/01\/WhatsApp-Image-2023-01-02-at-3.11.20-PM-1-300x225.jpeg 300w, http:\/\/vertienteglobal.com\/wp-content\/uploads\/2023\/01\/WhatsApp-Image-2023-01-02-at-3.11.20-PM-1-150x113.jpeg 150w, http:\/\/vertienteglobal.com\/wp-content\/uploads\/2023\/01\/WhatsApp-Image-2023-01-02-at-3.11.20-PM-1-768x576.jpeg 768w, http:\/\/vertienteglobal.com\/wp-content\/uploads\/2023\/01\/WhatsApp-Image-2023-01-02-at-3.11.20-PM-1.jpeg 1280w\" sizes=\"auto, (max-width: 1024px) 100vw, 1024px\" \/><\/figure>\n","protected":false},"excerpt":{"rendered":"<p>(Redaccion) Una de las principales prioridades para esta administraci\u00f3n, es garantizar la seguridad de todas y todos los ciudadanos Chetumal, Quintana Roo 2 de enero 2023.-A trav\u00e9s de la Secretar\u00eda de Seguridad P\u00fablica se busca tener una polic\u00eda profesional que brinde a la sociedad quintanarroense un servicio de calidad y en estricto apego a los [&hellip;]<\/p>\n","protected":false},"author":1,"featured_media":211430,"comment_status":"open","ping_status":"open","sticky":false,"template":"","format":"standard","meta":{"footnotes":""},"categories":[3],"tags":[],"class_list":["post-211428","post","type-post","status-publish","format-standard","has-post-thumbnail","hentry","category-quintana-roo","entry","has-media"],"jetpack_featured_media_url":"http:\/\/vertienteglobal.com\/wp-content\/uploads\/2023\/01\/WhatsApp-Image-2023-01-02-at-3.11.20-PM-692x360-1.jpeg","_links":{"self":[{"href":"http:\/\/vertienteglobal.com\/index.php?rest_route=\/wp\/v2\/posts\/211428","targetHints":{"allow":["GET"]}}],"collection":[{"href":"http:\/\/vertienteglobal.com\/index.php?rest_route=\/wp\/v2\/posts"}],"about":[{"href":"http:\/\/vertienteglobal.com\/index.php?rest_route=\/wp\/v2\/types\/post"}],"author":[{"embeddable":true,"href":"http:\/\/vertienteglobal.com\/index.php?rest_route=\/wp\/v2\/users\/1"}],"replies":[{"embeddable":true,"href":"http:\/\/vertienteglobal.com\/index.php?rest_route=%2Fwp%2Fv2%2Fcomments&post=211428"}],"version-history":[{"count":0,"href":"http:\/\/vertienteglobal.com\/index.php?rest_route=\/wp\/v2\/posts\/211428\/revisions"}],"wp:featuredmedia":[{"embeddable":true,"href":"http:\/\/vertienteglobal.com\/index.php?rest_route=\/wp\/v2\/media\/211430"}],"wp:attachment":[{"href":"http:\/\/vertienteglobal.com\/index.php?rest_route=%2Fwp%2Fv2%2Fmedia&parent=211428"}],"wp:term":[{"taxonomy":"category","embeddable":true,"href":"http:\/\/vertienteglobal.com\/index.php?rest_route=%2Fwp%2Fv2%2Fcategories&post=211428"},{"taxonomy":"post_tag","embeddable":true,"href":"http:\/\/vertienteglobal.com\/index.php?rest_route=%2Fwp%2Fv2%2Ftags&post=211428"}],"curies":[{"name":"wp","href":"https:\/\/api.w.org\/{rel}","templated":true}]}}