{"id":211414,"date":"2023-01-02T14:36:00","date_gmt":"2023-01-02T20:36:00","guid":{"rendered":"http:\/\/vertienteglobal.com\/?p=211414"},"modified":"2023-01-03T18:47:29","modified_gmt":"2023-01-04T00:47:29","slug":"migrantes-protestan-en-tapachula-chiapas-para-exigir-asilo","status":"publish","type":"post","link":"http:\/\/vertienteglobal.com\/?p=211414","title":{"rendered":"Migrantes protestan en Tapachula, Chiapas, para exigir asilo"},"content":{"rendered":"\n<div class=\"twitterbutton\" style=\"float: right; padding-left: 5px;\"><a href=\"http:\/\/twitter.com\/share\" class=\"twitter-share-button\" data-count=\"horizontal\" data-text=\"Migrantes protestan en Tapachula, Chiapas, para exigir asilo\" data-via=\"https:\/\/twitter.com\/VertienteGloba1\" data-url=\"http:\/\/vertienteglobal.com\/?p=211414\" data-lang=\"es\" data-related=\"Informaci\u00f3n general:S\u00edguenos para que est\u00e9ss informado\"><\/a><\/div>\n<figure class=\"wp-block-image size-large\"><img loading=\"lazy\" decoding=\"async\" width=\"1024\" height=\"576\" src=\"http:\/\/vertienteglobal.com\/wp-content\/uploads\/2023\/01\/195690.jpg\" alt=\"\" class=\"wp-image-211415\" srcset=\"http:\/\/vertienteglobal.com\/wp-content\/uploads\/2023\/01\/195690.jpg 1024w, http:\/\/vertienteglobal.com\/wp-content\/uploads\/2023\/01\/195690-300x169.jpg 300w, http:\/\/vertienteglobal.com\/wp-content\/uploads\/2023\/01\/195690-150x84.jpg 150w, http:\/\/vertienteglobal.com\/wp-content\/uploads\/2023\/01\/195690-768x432.jpg 768w\" sizes=\"auto, (max-width: 1024px) 100vw, 1024px\" \/><\/figure>\n\n\n\n<p>(Redacci\u00f3n\/Agencia)<\/p>\n\n\n\n<p>Los indocumentados, en su mayor\u00eda haitianos, venezolanos, cubanos, peruanos, paname\u00f1os y de otros pa\u00edses de Centroam\u00e9rica, se amontonaron ante la escasa presencia de las autoridades<\/p>\n\n\n\n<p>Tapachula, Chiapas 2 de enero 2923.-Alrededor de 5 migrantes de diversas nacionalidades protestaron este lunes a las afueras de las oficinas de la Comisi\u00f3n Mexicana de Ayuda a Refugiados (Comar). en Tapachula, Chiapas.<\/p>\n\n\n\n<p>De acuerdo con reportes, los migrantes se congregaron desde el fin de semana, por lo que crearon una larga fila y cerraron una calle por completo a las afueras de la Comar.<\/p>\n\n\n\n<p>Los indocumentados, en su mayor\u00eda haitianos, venezolanos, cubanos, peruanos, paname\u00f1os y de otros pa\u00edses de Centroam\u00e9rica, se amontonaron ante la escasa presencia de las autoridades.<\/p>\n\n\n\n<p>\u201cNosotros entramos el 31 de diciembre, vimos gran aglomeraci\u00f3n de personas, se convierte en un verdadero caos y desorden, por lo que es importante que se tome cartas en el asunto por parte de las autoridades, porque esto puede salirse de control\u201d, coment\u00f3 a EFE el cubano Jordi Armando.<\/p>\n\n\n\n<p>Ante las protestas, funcionarios de la Comar avisaron a los migrantes que atender\u00e1n \u00fanicamente a familias con ni\u00f1os, por lo que las dem\u00e1s personas adultas tendr\u00e1n que esperar su turno en las filas.(Fuente: EFE)<\/p>\n","protected":false},"excerpt":{"rendered":"<p>(Redacci\u00f3n\/Agencia) Los indocumentados, en su mayor\u00eda haitianos, venezolanos, cubanos, peruanos, paname\u00f1os y de otros pa\u00edses de Centroam\u00e9rica, se amontonaron ante la escasa presencia de las autoridades Tapachula, Chiapas 2 de enero 2923.-Alrededor de 5 migrantes de diversas nacionalidades protestaron este lunes a las afueras de las oficinas de la Comisi\u00f3n Mexicana de Ayuda a Refugiados [&hellip;]<\/p>\n","protected":false},"author":1,"featured_media":211415,"comment_status":"open","ping_status":"open","sticky":false,"template":"","format":"standard","meta":{"footnotes":""},"categories":[6,8],"tags":[],"class_list":["post-211414","post","type-post","status-publish","format-standard","has-post-thumbnail","hentry","category-chiapas","category-pais","entry","has-media"],"jetpack_featured_media_url":"http:\/\/vertienteglobal.com\/wp-content\/uploads\/2023\/01\/195690.jpg","_links":{"self":[{"href":"http:\/\/vertienteglobal.com\/index.php?rest_route=\/wp\/v2\/posts\/211414","targetHints":{"allow":["GET"]}}],"collection":[{"href":"http:\/\/vertienteglobal.com\/index.php?rest_route=\/wp\/v2\/posts"}],"about":[{"href":"http:\/\/vertienteglobal.com\/index.php?rest_route=\/wp\/v2\/types\/post"}],"author":[{"embeddable":true,"href":"http:\/\/vertienteglobal.com\/index.php?rest_route=\/wp\/v2\/users\/1"}],"replies":[{"embeddable":true,"href":"http:\/\/vertienteglobal.com\/index.php?rest_route=%2Fwp%2Fv2%2Fcomments&post=211414"}],"version-history":[{"count":0,"href":"http:\/\/vertienteglobal.com\/index.php?rest_route=\/wp\/v2\/posts\/211414\/revisions"}],"wp:featuredmedia":[{"embeddable":true,"href":"http:\/\/vertienteglobal.com\/index.php?rest_route=\/wp\/v2\/media\/211415"}],"wp:attachment":[{"href":"http:\/\/vertienteglobal.com\/index.php?rest_route=%2Fwp%2Fv2%2Fmedia&parent=211414"}],"wp:term":[{"taxonomy":"category","embeddable":true,"href":"http:\/\/vertienteglobal.com\/index.php?rest_route=%2Fwp%2Fv2%2Fcategories&post=211414"},{"taxonomy":"post_tag","embeddable":true,"href":"http:\/\/vertienteglobal.com\/index.php?rest_route=%2Fwp%2Fv2%2Ftags&post=211414"}],"curies":[{"name":"wp","href":"https:\/\/api.w.org\/{rel}","templated":true}]}}