{"id":211411,"date":"2023-01-02T16:42:00","date_gmt":"2023-01-02T22:42:00","guid":{"rendered":"http:\/\/vertienteglobal.com\/?p=211411"},"modified":"2023-01-03T18:47:26","modified_gmt":"2023-01-04T00:47:26","slug":"guillermo-valls-esponda-es-elegido-como-nuevo-presidente-del-tfja","status":"publish","type":"post","link":"http:\/\/vertienteglobal.com\/?p=211411","title":{"rendered":"Guillermo Valls Esponda es elegido como nuevo presidente del TFJA"},"content":{"rendered":"\n<div class=\"twitterbutton\" style=\"float: right; padding-left: 5px;\"><a href=\"http:\/\/twitter.com\/share\" class=\"twitter-share-button\" data-count=\"horizontal\" data-text=\"Guillermo Valls Esponda es elegido como nuevo presidente del TFJA\" data-via=\"https:\/\/twitter.com\/VertienteGloba1\" data-url=\"http:\/\/vertienteglobal.com\/?p=211411\" data-lang=\"es\" data-related=\"Informaci\u00f3n general:S\u00edguenos para que est\u00e9ss informado\"><\/a><\/div>\n<figure class=\"wp-block-image size-large\"><img loading=\"lazy\" decoding=\"async\" width=\"1024\" height=\"683\" src=\"http:\/\/vertienteglobal.com\/wp-content\/uploads\/2023\/01\/195699.jpg\" alt=\"\" class=\"wp-image-211412\" srcset=\"http:\/\/vertienteglobal.com\/wp-content\/uploads\/2023\/01\/195699.jpg 1024w, http:\/\/vertienteglobal.com\/wp-content\/uploads\/2023\/01\/195699-300x200.jpg 300w, http:\/\/vertienteglobal.com\/wp-content\/uploads\/2023\/01\/195699-150x100.jpg 150w, http:\/\/vertienteglobal.com\/wp-content\/uploads\/2023\/01\/195699-768x512.jpg 768w\" sizes=\"auto, (max-width: 1024px) 100vw, 1024px\" \/><\/figure>\n\n\n\n<p>(Redacci\u00f3n)<\/p>\n\n\n\n<p>El Magistrado Valls Esponda contendi\u00f3 por la presidencia del Tribunal con la Magistrada Luz Mar\u00eda Anaya Dom\u00ednguez y el Magistrado Juli\u00e1n Olivas Ugalde, quienes en la declaratoria de votaci\u00f3n obtuvieron cuatro y dos votos, respectivamente<\/p>\n\n\n\n<p>Ciudad de M\u00e9xico 2 de enero 2023.-Este lunes, el Pleno General de la Sala Superior del Tribunal Federal de Justicia Administrativa eligi\u00f3 al Magistrado Guillermo Valls Esponda como nuevo presidente del TFJA para el trienio 2023-2025.<\/p>\n\n\n\n<p>Fue electo en primera ronda, con una clara mayor\u00eda al obtener nueve votos a favor. El nuevo Magistrado Presidente rindi\u00f3 su protesta de ley y se comprometi\u00f3 a desempe\u00f1ar su encargo con honradez y eficiencia, en un marco de absoluta transparencia de su gesti\u00f3n.<\/p>\n\n\n\n<p>El Magistrado Valls Esponda contendi\u00f3 por la presidencia del Tribunal con la Magistrada Luz Mar\u00eda Anaya Dom\u00ednguez y el Magistrado Juli\u00e1n Olivas Ugalde, quienes en la declaratoria de votaci\u00f3n obtuvieron cuatro y dos votos, respectivamente.<\/p>\n\n\n\n<p>Se detall\u00f3 que al presentar ante el Pleno su propuesta de Plan de Acci\u00f3n, que denomin\u00f3 &#8216;Justicia Administrativa al alcance de las personas&#8217; el Magistrado Guillermo Valls detall\u00f3 cada uno de los ocho puntos que lo conforman.(Fuente:ElEconomista)<\/p>\n","protected":false},"excerpt":{"rendered":"<p>(Redacci\u00f3n) El Magistrado Valls Esponda contendi\u00f3 por la presidencia del Tribunal con la Magistrada Luz Mar\u00eda Anaya Dom\u00ednguez y el Magistrado Juli\u00e1n Olivas Ugalde, quienes en la declaratoria de votaci\u00f3n obtuvieron cuatro y dos votos, respectivamente Ciudad de M\u00e9xico 2 de enero 2023.-Este lunes, el Pleno General de la Sala Superior del Tribunal Federal de [&hellip;]<\/p>\n","protected":false},"author":1,"featured_media":211412,"comment_status":"open","ping_status":"open","sticky":false,"template":"","format":"standard","meta":{"footnotes":""},"categories":[8],"tags":[],"class_list":["post-211411","post","type-post","status-publish","format-standard","has-post-thumbnail","hentry","category-pais","entry","has-media"],"jetpack_featured_media_url":"http:\/\/vertienteglobal.com\/wp-content\/uploads\/2023\/01\/195699.jpg","_links":{"self":[{"href":"http:\/\/vertienteglobal.com\/index.php?rest_route=\/wp\/v2\/posts\/211411","targetHints":{"allow":["GET"]}}],"collection":[{"href":"http:\/\/vertienteglobal.com\/index.php?rest_route=\/wp\/v2\/posts"}],"about":[{"href":"http:\/\/vertienteglobal.com\/index.php?rest_route=\/wp\/v2\/types\/post"}],"author":[{"embeddable":true,"href":"http:\/\/vertienteglobal.com\/index.php?rest_route=\/wp\/v2\/users\/1"}],"replies":[{"embeddable":true,"href":"http:\/\/vertienteglobal.com\/index.php?rest_route=%2Fwp%2Fv2%2Fcomments&post=211411"}],"version-history":[{"count":0,"href":"http:\/\/vertienteglobal.com\/index.php?rest_route=\/wp\/v2\/posts\/211411\/revisions"}],"wp:featuredmedia":[{"embeddable":true,"href":"http:\/\/vertienteglobal.com\/index.php?rest_route=\/wp\/v2\/media\/211412"}],"wp:attachment":[{"href":"http:\/\/vertienteglobal.com\/index.php?rest_route=%2Fwp%2Fv2%2Fmedia&parent=211411"}],"wp:term":[{"taxonomy":"category","embeddable":true,"href":"http:\/\/vertienteglobal.com\/index.php?rest_route=%2Fwp%2Fv2%2Fcategories&post=211411"},{"taxonomy":"post_tag","embeddable":true,"href":"http:\/\/vertienteglobal.com\/index.php?rest_route=%2Fwp%2Fv2%2Ftags&post=211411"}],"curies":[{"name":"wp","href":"https:\/\/api.w.org\/{rel}","templated":true}]}}